{"id":261882,"date":"2025-11-29T10:35:08","date_gmt":"2025-11-29T10:35:08","guid":{"rendered":"https:\/\/www.europesays.com\/es\/261882\/"},"modified":"2025-11-29T10:35:08","modified_gmt":"2025-11-29T10:35:08","slug":"diaz-acusa-a-feijoo-de-perder-su-credibilidad-democratica","status":"publish","type":"post","link":"https:\/\/www.europesays.com\/es\/261882\/","title":{"rendered":"D\u00edaz acusa a Feij\u00f3o de perder su \u00abcredibilidad democr\u00e1tica\u00bb"},"content":{"rendered":"<p>La vicepresidenta segunda y ministra de Trabajo, <strong>Yolanda D\u00edaz<\/strong>, ha acusado al l\u00edder del PP, <strong>Alberto N\u00fa\u00f1ez Feij\u00f3o<\/strong>, de haber perdido toda \u00abcredibilidad\u00bb por reclamar el apoyo del empresariado catal\u00e1n para tumbar al Gobierno.<\/p>\n<p>\u00abLe quiero mandar un mensaje al se\u00f1or Feij\u00f3o. En Espa\u00f1a mandan los ciudadanos y las ciudadanas votando, <strong>no mandan las \u00e9lites empresariales<\/strong>\u00ab, ha sostenido D\u00edaz en una rueda de prensa en Ciudad de M\u00e9xico, donde se encuentra de visita. \u00abLo que hace el se\u00f1or Feij\u00f3o es grav\u00edsimo, le pide al empresariado catal\u00e1n y espa\u00f1ol que act\u00fae en contra del Gobierno de Espa\u00f1a. Yo creo que cuando un dirigente pol\u00edtico hace eso pierde su totalmente credibilidad democr\u00e1tica. (&#8230;) Hace un llamamiento para derribar el Gobierno de Espa\u00f1a\u00bb, ha agregado.<\/p>\n<p>Feij\u00f3o reclam\u00f3 este viernes ante Foment del Treball los votos de \u00ablos suyos\u00bb para que <a href=\"https:\/\/www.rtve.es\/noticias\/20251128\/pp-gobierno-elecciones-entrada-prision-abalos\/16836143.shtml\" target=\"_blank\" rel=\"nofollow noopener\">prospere una moci\u00f3n de censura contra Pedro S\u00e1nchez<\/a> con el \u00ab\u00fanico compromiso\u00bb de convocar elecciones, aludiendo textualmente a empresarios que pudieran ser votantes tanto de Junts como de ERC.<\/p>\n<p>\u00d3rdago a los empresarios<\/p>\n<p>D\u00edaz ha aprovechado la ocasi\u00f3n tambi\u00e9n para lanzar un dardo a los empresarios: \u00abLa patronal espa\u00f1ola le tiene que decir a los espa\u00f1oles de qu\u00e9 lado est\u00e1 si del papel institucional que ven\u00edan jugando en defensa leg\u00edtima de los intereses de las empresas o est\u00e1n al servicio de la extrema derecha y de Feij\u00f3o<strong> \u00bfDe qu\u00e9 lado est\u00e1n?<\/strong>\u00ab, ha cuestionado. <\/p>\n<p>La vicepresidenta espa\u00f1ola ha mantenido este viernes una reuni\u00f3n en la capital mexicana con el secretario de Trabajo de M\u00e9xico, Marath Baruch Bola\u00f1os; y tiene previsto participar el s\u00e1bado en la Feria Internacional del Libro (FIL) de Guadalajara, oeste de M\u00e9xico, el mayor certamen editorial del mundo en espa\u00f1ol y que tiene como invitada especial a Barcelona.<\/p>\n<p>Desde all\u00ed, la ministra de Trabajo ve como \u00abpositivos\u00bb los \u00abpasos tranquilos\u00bb que se est\u00e1n dando con M\u00e9xico para <strong>normalizar las relaciones<\/strong>, al subrayar que es importante una \u00abrelectura compartida\u00bb de la historia en la que <strong>se \u00abreconozcan las injusticias y los claroscuros\u00bb<\/strong>.<\/p>\n","protected":false},"excerpt":{"rendered":"La vicepresidenta segunda y ministra de Trabajo, Yolanda D\u00edaz, ha acusado al l\u00edder del PP, Alberto N\u00fa\u00f1ez Feij\u00f3o,&hellip;\n","protected":false},"author":2,"featured_media":261883,"comment_status":"","ping_status":"","sticky":false,"template":"","format":"standard","meta":{"footnotes":""},"categories":[8],"tags":[17,18,25,24,13,14,11,19,20,9,10,15,16,23,12,21,22],"class_list":{"0":"post-261882","1":"post","2":"type-post","3":"status-publish","4":"format-standard","5":"has-post-thumbnail","7":"category-espana","8":"tag-breaking-news","9":"tag-breakingnews","10":"tag-es","11":"tag-espana","12":"tag-featured-news","13":"tag-featurednews","14":"tag-headlines","15":"tag-latest-news","16":"tag-latestnews","17":"tag-news","18":"tag-noticias","19":"tag-noticias-destacadas","20":"tag-noticiasdestacadas","21":"tag-spain","22":"tag-titulares","23":"tag-ultimas-noticias","24":"tag-ultimasnoticias"},"share_on_mastodon":{"url":"https:\/\/pubeurope.com\/@es\/115632545910989231","error":""},"_links":{"self":[{"href":"https:\/\/www.europesays.com\/es\/wp-json\/wp\/v2\/posts\/261882","targetHints":{"allow":["GET"]}}],"collection":[{"href":"https:\/\/www.europesays.com\/es\/wp-json\/wp\/v2\/posts"}],"about":[{"href":"https:\/\/www.europesays.com\/es\/wp-json\/wp\/v2\/types\/post"}],"author":[{"embeddable":true,"href":"https:\/\/www.europesays.com\/es\/wp-json\/wp\/v2\/users\/2"}],"replies":[{"embeddable":true,"href":"https:\/\/www.europesays.com\/es\/wp-json\/wp\/v2\/comments?post=261882"}],"version-history":[{"count":0,"href":"https:\/\/www.europesays.com\/es\/wp-json\/wp\/v2\/posts\/261882\/revisions"}],"wp:featuredmedia":[{"embeddable":true,"href":"https:\/\/www.europesays.com\/es\/wp-json\/wp\/v2\/media\/261883"}],"wp:attachment":[{"href":"https:\/\/www.europesays.com\/es\/wp-json\/wp\/v2\/media?parent=261882"}],"wp:term":[{"taxonomy":"category","embeddable":true,"href":"https:\/\/www.europesays.com\/es\/wp-json\/wp\/v2\/categories?post=261882"},{"taxonomy":"post_tag","embeddable":true,"href":"https:\/\/www.europesays.com\/es\/wp-json\/wp\/v2\/tags?post=261882"}],"curies":[{"name":"wp","href":"https:\/\/api.w.org\/{rel}","templated":true}]}}