{"id":261884,"date":"2025-11-29T10:36:13","date_gmt":"2025-11-29T10:36:13","guid":{"rendered":"https:\/\/www.europesays.com\/es\/261884\/"},"modified":"2025-11-29T10:36:13","modified_gmt":"2025-11-29T10:36:13","slug":"santa-cruz-recoge-alrededor-de-300-toneladas-de-enseres-en-el-mes-de-octubre","status":"publish","type":"post","link":"https:\/\/www.europesays.com\/es\/261884\/","title":{"rendered":"Santa Cruz recoge alrededor de 300 toneladas de enseres en el mes de octubre"},"content":{"rendered":"<p>La retirada de estos residuos aumenta un 14,54% con respecto al mismo mes de 2024 en el municipio capitalino.<\/p>\n<p>El Ayuntamiento de Santa Cruz de Tenerife, a trav\u00e9s de la empresa concesionaria del servicio de limpieza Valoriza Servicios Medioambientales SA, ha recopilado un total de 288.660 kilos de muebles y enseres dom\u00e9sticos en octubre, lo que representa un incremento del 14,54% respecto al mismo mes de 2024. El servicio ha recogido un total de 2.424.260 kilos de este tipo de residuos desde el mes de enero.<\/p>\n<p>El alcalde de Santa Cruz de Tenerife, Jos\u00e9 Manuel Berm\u00fadez, resalta el valor de los datos registrados e insiste en la importancia de no depositar residuos en la v\u00eda p\u00fablica y aprovechar los servicios municipales habilitados para su retirada efectiva. \u201cHemos reforzado los canales de comunicaci\u00f3n entre la ciudadan\u00eda y el servicio para facilitar que los propios vecinos y vecinas soliciten la recogida de enseres. De esta forma, evitamos su abandono en las calles de nuestro municipio, una pr\u00e1ctica que acarrea multas y sanciones\u201d, recuerda.<\/p>\n<p>En la misma l\u00ednea, el primer teniente de alcalde y concejal de Servicios P\u00fablicos, Carlos Tarife, subraya la necesidad de aplicar en el d\u00eda a d\u00eda la regla de las tres erres: reducir, reutilizar y reciclar. \u201cDebemos tenerlas presentes y, antes de deshacernos de un enser, valorar si es posible darle una segunda vida\u201d, se\u00f1ala.<\/p>\n<p>Cuando esto no sea posible, remarca, \u201ces fundamental que los vecinos y vecinas soliciten el servicio de recogida para evitar la presencia incontrolada de residuos que afean la imagen de Santa Cruz, generan riesgos para la seguridad y la salud de la ciudadan\u00eda y, adem\u00e1s, acarrean sanciones que oscilan entre los 2.000 y los 100.000 euros\u201d.<\/p>\n<p>En este sentido, las personas interesadas pueden ponerse en contacto con Valoriza Servicios Medioambientales a trav\u00e9s del tel\u00e9fono 922 22 48 49 para solicitar la recogida gratuita de sus enseres dom\u00e9sticos. Tambi\u00e9n puede realizarse la solicitud a trav\u00e9s del formulario web disponible en <a href=\"https:\/\/santacruzlimpia.es\/recogida-de-enseres\/\" target=\"_blank\" style=\"color:blue; text-decoration:underline\" rel=\"nofollow noopener\">https:\/\/santacruzlimpia.es\/recogida-de-enseres\/<\/a>.<\/p>\n<p><b>M\u00e1s de 400 toneladas de papel y cart\u00f3n<\/b><\/p>\n<p>Junto a la fracci\u00f3n de enseres, se ha recopilado un total de 416.800 kilos de papel y cart\u00f3n en octubre, lo que representa un incremento del 9% respecto al mismo mes de 2024.<\/p>\n<p>En comparaci\u00f3n con este periodo, se han recogido 34.420 kilos m\u00e1s de papel y cart\u00f3n, una evoluci\u00f3n que desde el Ayuntamiento consideran como \u201cun indicador positivo del impacto de las campa\u00f1as de concienciaci\u00f3n y de la mejora en la recogida selectiva\u201d por parte de la ciudadan\u00eda chicharrera.<\/p>\n<p>Otro dato destacado del balance de octubre de 2025 es la recogida de residuos de aparatos el\u00e9ctricos y electr\u00f3nicos (RAEE), que alcanz\u00f3 los 20.540 kilos, la cifra m\u00e1s alta registrada del a\u00f1o en curso. Este volumen supone un incremento del 28,77% respecto al mismo mes del a\u00f1o anterior, situando el acumulado anual cerca de las 120 toneladas.<\/p>\n<p>Entre los doce tipos de residuos que pertenecen a este grupo y admite el punto limpio m\u00f3vil se encuentran los peque\u00f1os aparatos el\u00e9ctricos y electr\u00f3nicos, es decir, dispositivos de menos de 50 cent\u00edmetros y que no incorporan pantallas LCD o led.<\/p>\n<p>El servicio itinerante, cuya ubicaci\u00f3n puede consultarse en www.santacruzlimpia.es, est\u00e1 gestionado por personal del servicio de limpieza desde las 07:00 hasta las 19:00 horas de manera ininterrumpida de lunes a viernes, y s\u00e1bados de 09:00 a 19:00 horas.<\/p>\n<p><b>Incremento de un 24,15% en la fracci\u00f3n org\u00e1nica<\/b><\/p>\n<p>Tambi\u00e9n resalta el aumento en la recogida de residuos org\u00e1nicos, con 194.460 kilos, lo que representa un 24,15% m\u00e1s que los 156.620 kilos registrados en octubre de 2024. Actualmente, el municipio dispone de m\u00e1s de 400 contenedores marrones distribuidos en los distritos de Salud-La Salle y Centro-Ifara, con el objetivo de extender progresivamente su implantaci\u00f3n al resto de la ciudad. <\/p>\n<p>El Ayuntamiento de Santa Cruz de Tenerife recuerda la importancia de utilizar correctamente el quinto contenedor y de reciclar adecuadamente los residuos org\u00e1nicos. Su tratamiento especializado permite reducir la cantidad de desechos que terminan en el vertedero y potencia la separaci\u00f3n en origen, la reutilizaci\u00f3n y el reciclaje, especialmente en lo referente al compost generado a partir de esta fracci\u00f3n.<\/p>\n<p><b>Compromiso con la limpieza<\/b><\/p>\n<p>Santa Cruz Limpia es el servicio de limpieza viaria y de recogida y transporte de los residuos municipales del Ayuntamiento de Santa Cruz de Tenerife, y est\u00e1 gestionado por Valoriza Servicios Medioambientales, empresa concesionaria desde 2019.<\/p>\n<p>M\u00e1s de 430 profesionales y una flota que supera el centenar de veh\u00edculos trabajan para garantizar el mantenimiento de las v\u00edas y \u00e1reas p\u00fablicas del municipio en condiciones \u00f3ptimas para el disfrute de la ciudadan\u00eda. <\/p>\n<p>Las personas interesadas en contactar con Santa Cruz Limpia pueden hacerlo a trav\u00e9s de los tel\u00e9fonos 922 224 849 y 630 657 638 (v\u00eda WhatsApp), as\u00ed como en el buz\u00f3n de sugerencias (<a href=\"https:\/\/santacruzlimpia.es\/contacto\/\" target=\"_blank\" style=\"color:blue; text-decoration:underline\" rel=\"nofollow noopener\">https:\/\/santacruzlimpia.es\/contacto\/<\/a>) o las redes sociales del servicio (Facebook, Instagram y X).<\/p>\n","protected":false},"excerpt":{"rendered":"La retirada de estos residuos aumenta un 14,54% con respecto al mismo mes de 2024 en el municipio&hellip;\n","protected":false},"author":2,"featured_media":261885,"comment_status":"","ping_status":"","sticky":false,"template":"","format":"standard","meta":{"footnotes":""},"categories":[5],"tags":[17,18,25,24,13,14,11,19,20,9,10,15,16,23,12,21,22],"class_list":{"0":"post-261884","1":"post","2":"type-post","3":"status-publish","4":"format-standard","5":"has-post-thumbnail","7":"category-titulares","8":"tag-breaking-news","9":"tag-breakingnews","10":"tag-es","11":"tag-espana","12":"tag-featured-news","13":"tag-featurednews","14":"tag-headlines","15":"tag-latest-news","16":"tag-latestnews","17":"tag-news","18":"tag-noticias","19":"tag-noticias-destacadas","20":"tag-noticiasdestacadas","21":"tag-spain","22":"tag-titulares","23":"tag-ultimas-noticias","24":"tag-ultimasnoticias"},"share_on_mastodon":{"url":"https:\/\/pubeurope.com\/@es\/115632549547994033","error":""},"_links":{"self":[{"href":"https:\/\/www.europesays.com\/es\/wp-json\/wp\/v2\/posts\/261884","targetHints":{"allow":["GET"]}}],"collection":[{"href":"https:\/\/www.europesays.com\/es\/wp-json\/wp\/v2\/posts"}],"about":[{"href":"https:\/\/www.europesays.com\/es\/wp-json\/wp\/v2\/types\/post"}],"author":[{"embeddable":true,"href":"https:\/\/www.europesays.com\/es\/wp-json\/wp\/v2\/users\/2"}],"replies":[{"embeddable":true,"href":"https:\/\/www.europesays.com\/es\/wp-json\/wp\/v2\/comments?post=261884"}],"version-history":[{"count":0,"href":"https:\/\/www.europesays.com\/es\/wp-json\/wp\/v2\/posts\/261884\/revisions"}],"wp:featuredmedia":[{"embeddable":true,"href":"https:\/\/www.europesays.com\/es\/wp-json\/wp\/v2\/media\/261885"}],"wp:attachment":[{"href":"https:\/\/www.europesays.com\/es\/wp-json\/wp\/v2\/media?parent=261884"}],"wp:term":[{"taxonomy":"category","embeddable":true,"href":"https:\/\/www.europesays.com\/es\/wp-json\/wp\/v2\/categories?post=261884"},{"taxonomy":"post_tag","embeddable":true,"href":"https:\/\/www.europesays.com\/es\/wp-json\/wp\/v2\/tags?post=261884"}],"curies":[{"name":"wp","href":"https:\/\/api.w.org\/{rel}","templated":true}]}}