{"id":261886,"date":"2025-11-29T10:41:14","date_gmt":"2025-11-29T10:41:14","guid":{"rendered":"https:\/\/www.europesays.com\/es\/261886\/"},"modified":"2025-11-29T10:41:14","modified_gmt":"2025-11-29T10:41:14","slug":"roger-federer-coquetea-con-rafa-nadal-podrian-surgir-cosas-interesantes","status":"publish","type":"post","link":"https:\/\/www.europesays.com\/es\/261886\/","title":{"rendered":"Roger Federer &#8216;coquetea&#8217; con Rafa Nadal: \u00abPodr\u00edan surgir cosas interesantes&#8230;\u00bb"},"content":{"rendered":"<p class=\"pf0\">En la pasada edici\u00f3n de la Laver Cup, durante su participaci\u00f3n en un programa, a <b>Roger Federer<\/b> le preguntaron <b><a title=\"si empezar\u00eda un &quot;tour s\u00e9nior&quot;\" href=\"https:\/\/www.lasexta.com\/noticias\/deportes\/tenis\/bombazo-roger-federer-rafa-nadal-viene-fedal-tour_2025091868cc51aca2dd1a7e0d09c240.html\" target=\"_blank\" rel=\"nofollow noopener\">si empezar\u00eda un \u00abtour s\u00e9nior\u00bb<\/a><\/b> junto a <b>Rafa Nadal.<\/b><\/p>\n<p class=\"pf0\">\u00ab<b>S\u00ed, \u00bfpor qu\u00e9 no?<\/b>. Me encanta Rafa. Estoy jugando mucho ahora mismo, as\u00ed que intento mantenerme en buena forma\u00bb, explic\u00f3<\/p>\n<p class=\"pf0\">\u00abS\u00e9 que Rafa est\u00e1 deseando jugar un poco de tenis. Para nosotros, hablar de tenis s\u00e9nior es horrible, pero quiz\u00e1 podr\u00edamos crear un circuito, <b>como un <\/b><b>Fedal<\/b><b> Tour<\/b>\u00ab, a\u00f1adi\u00f3.<\/p>\n<p class=\"pf0\">Pues bien, dos meses despu\u00e9s, en una entrevista con Tages-Anzeiger, al suizo le han vuelto a preguntar por esa posibilidad, y no ha negado que <b>\u00abser\u00eda fant\u00e1stico si funcionara\u00bb.<\/b><\/p>\n<p class=\"pf0\">\u00abSi jug\u00e1ramos partidos de exhibici\u00f3n despu\u00e9s de nuestras carreras, tendr\u00edamos m\u00e1s tiempo y no tendr\u00edamos que apresurarnos para el siguiente partido\u00bb, se\u00f1al\u00f3 el extenista.<\/p>\n<p class=\"pf0\">De hecho, ve esas exhibiciones como partidos ben\u00e9ficos: \u00ab<b>Me imagino combin\u00e1ndolo con una buena causa<\/b>, recaudando fondos para mi fundaci\u00f3n e inspirando a los j\u00f3venes jugadores locales\u00bb. <\/p>\n<p class=\"pf0\">\u00abA\u00fan no hay nada concreto planeado, pero veo que <b>podr\u00edan surgir cosas interesantes<\/b>\u00ab, zanj\u00f3 Federer. <\/p>\n","protected":false},"excerpt":{"rendered":"En la pasada edici\u00f3n de la Laver Cup, durante su participaci\u00f3n en un programa, a Roger Federer le&hellip;\n","protected":false},"author":2,"featured_media":261887,"comment_status":"","ping_status":"","sticky":false,"template":"","format":"standard","meta":{"footnotes":""},"categories":[274],"tags":[168,25,24,23,167,327,326],"class_list":{"0":"post-261886","1":"post","2":"type-post","3":"status-publish","4":"format-standard","5":"has-post-thumbnail","7":"category-tenis","8":"tag-deportes","9":"tag-es","10":"tag-espana","11":"tag-spain","12":"tag-sports","13":"tag-tenis","14":"tag-tennis"},"share_on_mastodon":{"url":"https:\/\/pubeurope.com\/@es\/115632569418877854","error":""},"_links":{"self":[{"href":"https:\/\/www.europesays.com\/es\/wp-json\/wp\/v2\/posts\/261886","targetHints":{"allow":["GET"]}}],"collection":[{"href":"https:\/\/www.europesays.com\/es\/wp-json\/wp\/v2\/posts"}],"about":[{"href":"https:\/\/www.europesays.com\/es\/wp-json\/wp\/v2\/types\/post"}],"author":[{"embeddable":true,"href":"https:\/\/www.europesays.com\/es\/wp-json\/wp\/v2\/users\/2"}],"replies":[{"embeddable":true,"href":"https:\/\/www.europesays.com\/es\/wp-json\/wp\/v2\/comments?post=261886"}],"version-history":[{"count":0,"href":"https:\/\/www.europesays.com\/es\/wp-json\/wp\/v2\/posts\/261886\/revisions"}],"wp:featuredmedia":[{"embeddable":true,"href":"https:\/\/www.europesays.com\/es\/wp-json\/wp\/v2\/media\/261887"}],"wp:attachment":[{"href":"https:\/\/www.europesays.com\/es\/wp-json\/wp\/v2\/media?parent=261886"}],"wp:term":[{"taxonomy":"category","embeddable":true,"href":"https:\/\/www.europesays.com\/es\/wp-json\/wp\/v2\/categories?post=261886"},{"taxonomy":"post_tag","embeddable":true,"href":"https:\/\/www.europesays.com\/es\/wp-json\/wp\/v2\/tags?post=261886"}],"curies":[{"name":"wp","href":"https:\/\/api.w.org\/{rel}","templated":true}]}}