{"id":261888,"date":"2025-11-29T10:42:09","date_gmt":"2025-11-29T10:42:09","guid":{"rendered":"https:\/\/www.europesays.com\/es\/261888\/"},"modified":"2025-11-29T10:42:09","modified_gmt":"2025-11-29T10:42:09","slug":"la-copa-del-mundo-de-ciclocross-continua-en-flamanville","status":"publish","type":"post","link":"https:\/\/www.europesays.com\/es\/261888\/","title":{"rendered":"La Copa del Mundo de Ciclocross contin\u00faa en Flamanville"},"content":{"rendered":"<p>Tras la inapelable victoria que consigui\u00f3 en la prueba inaugural de Tabor, Thibau Nys buscar\u00e1 consolidar el liderato en el campeonato para certificar por fin la clase y la gen\u00e9tica que atesora en una segunda prueba de Copa del Mundo de Ciclocross que se traslada hasta Flamanville, en la regi\u00f3n francesa de Normand\u00eda.<\/p>\n<p><img class=\" lazyload\" border=\"0\" alt=\"La Copa del Mundo de Ciclocross contin\u00faa en Flamanville\" width=\"2000\" height=\"1280\"  data-\/><\/p>\n<p>Domingo 30 de noviembre de 2025<\/p>\n<ul>&#13;<\/p>\n<li>9:30 \u2013 Junior masculino<\/li>\n<p>&#13;<\/p>\n<li>10:35 \u2013 Junior femenino<\/li>\n<p>&#13;<\/p>\n<li>12:00 \u2013 Sub23 masculino<\/li>\n<p>&#13;<\/p>\n<li>13:40 \u2013 \u00c9lite femenino<\/li>\n<p>&#13;<\/p>\n<li>15:10 \u2013 \u00c9lite masculino<\/li>\n<p>&#13;\n<\/ul>\n<p>Despu\u00e9s del espect\u00e1culo que nos brind\u00f3 en Tabor, dominando la carrera a placer de principio a fin, no cabe duda que Thibau Nys parte como m\u00e1ximo favorito a la victoria en la prueba de Copa del Mundo de Ciclocross que el pr\u00f3ximo domingo se disputa en la localidad francesa de Flamanville.<\/p>\n<p><img class=\" lazyload\" border=\"0\" alt=\"La Copa del Mundo de Ciclocross contin\u00faa en Flamanville\" width=\"2400\" height=\"1350\"  data-\/><\/p>\n<p>En todo caso, ya sabemos que las pruebas de ciclocross son impredecibles y muchas alternativas se pueden dar en una disciplina tan intensa como esta y en la que cualquier error o fallo de c\u00e1lculo puede dar al traste con el resultado.<\/p>\n<p>Tras un inicio de campa\u00f1a bastante discreto sorprendi\u00f3 en Tabor el buen papel que hizo Laurens Sweck. Por su parte, Joris Nieuwenhuis no hizo sino corroborar el buen nivel que est\u00e1 mostrando a lo largo de todo el a\u00f1o, algo que tambi\u00e9n le sit\u00faa entre los favoritos a estar luchando por la victoria en esta carrera.<\/p>\n<p><img class=\" lazyload\" border=\"0\" alt=\"La Copa del Mundo de Ciclocross contin\u00faa en Flamanville\" width=\"1200\" height=\"601\"  data-\/><\/p>\n<p>No tuvo su d\u00eda en Tabor un Michael Vanthourenhout con el que siempre hay que contar del mismo modo que se fueron desinflando en la primera cita de Copa del Mundo de Ciclocross ciclistas como Toon Aerts, Niels Vandeputte o Pim Ronhaar.<\/p>\n<p>Y es que el nivel de los 15 primeros del panorama actual del ciclocross es tan alto que pr\u00e1cticamente cualquiera que tenga un d\u00eda un poquito mejor que el de los dem\u00e1s puede estar luchando por la victoria. Un ranking que en Tabor cerraba un Felipe Orts que, sin embargo, no participar\u00e1 en la prueba francesa, algo ya previsto en su programaci\u00f3n para poder descansar un poco y realizar un bloque de entrenamientos de fondo que le permita llegar en la mejor forma posible a las importantes carreras de la navidad.<\/p>\n<p><img class=\" lazyload\" border=\"0\" alt=\"La Copa del Mundo de Ciclocross contin\u00faa en Flamanville\" width=\"1280\" height=\"853\"  data-\/><\/p>\n<p>En cualquier caso, habr\u00e1 representaci\u00f3n espa\u00f1ola en Flamanville con la presencia, de nuevo, del c\u00e1ntabro Kevin Suarez. A esto hay que sumar la presencia de Javier Zaera y de Mario Junquera.<\/p>\n<p>De las campas y los continuos zigzagueos de Tabor pasamos a un circuito totalmente diferente en Flamanville en un precioso enclave en un bosque y junto a un peque\u00f1o lago. Un tipo de terreno muy propicio, m\u00e1xime si tenemos en cuenta la humedad reinante en una poblaci\u00f3n situada junto al mar del norte en plena regi\u00f3n de Normad\u00eda, a que haya barro. Un barro pegajoso como hemos podido ver en otras ocasiones que la Copa del Mundo ha utilizado este circuito<\/p>\n<p><img class=\" lazyload\" border=\"0\" alt=\"La Copa del Mundo de Ciclocross contin\u00faa en Flamanville\" width=\"1772\" height=\"1772\"  data-\/><\/p>\n<p>Entre las dificultades t\u00e9cnicas a las que se tendr\u00e1n que enfrentar los ciclistas, encontramos un par de puentes, un tramo de escaleras y los habituales tablones, estos \u00faltimos ubicados muy pr\u00f3ximos a la l\u00ednea de meta por lo que la solvencia a la hora de saltarlos podr\u00eda ser decisiva en el desenlace de la carrera si esta llega apretada a la \u00faltima vuelta.<\/p>\n<p>De nuevo, tanto Eurosport y la platafomra HBO-Max como la Televisi\u00f3n Espa\u00f1ola, a trav\u00e9s de su canal Teledeporte y de la plataforma web RTVE Play emitir\u00e1n las pruebas \u00e9lite masculina y femenina en los horarios que pod\u00e9is ver al comienzo de este art\u00edculo.<\/p>\n<p>Como novedad esta temporada, la propia UCI, a trav\u00e9s de su canal de YouTube emiti\u00f3 las carreras de categor\u00eda junior y sub23 masculina.<\/p>\n","protected":false},"excerpt":{"rendered":"Tras la inapelable victoria que consigui\u00f3 en la prueba inaugural de Tabor, Thibau Nys buscar\u00e1 consolidar el liderato&hellip;\n","protected":false},"author":2,"featured_media":261889,"comment_status":"","ping_status":"","sticky":false,"template":"","format":"standard","meta":{"footnotes":""},"categories":[273],"tags":[313,312,168,25,24,23,167],"class_list":{"0":"post-261888","1":"post","2":"type-post","3":"status-publish","4":"format-standard","5":"has-post-thumbnail","7":"category-ciclismo","8":"tag-ciclismo","9":"tag-cycling","10":"tag-deportes","11":"tag-es","12":"tag-espana","13":"tag-spain","14":"tag-sports"},"share_on_mastodon":{"url":"https:\/\/pubeurope.com\/@es\/115632573174305785","error":""},"_links":{"self":[{"href":"https:\/\/www.europesays.com\/es\/wp-json\/wp\/v2\/posts\/261888","targetHints":{"allow":["GET"]}}],"collection":[{"href":"https:\/\/www.europesays.com\/es\/wp-json\/wp\/v2\/posts"}],"about":[{"href":"https:\/\/www.europesays.com\/es\/wp-json\/wp\/v2\/types\/post"}],"author":[{"embeddable":true,"href":"https:\/\/www.europesays.com\/es\/wp-json\/wp\/v2\/users\/2"}],"replies":[{"embeddable":true,"href":"https:\/\/www.europesays.com\/es\/wp-json\/wp\/v2\/comments?post=261888"}],"version-history":[{"count":0,"href":"https:\/\/www.europesays.com\/es\/wp-json\/wp\/v2\/posts\/261888\/revisions"}],"wp:featuredmedia":[{"embeddable":true,"href":"https:\/\/www.europesays.com\/es\/wp-json\/wp\/v2\/media\/261889"}],"wp:attachment":[{"href":"https:\/\/www.europesays.com\/es\/wp-json\/wp\/v2\/media?parent=261888"}],"wp:term":[{"taxonomy":"category","embeddable":true,"href":"https:\/\/www.europesays.com\/es\/wp-json\/wp\/v2\/categories?post=261888"},{"taxonomy":"post_tag","embeddable":true,"href":"https:\/\/www.europesays.com\/es\/wp-json\/wp\/v2\/tags?post=261888"}],"curies":[{"name":"wp","href":"https:\/\/api.w.org\/{rel}","templated":true}]}}