{"id":261890,"date":"2025-11-29T10:44:10","date_gmt":"2025-11-29T10:44:10","guid":{"rendered":"https:\/\/www.europesays.com\/es\/261890\/"},"modified":"2025-11-29T10:44:10","modified_gmt":"2025-11-29T10:44:10","slug":"la-torre-de-la-seleccion-que-estuvo-a-punto-de-dejar-el-baloncesto","status":"publish","type":"post","link":"https:\/\/www.europesays.com\/es\/261890\/","title":{"rendered":"La torre de la selecci\u00f3n que estuvo a punto de dejar el baloncesto"},"content":{"rendered":"<p data-mrf-recirculation=\"Links P\u00e1rrafos\" class=\"ue-c-article__paragraph paragraph xai-icon-container ue-c-article--first-letter-highlighted\"><strong>Fran Guerra<\/strong> afronta este domingo uno de los partidos m\u00e1s especiales de su carrera. <strong>El p\u00edvot de 32 a\u00f1os tendr\u00e1 a toda su familia en la grada del Santiago Mart\u00edn para verle medirse a Georgia. \u00abVendr\u00e1n desde Las Palmas mis padres, abuelos, t\u00edos, primos&#8230;\u00bb<\/strong>, cuenta quien, con <strong>2,14 metros, es la torre de la actual selecci\u00f3n<\/strong>. No siempre se juega con Espa\u00f1a tan cerca de casa.<\/p>\n<p data-mrf-recirculation=\"Links P\u00e1rrafos\" class=\"ue-c-article__paragraph paragraph xai-icon-container\">Por si la presencia de los suyos no fuera suficiente, en la pista <strong>se enfrentar\u00e1 a Gio Shermadini, p\u00edvot georgiano con el que ha compartido vestuario los \u00faltimos siete a\u00f1os en el CB Canarias<\/strong>. Hace tiempo que dej\u00f3 de ser un compa\u00f1ero para convertirse en referente y amigo. <strong>\u00abCada entrenamiento es un aprendizaje para m\u00ed<\/strong>. Es un t\u00edo muy amable, muy amigable, te ayuda mucho tanto dentro como fuera de la pista. <strong>Ser\u00e1 especial enfrentarme a \u00e9l\u00bb<\/strong>.<\/p>\n<p><img decoding=\"async\" width=\"1680\" height=\"1660\" class=\"ue-c-article__image lazyload\" alt=\"Fran Guerra, en una sesi\u00f3n oficial de fotos de la selecci\u00f3n espa\u00f1ola.\" loading=\"lazy\" src=\"https:\/\/www.europesays.com\/es\/wp-content\/uploads\/2025\/11\/692a4f2150699.jpeg\"\/><\/p>\n<p>Fran Guerra, en una sesi\u00f3n oficial de fotos de la selecci\u00f3n espa\u00f1ola.ALBERTO NEVADO\/FEB<\/p>\n<p data-mrf-recirculation=\"Links P\u00e1rrafos\" class=\"ue-c-article__paragraph paragraph xai-icon-container\"><strong>A sus 36 a\u00f1os, Shermadini vivir\u00e1 sus \u00faltimos minutos con la selecci\u00f3n georgiana<\/strong>. Ser\u00e1 su \u00faltimo partido. En la ACB, donde acapara galardones de MVP, contin\u00faa siendo una instituci\u00f3n. <strong>\u00abSiempre se dice que va a bajar sus n\u00fameros, que el f\u00edsico no le va a aguantar, pero sigue haciendo sus n\u00fameros<\/strong>. Se cuida much\u00edsimo y estar con \u00e9l es un m\u00e1ster diario. <strong>A d\u00eda de hoy a\u00fan le miro y me quedo admirado\u00bb<\/strong>, dice Guerra.<\/p>\n<blockquote class=\"ue-c-article__blockquote\">\n<p>Mentalmente estaba hundido. Nadie confiaba en m\u00ed, la gente hablaba mal, hab\u00eda equipos de la ACB que no me quer\u00edan pese a ser el mejor jugador de la LEB. Me met\u00ed en un t\u00fanel muy oscuro<\/p>\n<p>Fran Guerra, p\u00edvot de la selecci\u00f3n espa\u00f1ola<\/p><\/blockquote>\n<p data-mrf-recirculation=\"Links P\u00e1rrafos\" class=\"ue-c-article__paragraph paragraph xai-icon-container\">El interior de La Laguna Tenerife sabe lo mucho que le ha costado llegar donde est\u00e1: <strong>asentado en la Liga Endesa, s\u00e9ptima temporada en el club isle\u00f1o e internacional<\/strong>. Una realidad que parec\u00eda utop\u00eda hace un tiempo, cuando estuvo cerca de abandonar. <strong>Debut\u00f3 en ACB en septiembre de 2012 con el Estudiantes a las \u00f3rdenes de Txus Vidorreta<\/strong>, su actual t\u00e9cnico y al que agradece las oportunidades que otros no le dieron.<\/p>\n<p>El mejor de la LEB, sin hueco en ACB<\/p>\n<p data-mrf-recirculation=\"Links P\u00e1rrafos\" class=\"ue-c-article__paragraph paragraph xai-icon-container\">Hizo un complicado periplo en el que se recorri\u00f3 Espa\u00f1a buscando su sitio. <strong>Pas\u00f3 por Lleida, Ourense, Melilla, La Palma&#8230;. Fue entre tanto viaje cuando se plante\u00f3 seriamente dejar el baloncesto. \u00abMentalmente estaba hundido<\/strong>. Eran momentos muy dif\u00edciles, nadie confiaba en m\u00ed, la gente hablaba mal, hab\u00eda equipos de la ACB que no me quer\u00edan pese a ser el mejor jugador de la LEB. <strong>Me met\u00ed en un t\u00fanel muy oscuro\u00bb, recuerda<\/strong>.<\/p>\n<p><img decoding=\"async\" width=\"1680\" height=\"1120\" class=\"ue-c-article__image lazyload\" alt=\"Fran Guerra, durante el partido frente a Dinamarca.\" loading=\"lazy\" src=\"https:\/\/www.europesays.com\/es\/wp-content\/uploads\/2025\/11\/692a4fc15f8c6.jpeg\"\/><\/p>\n<p>Fran Guerra, durante el partido frente a Dinamarca.ALBERTO NEVADO\/FEB<\/p>\n<p data-mrf-recirculation=\"Links P\u00e1rrafos\" class=\"ue-c-article__paragraph paragraph xai-icon-container\">Sali\u00f3 de all\u00ed con la ayuda de <strong>un psic\u00f3logo, Gabriel Vera<\/strong>, que le cambi\u00f3 la vida y relanz\u00f3 su carrera: <strong>\u00abFue el que me ayud\u00f3 a seguir y a estar donde estoy ahora mismo\u00bb<\/strong>. Hace a\u00f1os, en una de las charlas entre ambos, <strong>Fran se puso el objetivo de llegar a ser internacional<\/strong>. \u00abEra una ilusi\u00f3n estar en la burbuja de jugadores de esta selecci\u00f3n y cuando llegu\u00e9 dije: &#8216;Lo consegu\u00ed&#8217;. <strong>Pero nunca me conformo\u00bb, afirma. Su siguiente aspiraci\u00f3n es disputar un torneo internacional: \u00abLucho cada d\u00eda para eso\u00bb<\/strong>. Sus 14 partidos con Espa\u00f1a han sido amistosos o en clasificatorios.<\/p>\n<blockquote class=\"ue-c-article__blockquote\">\n<p>Cada entrenamiento junto a Shermadini es un aprendizaje para m\u00ed. Ser\u00e1 especial enfrentarme a \u00e9l<\/p>\n<p>Fran Guerra, p\u00edvot de la selecci\u00f3n espa\u00f1ola<\/p><\/blockquote>\n<p data-mrf-recirculation=\"Links P\u00e1rrafos\" class=\"ue-c-article__paragraph paragraph xai-icon-container\"><strong>Las Ventanas FIBA vuelven a abrir la selecci\u00f3n para la clase media de la ACB. \u00abSomos los jugadores espa\u00f1oles disponibles que est\u00e1n haciendo mejor las cosas bien<\/strong> y por eso estamos aqu\u00ed. Nos lo hemos ganado y estamos a un alt\u00edsimo nivel en la Liga Endesa o fuera\u00bb, afirma. <strong>\u00c9l, 8,3 puntos (78,1% en tiros de dos, segundo mejor porcentaje de la competici\u00f3n, y 84,2% en tiros libres)<\/strong>, 2,5 rebotes, 1,8 asistencias y 11,3 de valoraci\u00f3n en 15 minutos en pista.<\/p>\n<p><img decoding=\"async\" width=\"1980\" height=\"1320\" class=\"ue-c-article__image lazyload\" alt=\"Fran Guerra celebra una acci\u00f3n en un partido con La Laguna Tenerife.\" loading=\"lazy\" src=\"https:\/\/www.europesays.com\/es\/wp-content\/uploads\/2025\/11\/692a4f93ba107.jpeg\"\/><\/p>\n<p>Fran Guerra celebra una acci\u00f3n en un partido con La Laguna Tenerife.ACB PHOTO<\/p>\n<p data-mrf-recirculation=\"Links P\u00e1rrafos\" class=\"ue-c-article__paragraph paragraph xai-icon-container\"><strong>Reconoce Guerra que esta selecci\u00f3n se ha encontrado \u00abun list\u00f3n muy alto<\/strong>, porque en los \u00faltimos a\u00f1os Espa\u00f1a siempre ha estado en lo m\u00e1s alto, ha ganado Mundiales, Eurobasket, ha ganado de todo&#8230; <strong>Va a ser dif\u00edcil mantenerlo, pero hay que intentar acercarse y eso es a lo que vamos nosotros<\/strong>. Llegar al m\u00e1ximo nivel y sobre todo competir y dar la cara por nuestro pa\u00eds\u00bb. <strong>Lo primero, Georgia, partido importante para ir haciendo camino al Mundial de Catar 2027<\/strong>.<\/p>\n","protected":false},"excerpt":{"rendered":"Fran Guerra afronta este domingo uno de los partidos m\u00e1s especiales de su carrera. El p\u00edvot de 32&hellip;\n","protected":false},"author":2,"featured_media":261891,"comment_status":"","ping_status":"","sticky":false,"template":"","format":"standard","meta":{"footnotes":""},"categories":[269],"tags":[299,298,168,25,24,23,167],"class_list":{"0":"post-261890","1":"post","2":"type-post","3":"status-publish","4":"format-standard","5":"has-post-thumbnail","7":"category-baloncesto","8":"tag-baloncesto","9":"tag-basketball","10":"tag-deportes","11":"tag-es","12":"tag-espana","13":"tag-spain","14":"tag-sports"},"share_on_mastodon":{"url":"https:\/\/pubeurope.com\/@es\/115632581743162138","error":""},"_links":{"self":[{"href":"https:\/\/www.europesays.com\/es\/wp-json\/wp\/v2\/posts\/261890","targetHints":{"allow":["GET"]}}],"collection":[{"href":"https:\/\/www.europesays.com\/es\/wp-json\/wp\/v2\/posts"}],"about":[{"href":"https:\/\/www.europesays.com\/es\/wp-json\/wp\/v2\/types\/post"}],"author":[{"embeddable":true,"href":"https:\/\/www.europesays.com\/es\/wp-json\/wp\/v2\/users\/2"}],"replies":[{"embeddable":true,"href":"https:\/\/www.europesays.com\/es\/wp-json\/wp\/v2\/comments?post=261890"}],"version-history":[{"count":0,"href":"https:\/\/www.europesays.com\/es\/wp-json\/wp\/v2\/posts\/261890\/revisions"}],"wp:featuredmedia":[{"embeddable":true,"href":"https:\/\/www.europesays.com\/es\/wp-json\/wp\/v2\/media\/261891"}],"wp:attachment":[{"href":"https:\/\/www.europesays.com\/es\/wp-json\/wp\/v2\/media?parent=261890"}],"wp:term":[{"taxonomy":"category","embeddable":true,"href":"https:\/\/www.europesays.com\/es\/wp-json\/wp\/v2\/categories?post=261890"},{"taxonomy":"post_tag","embeddable":true,"href":"https:\/\/www.europesays.com\/es\/wp-json\/wp\/v2\/tags?post=261890"}],"curies":[{"name":"wp","href":"https:\/\/api.w.org\/{rel}","templated":true}]}}