{"id":261892,"date":"2025-11-29T10:45:11","date_gmt":"2025-11-29T10:45:11","guid":{"rendered":"https:\/\/www.europesays.com\/es\/261892\/"},"modified":"2025-11-29T10:45:11","modified_gmt":"2025-11-29T10:45:11","slug":"ser-campeon-en-mexico-y-no-se-plantea-la-retirada-por-ahora","status":"publish","type":"post","link":"https:\/\/www.europesays.com\/es\/261892\/","title":{"rendered":"ser campe\u00f3n en M\u00e9xico&#8230; y no se plantea la retirada por ahora"},"content":{"rendered":"<p data-mrf-recirculation=\"Links P\u00e1rrafos\" class=\"ue-c-article__paragraph paragraph ue-c-article--first-letter-highlighted\">Salvo rectificaci\u00f3n de \u00faltima hora, <strong>Sergio Ramos (SR) no seguir\u00e1 en Rayados de Monterrey. As\u00ed se lo confirman a MARCA <\/strong>fuentes cercanas al club mexicano, ratificando la noticia de &#8216;El Chiringuito&#8217; de este mismo viernes.<\/p>\n<p data-mrf-recirculation=\"Links P\u00e1rrafos\" class=\"ue-c-article__paragraph paragraph\">La no continuidad de Ramos en el club mexicano <strong>no significa, eso s\u00ed, que el defensa se vaya a retirar. La idea del futbolista, una vez cumplida la misi\u00f3n en M\u00e9xico, es la de seguir en activo,<\/strong> aunque quiz\u00e1 algo m\u00e1s cerca de su familia, que se qued\u00f3 a vivir en Espa\u00f1a. SR cumple 40 a\u00f1os el pr\u00f3ximo 30 de marzo&#8230; \u00bfcon su pr\u00f3ximo equipo ya en ciernes?<\/p>\n<p>Sergio Ramos falla un penalti a lo Panenka en M\u00e9xico<\/p>\n<p data-mrf-recirculation=\"Links P\u00e1rrafos\" class=\"ue-c-article__paragraph paragraph\">Recordemos que <strong>Ramos firm\u00f3 con Rayados contrato hasta finales de diciembre tras llegar con el pasado Torneo Clausura ya comenzado<\/strong>. En ese primer Torneo corto en la primera mitad del a\u00f1o los Rayados quedaron apeados de la Liga en cuartos de final, cayendo ante el, a la postre, campe\u00f3n, el Toluca.<\/p>\n<p data-mrf-recirculation=\"Links P\u00e1rrafos\" class=\"ue-c-article__paragraph paragraph\">En el presente Torneo Apertura 2025, Monterrey, con un gran Sergio Ramos a la cabeza<strong>, visitar\u00e1 este s\u00e1bado al Am\u00e9rica en la vuelta de cuartos de final, con un 2-0 para Rayados en la ida<\/strong>. Si hoy lo superan, ir\u00e1n a la semifinal del Torneo con el entrenador espa\u00f1ol Domenec Torrent en el banquillo.<\/p>\n<p data-mrf-recirculation=\"Links P\u00e1rrafos\" class=\"ue-c-article__paragraph paragraph\">Antes de su aventura en <strong>M\u00e9xico, donde ha cuajado buenos n\u00fameros y ha cumplido los objetivos en l\u00edneas generales (aunque a falta de lograr este t\u00edtulo de Liga tan ansiado), R<\/strong>amos ya tuvo una grand\u00edsima oferta de Arabia Saud\u00ed. \u00bfLa aceptar\u00e1? Es dif\u00edcil saberlo ahora mismo. La MLS o alg\u00fan equipo de Europa apetecible pueden ser opciones sobre la mesa tambi\u00e9n en los pr\u00f3ximos meses. Ofertas no le van a faltar, <strong>y m\u00e1s viendo el rendimiento del central en estos \u00faltimos partidos de la Liga MX.<\/strong><\/p>\n<p data-mrf-recirculation=\"Links P\u00e1rrafos\" class=\"ue-c-article__paragraph paragraph\">Su actuaci\u00f3n ante Am\u00e9rica en el citado 2-0 de hace unos d\u00edas fue espectacular, y Ramos sigue con <strong>hambre de ir a por otro reto en otra Liga del mundo. \u00bfCu\u00e1l ser\u00e1 su pr\u00f3ximo destino?<\/strong> Lo veremos ya en 2026, pero antes tiene el reto de ser campe\u00f3n en M\u00e9xico, como lo fue en Espa\u00f1a (Real Madrid) y Francia (PSG).\u00a0<\/p>\n","protected":false},"excerpt":{"rendered":"Salvo rectificaci\u00f3n de \u00faltima hora, Sergio Ramos (SR) no seguir\u00e1 en Rayados de Monterrey. As\u00ed se lo confirman&hellip;\n","protected":false},"author":2,"featured_media":261893,"comment_status":"","ping_status":"","sticky":false,"template":"","format":"standard","meta":{"footnotes":""},"categories":[268],"tags":[168,25,24,280,282,281,23,167],"class_list":{"0":"post-261892","1":"post","2":"type-post","3":"status-publish","4":"format-standard","5":"has-post-thumbnail","7":"category-futbol","8":"tag-deportes","9":"tag-es","10":"tag-espana","11":"tag-football","12":"tag-futbol","13":"tag-soccer","14":"tag-spain","15":"tag-sports"},"share_on_mastodon":{"url":"https:\/\/pubeurope.com\/@es\/115632585065001569","error":""},"_links":{"self":[{"href":"https:\/\/www.europesays.com\/es\/wp-json\/wp\/v2\/posts\/261892","targetHints":{"allow":["GET"]}}],"collection":[{"href":"https:\/\/www.europesays.com\/es\/wp-json\/wp\/v2\/posts"}],"about":[{"href":"https:\/\/www.europesays.com\/es\/wp-json\/wp\/v2\/types\/post"}],"author":[{"embeddable":true,"href":"https:\/\/www.europesays.com\/es\/wp-json\/wp\/v2\/users\/2"}],"replies":[{"embeddable":true,"href":"https:\/\/www.europesays.com\/es\/wp-json\/wp\/v2\/comments?post=261892"}],"version-history":[{"count":0,"href":"https:\/\/www.europesays.com\/es\/wp-json\/wp\/v2\/posts\/261892\/revisions"}],"wp:featuredmedia":[{"embeddable":true,"href":"https:\/\/www.europesays.com\/es\/wp-json\/wp\/v2\/media\/261893"}],"wp:attachment":[{"href":"https:\/\/www.europesays.com\/es\/wp-json\/wp\/v2\/media?parent=261892"}],"wp:term":[{"taxonomy":"category","embeddable":true,"href":"https:\/\/www.europesays.com\/es\/wp-json\/wp\/v2\/categories?post=261892"},{"taxonomy":"post_tag","embeddable":true,"href":"https:\/\/www.europesays.com\/es\/wp-json\/wp\/v2\/tags?post=261892"}],"curies":[{"name":"wp","href":"https:\/\/api.w.org\/{rel}","templated":true}]}}