{"id":261896,"date":"2025-11-29T10:47:15","date_gmt":"2025-11-29T10:47:15","guid":{"rendered":"https:\/\/www.europesays.com\/es\/261896\/"},"modified":"2025-11-29T10:47:15","modified_gmt":"2025-11-29T10:47:15","slug":"usa-pino-carbonizado-contra-la-humedad-y-el-fuego","status":"publish","type":"post","link":"https:\/\/www.europesays.com\/es\/261896\/","title":{"rendered":"usa pino carbonizado contra la humedad y el fuego"},"content":{"rendered":"<p class=\"paragraph\" id=\"paragraph_1\">La madera, uno de los materiales de construcci\u00f3n m\u00e1s antiguos del mundo, est\u00e1 de moda. La <strong>arquitectura contempor\u00e1nea est\u00e1 aprovechando las ventajas que ofrece<\/strong> este material frente a la omnipresencia del acero y el hormig\u00f3n, como <a href=\"https:\/\/www.elespanol.com\/omicrono\/tecnologia\/20250425\/sanchez-promueve-construccion-industrializada-uso-urss-casas-baratas-edificadas-rapido\/1003743727939_0.html?utm_cmp_rs=linksinline\" rel=\"nofollow noopener\" target=\"_blank\">las posibilidades de industrializaci\u00f3n<\/a> y las <a href=\"https:\/\/www.elespanol.com\/omicrono\/tecnologia\/20250526\/supermadera-cambiara-construccion-resiste-fuego-termitas-humedad-fuerte-acero\/1003743768334_0.html?utm_cmp_rs=linksinline\" rel=\"nofollow noopener\" target=\"_blank\">excelentes propiedades de nuevos tipos de madera<\/a>, que est\u00e1n permitiendo levantar hasta <a href=\"https:\/\/www.elespanol.com\/omicrono\/tecnologia\/20240823\/acero-hormigon-rascacielos-metros-alto-mundo-construido-madera\/877662437_0.html?utm_cmp_rs=linksinline\" rel=\"nofollow noopener\" target=\"_blank\">rascacielos de 200 metros de altura<\/a>.<\/p>\n<p class=\"paragraph\" id=\"paragraph_2\">Una de las mejores pruebas de este nuevo rol de la madera como elemento clave para una construcci\u00f3n m\u00e1s sostenible y eficiente es el <strong>T3 Diagonal Mar, del estudio de arquitectura catal\u00e1n Batlleiroig<\/strong>.<\/p>\n<p class=\"paragraph\" id=\"paragraph_3\">Este edificio singular acaba de ser reconocido en el World Architecture Festival (WAF) 2025 en la categor\u00eda &#8216;Edificios finalizados &#8211; Oficinas&#8217;. Es el mismo certamen en el que <a href=\"https:\/\/www.elespanol.com\/omicrono\/tecnologia\/20251120\/hormigon-uso-inteligente-luz-construido-iglesia-espanola-premiada-mejor-edificio-ano\/1003744018845_0.html?utm_cmp_rs=linksinline\" rel=\"nofollow noopener\" target=\"_blank\">una iglesia espa\u00f1ola ha sido premiada como el mejor edificio del a\u00f1o<\/a>.<\/p>\n<p><img loading=\"lazy\" decoding=\"async\" alt=\"Estructura del edificio Tom\u00e1s Bret\u00f3n\" height=\"180\" src=\"https:\/\/www.europesays.com\/es\/wp-content\/uploads\/2025\/11\/859924219_243697348_320x180.jpg\" width=\"320\" data-lazy-status=\"processed\" data-lazy-info=\"remove loading item 1\"\/><\/p>\n<p class=\"paragraph\" id=\"paragraph_4\">El edificio, construido en Barcelona en 2023, ha recibido adem\u00e1s otro reconocimiento, el de &#8216;Mejor uso de la madera&#8217;. Y eso, seg\u00fan los propios arquitectos responsables de su dise\u00f1o, se debe a que el material \u00abno solo <strong>aporta calidez y calidad espacial<\/strong>, sino que responde a la estrategia de Batlleiroig de reducir la huella de carbono y promover materiales renovables y respetuosos con el medio ambiente\u00bb.<\/p>\n<p class=\"paragraph\" id=\"paragraph_5\">Con una superficie de 3.705 metros cuadrados y <strong>una estructura \u00edntegramente de madera de cinco plantas<\/strong>, el bloque est\u00e1 destinado a ocupar un lugar privilegiado en el nuevo eje verde de Crist\u00f3bal de Moura de la Ciudad Condal. Este proyecto urban\u00edstico est\u00e1 pensado para unir el Parc Central del Poblenou con el Parc del Bes\u00f2s, dar preferencia al peat\u00f3n, aumentar la biodiversidad e incorporar la gesti\u00f3n del agua de lluvia a trav\u00e9s de Sistemas Urbanos de Drenaje Sostenible.<\/p>\n<p>Construcci\u00f3n industrializada<\/p>\n<p class=\"paragraph\" id=\"paragraph_6\">Los avances tecnol\u00f3gicos de las \u00faltimas d\u00e9cadas y la llegada de materiales como el CLT (madera contralaminada), junto con la urgencia de encontrar soluciones sostenibles y eficientes a nivel energ\u00e9tico, han dado un nuevo impulso a la construcci\u00f3n industrializada, que <strong>combina estandarizaci\u00f3n, automatizaci\u00f3n y digitalizaci\u00f3n<\/strong> para optimizar al m\u00e1ximo los recursos y reducir los residuos.<\/p>\n<p class=\"paragraph\" id=\"paragraph_7\">El CLT, fundamental en edificios como el T3 Diagonal Mar, es \u00abun producto altamente industrializado que da forma a<strong> vigas, pilares y paneles destinados a forjados, cubiertas o muros<\/strong>, que pueden alcanzar longitudes de hasta 18 metros, anchuras de 3 metros y espesores variables a partir de 25 mm aproximadamente\u00bb, seg\u00fan un informe de Mass Madera, una red que re\u00fane a expertos, empresas, instituciones y organizaciones pioneras en el uso de madera t\u00e9cnica en edificaci\u00f3n en Espa\u00f1a.<\/p>\n<p><img decoding=\"async\" alt=\"Imagen a\u00e9rea del T3 Diagonal Mar\" data-imgm=\"true\" height=\"180\" loading=\"lazy\"  src=\"https:\/\/www.europesays.com\/es\/wp-content\/uploads\/2025\/11\/1003744022419_260050257_1024x576.jpg\"  width=\"320\"\/><\/p>\n<p>                                                            Imagen a\u00e9rea del T3 Diagonal Mar<\/p>\n<p>                    Batlleiroig<\/p>\n<p>                    Omicrono<\/p>\n<p class=\"paragraph\" id=\"paragraph_8\">El otro factor clave para optimizar el proceso constructivo es la tecnolog\u00eda BIM (Building Information Modeling), una metodolog\u00eda que permite <strong>dise\u00f1ar y coordinar digitalmente cada elemento del edificio<\/strong> desde un dise\u00f1o virtual tridimensional.<\/p>\n<p class=\"paragraph\" id=\"paragraph_9\">Gracias al BIM, arquitectos, ingenieros y operarios trabajan sobre <strong>un modelo \u00fanico y actualizado en tiempo real<\/strong>, lo que permite prever y resolver conflictos antes de que aparezcan en obra.<\/p>\n<p class=\"paragraph\" id=\"paragraph_10\">Desde Batlleiroig, se\u00f1alan que \u00abha sido<strong> fundamental tanto para el dise\u00f1o y desarrollo del proyecto como para su coordinaci\u00f3n<\/strong> durante la obra\u00bb.<\/p>\n<p class=\"paragraph\" id=\"paragraph_11\">Entre otras cosas, el BIM \u00abha permitido prevenir errores y agilizar el proceso de construcci\u00f3n, y junto a las ventajas propias de la construcci\u00f3n con madera, ha sido posible <strong>ensamblar la estructura en tan solo 2 meses y medio<\/strong>, generando el m\u00ednimo residuo posible\u00bb.<\/p>\n<p><img decoding=\"async\" alt=\"Una de las plantas del T3 Diagonal Mar\" data-imgm=\"true\" height=\"180\" loading=\"lazy\"  src=\"https:\/\/www.europesays.com\/es\/wp-content\/uploads\/2025\/11\/1003744022425_260050368_1024x576.jpg\"  width=\"320\"\/><\/p>\n<p>                                                            Una de las plantas del T3 Diagonal Mar<\/p>\n<p>                    Oriol G\u00f3mez<\/p>\n<p>                    Omicrono<\/p>\n<p class=\"paragraph\" id=\"paragraph_12\">Para optimizar la eficiencia energ\u00e9tica del edificio, sus responsables <strong>han apostado por su integraci\u00f3n en Districlima<\/strong>, el proyecto m\u00e1s grande de red urbana de distribuci\u00f3n de calor y fr\u00edo para la climatizaci\u00f3n de edificios en el sur de Europa. Este servicio, a trav\u00e9s de instalaciones subterr\u00e1neas, proporciona calefacci\u00f3n, refrigeraci\u00f3n y agua caliente sanitaria de manera centralizada.<\/p>\n<p class=\"paragraph\" id=\"paragraph_13\">Tanto el uso de la madera como estos sistemas de refrigeraci\u00f3n y calefacci\u00f3n permiten que el T3 Diagonal Mar cumpla \u00ab<strong>los m\u00e1s altos est\u00e1ndares de certificaciones<\/strong> como LEED y WELL Platinum y WiredScore\u00bb, se\u00f1alan los arquitectos.<\/p>\n<p>Bienestar y naturaleza<\/p>\n<p class=\"paragraph\" id=\"paragraph_14\">La madera, a diferencia del hormig\u00f3n, no s\u00f3lo permite edificios con emisi\u00f3n negativa de carbono, sino que remite directamente a la naturaleza. Esa calidez \u00fanica que ofrecen las superficies de los grandes paneles de madera vista es lo que convierte edificios como el T3 Diagonal Mar en espacios agradables, en los que <strong>\u00abse prioriza la experiencia y bienestar de los usuarios\u00bb<\/strong>.<\/p>\n<p class=\"paragraph\" id=\"paragraph_15\">Es algo que est\u00e1 presente desde la fachada, con <strong>pilares inclinados y transparencias<\/strong>, y un porche que da acceso a un lobby donde la vegetaci\u00f3n y la madera son las protagonistas. La planta baja se abre al interior de la manzana, creando espacios de descanso y sociabilizaci\u00f3n para los trabajadores de las oficinas.<\/p>\n<p><img decoding=\"async\" alt=\"Lobby del T3 Diagonal Mar\" data-imgm=\"true\" height=\"180\" loading=\"lazy\"  src=\"https:\/\/www.europesays.com\/es\/wp-content\/uploads\/2025\/11\/1003744022426_260050389_1024x576.jpg\"  width=\"320\"\/><\/p>\n<p>                                                            Lobby del T3 Diagonal Mar<\/p>\n<p>                    Oriol G\u00f3mez<\/p>\n<p>                    Omicrono<\/p>\n<p class=\"paragraph\" id=\"paragraph_16\">\u00abAl llegar a las plantas superiores, los pilares de madera laminada se elevan como si fueran \u00e1rboles en un bosque\u00bb, aseguran desde el estudio de arquitectura. Lo que se busca es <strong>su integraci\u00f3n armoniosa con los \u00e1rboles del exterior<\/strong>, a trav\u00e9s de grandes ventanales panor\u00e1micos que tambi\u00e9n permiten la entrada de la luz natural.<\/p>\n<p class=\"paragraph\" id=\"paragraph_17\">Lo que diferencia el T3 Diagonal Mar de otros edificios construidos con madera es c\u00f3mo se han dise\u00f1ado los interiores para \u00abasegurar el m\u00e1ximo orden visual\u00bb. Eso ha implicado replantear las instalaciones para realzar la presencia del material, reforzando todos los pasos en <strong>j\u00e1cenas de madera laminada, vigas maestras que dan soporte estructural horizontal<\/strong>.<\/p>\n<p><img decoding=\"async\" alt=\"El robot  Hadrian X\" height=\"180\" loading=\"lazy\" width=\"320\" data-lazy-status=\"processed\" id=\"1c7583cfc6\" src=\"https:\/\/www.elespanol.com\/omicrono\/tecnologia\/20251129\/edificio-madera-espanol-premiado-mejor-mundo-usa-pino-carbonizado-humedad-fuego\/[\" https:=\"\" data-lazy-info=\"changed src\"\/><\/p>\n<p class=\"paragraph\" id=\"paragraph_18\">No todos los tipos de madera son iguales y en este caso han sido seleccionados con minuciosidad para <strong>ofrecer las mejores prestaciones, tanto estructurales como visuales<\/strong>. El Pino Insigne (Pinus radiata), caracter\u00edstico de la cornisa cant\u00e1brica, fue el elegido para la estructura portante y los montantes del muro cortina.<\/p>\n<p class=\"paragraph\" id=\"paragraph_19\">El pino Alerce Siberiano (Larix Sibirica) se eligi\u00f3 porque est\u00e1 m\u00e1s preparado para la exposici\u00f3n exterior. Si en los pilares del porche se presenta en crudo, en el revestimiento de la fachada<strong> est\u00e1 carbonizado, siguiendo una centenaria t\u00e9cnica japonesa<\/strong>. El conocido como m\u00e9todo Yakisugi se aplica para proteger la superficie de la madera de la humedad, la radiaci\u00f3n solar, los insectos y el fuego.<\/p>\n<p class=\"paragraph\" id=\"paragraph_20\">El otro elemento singular del edificio, su <strong>envolvente de 1.415 m2, se construy\u00f3 a base de paneles prefabricados<\/strong> de un metro de altura, y se disponen a lo largo del forjado de madera contralaminada. Su funci\u00f3n principal es garantizar el aislamiento ac\u00fastico, pero tambi\u00e9n sirven para \u00abinstalar una carpinter\u00eda tipo muro cortina stick con montantes de madera y totalmente acristalada entre ellos\u00bb.<\/p>\n","protected":false},"excerpt":{"rendered":"La madera, uno de los materiales de construcci\u00f3n m\u00e1s antiguos del mundo, est\u00e1 de moda. La arquitectura contempor\u00e1nea&hellip;\n","protected":false},"author":2,"featured_media":261897,"comment_status":"","ping_status":"","sticky":false,"template":"","format":"standard","meta":{"footnotes":""},"categories":[173],"tags":[801,229,233,231,230,5297,232,234,11136,146,147,25,24,50235,23,120],"class_list":{"0":"post-261896","1":"post","2":"type-post","3":"status-publish","4":"format-standard","5":"has-post-thumbnail","7":"category-arte-y-diseno","8":"tag-arquitectura","9":"tag-arte","10":"tag-arte-y-diseno","11":"tag-arts","12":"tag-arts-and-design","13":"tag-construccion","14":"tag-design","15":"tag-diseno","16":"tag-edificios","17":"tag-entertainment","18":"tag-entretenimiento","19":"tag-es","20":"tag-espana","21":"tag-materiales","22":"tag-spain","23":"tag-tecnologia"},"share_on_mastodon":{"url":"https:\/\/pubeurope.com\/@es\/115632593365265676","error":""},"_links":{"self":[{"href":"https:\/\/www.europesays.com\/es\/wp-json\/wp\/v2\/posts\/261896","targetHints":{"allow":["GET"]}}],"collection":[{"href":"https:\/\/www.europesays.com\/es\/wp-json\/wp\/v2\/posts"}],"about":[{"href":"https:\/\/www.europesays.com\/es\/wp-json\/wp\/v2\/types\/post"}],"author":[{"embeddable":true,"href":"https:\/\/www.europesays.com\/es\/wp-json\/wp\/v2\/users\/2"}],"replies":[{"embeddable":true,"href":"https:\/\/www.europesays.com\/es\/wp-json\/wp\/v2\/comments?post=261896"}],"version-history":[{"count":0,"href":"https:\/\/www.europesays.com\/es\/wp-json\/wp\/v2\/posts\/261896\/revisions"}],"wp:featuredmedia":[{"embeddable":true,"href":"https:\/\/www.europesays.com\/es\/wp-json\/wp\/v2\/media\/261897"}],"wp:attachment":[{"href":"https:\/\/www.europesays.com\/es\/wp-json\/wp\/v2\/media?parent=261896"}],"wp:term":[{"taxonomy":"category","embeddable":true,"href":"https:\/\/www.europesays.com\/es\/wp-json\/wp\/v2\/categories?post=261896"},{"taxonomy":"post_tag","embeddable":true,"href":"https:\/\/www.europesays.com\/es\/wp-json\/wp\/v2\/tags?post=261896"}],"curies":[{"name":"wp","href":"https:\/\/api.w.org\/{rel}","templated":true}]}}