{"id":26190,"date":"2025-08-05T01:02:07","date_gmt":"2025-08-05T01:02:07","guid":{"rendered":"https:\/\/www.europesays.com\/es\/26190\/"},"modified":"2025-08-05T01:02:07","modified_gmt":"2025-08-05T01:02:07","slug":"sabias-que-te-metias-con-un-traqueto","status":"publish","type":"post","link":"https:\/\/www.europesays.com\/es\/26190\/","title":{"rendered":"\u201cSab\u00edas que te met\u00edas con un traqueto\u201d"},"content":{"rendered":"\n<p>La <a rel=\"noopener noreferrer nofollow\" href=\"https:\/\/www.elcolombiano.com\/cronologia\/noticias\/meta\/modelaje\" target=\"_blank\">modelo<\/a> y exparticipante de <a rel=\"noopener noreferrer nofollow\" href=\"https:\/\/www.elcolombiano.com\/cronologia\/noticias\/meta\/la-casa-de-los-famosos\" target=\"_blank\">La casa de los famosos<\/a> comparti\u00f3 en <a rel=\"noopener noreferrer nofollow\" href=\"https:\/\/www.elcolombiano.com\/cronologia\/noticias\/meta\/instagram\" target=\"_blank\">Instagram<\/a> capturas de pantalla en las que pueden leerse los mensajes que ha recibido por parte de su expareja. D\u00edas atr\u00e1s, <b>Gonz\u00e1lez hab\u00eda denunciado p\u00fablicamente en el programa <\/b><b>La Corona TV<\/b><b> que estaba siendo v\u00edctima de amenazas por parte de Moreno.<\/b><\/p>\n<p>En la red social, donde cuenta con casi un mill\u00f3n de seguidores, la influencer <b>public\u00f3 una historia en la que afirma que, si algo le llegara a ocurrir a ella o a su familia, el responsable ser\u00eda su exnovio<\/b>.<\/p>\n<p><b>Lea tambi\u00e9n: <a rel=\"noopener noreferrer nofollow\" href=\"https:\/\/www.elcolombiano.com\/colombia\/video-jhon-alex-castano-dice-que-alcalde-samaca-boyaca-amenazo-con-darle-plomo-IL28455278\" target=\"_blank\">Jhon Alex Casta\u00f1o denunci\u00f3 que un alcalde de Boyac\u00e1 amenaz\u00f3 con \u201cdarle bala\u201d en concierto y el mandatario le respondi\u00f3<\/a><\/b><\/p>\n<p>Gonz\u00e1lez tambi\u00e9n asegur\u00f3 en una transmisi\u00f3n en vivo que hab\u00eda tomado la decisi\u00f3n de hacer p\u00fablica la situaci\u00f3n para evitar que escale a mayores. Como evidencia, la creadora de contenido comparti\u00f3 conversaciones en <a rel=\"noopener noreferrer nofollow\" href=\"https:\/\/www.elcolombiano.com\/cronologia\/noticias\/meta\/whatsapp\" target=\"_blank\">WhatsApp<\/a> en las que puede leerse que su expareja le dice <b>\u201cNo voy a consentir que me dejes as\u00ed\u201d <\/b>y <b>\u201cT\u00fa sab\u00edas que te met\u00edas con un traqueto y sab\u00edas bien qui\u00e9n soy\u201d<\/b>.<\/p>\n<p>Adem\u00e1s, <b>en el <\/b><b>live<\/b><b> afirm\u00f3 que Moreno le envi\u00f3 una corona f\u00fanebre a sus padres en d\u00edas anteriores.<\/b> Como ella misma cont\u00f3 en La Corona TV, a su ex lo conoci\u00f3 en un viaje que realiz\u00f3 a <a rel=\"noopener noreferrer nofollow\" href=\"https:\/\/www.elcolombiano.com\/cronologia\/noticias\/meta\/Dubai\" target=\"_blank\">D\u00fabai<\/a>, donde public\u00f3 algunas fotograf\u00edas a comienzos de julio.<\/p>\n<p>    Juan Mart\u00edn Moreno Palomo reaccion\u00f3 a las acusaciones de Laura Gonz\u00e1lez   <\/p>\n<p>El hombre public\u00f3 un video en Instagram para hablar sobre las denuncias realizadas por la modelo. <b>Seg\u00fan Moreno, la influencer no cont\u00f3 la versi\u00f3n completa <\/b>y asegur\u00f3 que en el pa\u00eds del Oriente Medio \u00e9l tuvo que hacerse cargo de algunos de los gastos de Gonz\u00e1lez.<\/p>\n<p>\u201cFui yo el que pag\u00f3 los 7.000 d\u00edrhams para que pudieras entrar&#8230; Viv\u00edas en un apartamento de mierda con tu expareja que si es un estafador&#8230; <b>Por eso ibas de pa\u00eds es pa\u00eds corriendo, viv\u00edas en un apartamento de mierda, escondida, comi\u00e9ndote los mocos escondidos<\/b>\u201d, afirm\u00f3.<\/p>\n<p>La expareja de la creadora de contenido tambi\u00e9n dijo que <b>esta le debe m\u00e1s de 160 millones de pesos entre ropa de marca y accesorios comprados en Emiratos \u00c1rabes<\/b>. Moreno asegur\u00f3 que el \u00fanico de ella era viajar y hacer creer que viv\u00eda una vida llena de lujos y comodidades.<\/p>\n","protected":false},"excerpt":{"rendered":"La modelo y exparticipante de La casa de los famosos comparti\u00f3 en Instagram capturas de pantalla en las&hellip;\n","protected":false},"author":2,"featured_media":26191,"comment_status":"","ping_status":"","sticky":false,"template":"","format":"standard","meta":{"footnotes":""},"categories":[171],"tags":[146,147,25,24,1267,23,214],"class_list":{"0":"post-26190","1":"post","2":"type-post","3":"status-publish","4":"format-standard","5":"has-post-thumbnail","7":"category-tv","8":"tag-entertainment","9":"tag-entretenimiento","10":"tag-es","11":"tag-espana","12":"tag-noticias-el-colombiano","13":"tag-spain","14":"tag-tv"},"share_on_mastodon":{"url":"","error":""},"_links":{"self":[{"href":"https:\/\/www.europesays.com\/es\/wp-json\/wp\/v2\/posts\/26190","targetHints":{"allow":["GET"]}}],"collection":[{"href":"https:\/\/www.europesays.com\/es\/wp-json\/wp\/v2\/posts"}],"about":[{"href":"https:\/\/www.europesays.com\/es\/wp-json\/wp\/v2\/types\/post"}],"author":[{"embeddable":true,"href":"https:\/\/www.europesays.com\/es\/wp-json\/wp\/v2\/users\/2"}],"replies":[{"embeddable":true,"href":"https:\/\/www.europesays.com\/es\/wp-json\/wp\/v2\/comments?post=26190"}],"version-history":[{"count":0,"href":"https:\/\/www.europesays.com\/es\/wp-json\/wp\/v2\/posts\/26190\/revisions"}],"wp:featuredmedia":[{"embeddable":true,"href":"https:\/\/www.europesays.com\/es\/wp-json\/wp\/v2\/media\/26191"}],"wp:attachment":[{"href":"https:\/\/www.europesays.com\/es\/wp-json\/wp\/v2\/media?parent=26190"}],"wp:term":[{"taxonomy":"category","embeddable":true,"href":"https:\/\/www.europesays.com\/es\/wp-json\/wp\/v2\/categories?post=26190"},{"taxonomy":"post_tag","embeddable":true,"href":"https:\/\/www.europesays.com\/es\/wp-json\/wp\/v2\/tags?post=26190"}],"curies":[{"name":"wp","href":"https:\/\/api.w.org\/{rel}","templated":true}]}}