{"id":261904,"date":"2025-11-29T10:53:12","date_gmt":"2025-11-29T10:53:12","guid":{"rendered":"https:\/\/www.europesays.com\/es\/261904\/"},"modified":"2025-11-29T10:53:12","modified_gmt":"2025-11-29T10:53:12","slug":"1-300-personas-tienen-vih-en-extremadura-pero-18-no-lo-sabe-y-desconoce-enfermedad","status":"publish","type":"post","link":"https:\/\/www.europesays.com\/es\/261904\/","title":{"rendered":"1.300 personas tienen VIH en Extremadura pero, 18% no lo sabe y desconoce enfermedad"},"content":{"rendered":"<p>1.300 personas tienen VIH en Extremadura pero, 18% no lo sabe y desconoce enfermedad<\/p>\n<p> <a title=\"Enlace a quiron 2025\" href=\"https:\/\/www.regiondigital.com\/publicidad\/count\/1698\" target=\"_blank\" rel=\"nofollow noopener\"><img loading=\"lazy\" decoding=\"async\" data-id=\"1698\" src=\"https:\/\/www.europesays.com\/es\/wp-content\/uploads\/2025\/11\/183287_quiron.jpg\" longdesc=\"https:\/\/www.regiondigital.com\/media\/ld\/\/media\/files\/183287_quiron.jpg\" class=\"center-block\" width=\"1170\" height=\"155\" style=\"border:0;\" alt=\"quiron 2025\" title=\"quiron 2025\"\/><\/a><\/p>\n<p>  <a href=\"https:\/\/digitalpress.es\/\" target=\"_blank\" rel=\"nofollow noopener\"><br \/>\n    <img decoding=\"async\" src=\"https:\/\/www.regiondigital.com\/vistas\/img\/digital-press.svg\" alt=\"Regi\u00f3n Digital\" title=\"Regi\u00f3n Digital\" class=\"img-responsive img-otroportal2\"\/><br \/>\n  <\/a><\/p>\n<p><a href=\"https:\/\/www.regiondigital.com\/\" rel=\"nofollow noopener\" target=\"_blank\">Inicio<\/a>  \/ <a href=\"https:\/\/www.regiondigital.com\/noticias\/1-portada\/\" rel=\"nofollow noopener\" target=\"_blank\">Portada<\/a> \/ 1.300 personas tienen VIH en Extremadura pero, 18% no lo sabe y desconoce enfermedad<\/p>\n<p>Se ha hecho un llamamiento a la prevenci\u00f3n y ha hecho hincapi\u00e9 en la utilizaci\u00f3n de m\u00e9todos de barrera como el preservativo<\/p>\n<p><strong>29 noviembre 2025<\/strong><\/p>\n<p>\t <img decoding=\"async\" src=\"https:\/\/www.regiondigital.com\/vistas\/img\/logo-pie.svg\" alt=\"Regi\u00f3n Digital\" title=\"Regi\u00f3n Digital\" class=\"img-otroportal img-responsive\"\/><\/p>\n<p>         \t<img decoding=\"async\" title=\"Grupo Digital Press\" src=\"https:\/\/www.europesays.com\/es\/wp-content\/uploads\/2025\/07\/digital-press-pie.png\" class=\"bottom20\"\/><\/p>\n","protected":false},"excerpt":{"rendered":"1.300 personas tienen VIH en Extremadura pero, 18% no lo sabe y desconoce enfermedad Inicio \/ Portada \/&hellip;\n","protected":false},"author":2,"featured_media":261905,"comment_status":"","ping_status":"","sticky":false,"template":"","format":"standard","meta":{"footnotes":""},"categories":[92],"tags":[10357,119,978,57423,2996,25,24,9898,3575,165,13838,1294,22260,3477,597,166,23,7772,6877,8037],"class_list":{"0":"post-261904","1":"post","2":"type-post","3":"status-publish","4":"format-standard","5":"has-post-thumbnail","7":"category-salud","8":"tag-acto","9":"tag-ciencia","10":"tag-dia","11":"tag-dignidad","12":"tag-enfermedad","13":"tag-es","14":"tag-espana","15":"tag-estan","16":"tag-han","17":"tag-health","18":"tag-hecho","19":"tag-investigacion","20":"tag-llamamiento","21":"tag-personas","22":"tag-prevencion","23":"tag-salud","24":"tag-spain","25":"tag-tienen","26":"tag-vih","27":"tag-viven"},"share_on_mastodon":{"url":"https:\/\/pubeurope.com\/@es\/115632617216288580","error":""},"_links":{"self":[{"href":"https:\/\/www.europesays.com\/es\/wp-json\/wp\/v2\/posts\/261904","targetHints":{"allow":["GET"]}}],"collection":[{"href":"https:\/\/www.europesays.com\/es\/wp-json\/wp\/v2\/posts"}],"about":[{"href":"https:\/\/www.europesays.com\/es\/wp-json\/wp\/v2\/types\/post"}],"author":[{"embeddable":true,"href":"https:\/\/www.europesays.com\/es\/wp-json\/wp\/v2\/users\/2"}],"replies":[{"embeddable":true,"href":"https:\/\/www.europesays.com\/es\/wp-json\/wp\/v2\/comments?post=261904"}],"version-history":[{"count":0,"href":"https:\/\/www.europesays.com\/es\/wp-json\/wp\/v2\/posts\/261904\/revisions"}],"wp:featuredmedia":[{"embeddable":true,"href":"https:\/\/www.europesays.com\/es\/wp-json\/wp\/v2\/media\/261905"}],"wp:attachment":[{"href":"https:\/\/www.europesays.com\/es\/wp-json\/wp\/v2\/media?parent=261904"}],"wp:term":[{"taxonomy":"category","embeddable":true,"href":"https:\/\/www.europesays.com\/es\/wp-json\/wp\/v2\/categories?post=261904"},{"taxonomy":"post_tag","embeddable":true,"href":"https:\/\/www.europesays.com\/es\/wp-json\/wp\/v2\/tags?post=261904"}],"curies":[{"name":"wp","href":"https:\/\/api.w.org\/{rel}","templated":true}]}}