{"id":261906,"date":"2025-11-29T10:54:13","date_gmt":"2025-11-29T10:54:13","guid":{"rendered":"https:\/\/www.europesays.com\/es\/261906\/"},"modified":"2025-11-29T10:54:13","modified_gmt":"2025-11-29T10:54:13","slug":"audiencias-tv-la-voz-recupera-el-liderato-con-su-primera-semifinal-tras-la-caida-experimentada-por-de-viernes-116","status":"publish","type":"post","link":"https:\/\/www.europesays.com\/es\/261906\/","title":{"rendered":"Audiencias TV | &#8216;La Voz&#8217; recupera el liderato con su primera semifinal tras la ca\u00edda experimentada por &#8216;\u00a1De viernes!&#8217; (11,6%)"},"content":{"rendered":"\n<p> <strong>El programa <\/strong><strong>La Voz<\/strong><strong> recuper\u00f3 anoche el liderazgo perdido durante las \u00faltimas tres semanas<\/strong> gracias a su primera semifinal. El talent musical que presenta Eva Gonz\u00e1lez gan\u00f3 7 d\u00e9cimas, pero cerr\u00f3 la gala menos vista de la actual edici\u00f3n.  <\/p>\n<p> Anoche, el formato de ITV Studios Iberia firm\u00f3 un 11,9% con solo 916.000 espectadores. Pierde, por tanto, 14.000 seguidores y <strong>se queda, por segunda semana consecutiva, sin superar la barrera del mill\u00f3n de personas<\/strong>. En la pasada edici\u00f3n, tan solo una gala se qued\u00f3 sin rebasar dicha cifra (Playoffs: 998.000 y 12,5%). <\/p>\n<p> <strong>El programa de Antena 3 arranc\u00f3 este viernes con las emisiones en directo<\/strong>, de modo que, un a\u00f1o m\u00e1s, los espectadores podr\u00e1n votar por su artista favorito a trav\u00e9s de la web del programa. El pr\u00f3ximo viernes, tendr\u00e1 lugar la segunda semifinal. <\/p>\n<p> <strong>Audiencias de <\/strong><strong>La Voz 2025<\/strong> <\/p>\n<ul class=\"bodyList bodyList--unordered\">\n<li class=\"bodyList__item\">Audiciones a ciegas I (19\/09\/2025): 15,3% y 1.152.000<\/li>\n<li class=\"bodyList__item\">Audiciones a ciegas II (26\/09\/2025): 13,2% y 1.070.000<\/li>\n<li class=\"bodyList__item\">Audiciones a ciegas III (03\/10\/2025): 15% y 1.227.000<\/li>\n<li class=\"bodyList__item\">Audiciones a ciegas IV (10\/10\/2025): 13,6% y 1.162.000<\/li>\n<li class=\"bodyList__item\">Audiciones a ciegas V (17\/10\/2025): 13,4% y 1.126.000<\/li>\n<li class=\"bodyList__item\">Audiciones a ciegas VI (24\/10\/2025): 13,9% y 1.178.000<\/li>\n<li class=\"bodyList__item\">La gran batalla (31\/10\/2025): 13,7% y 889.000<\/li>\n<li class=\"bodyList__item\">Los asaltos I (07\/11\/2025): 12,9% y 1.047.000<\/li>\n<li class=\"bodyList__item\">Los asaltos II (14\/11\/2025): 12,3% y 1.009.000<\/li>\n<li class=\"bodyList__item\">Los asaltos III (21\/11\/2025): 11,2% y 930.000<\/li>\n<li class=\"bodyList__item\">Semifinal I (28\/11\/2025): 11,9% y 916.000<\/li>\n<\/ul>\n<p> A primera hora, <strong>La Voz: a punto de empezar<\/strong><strong> firm\u00f3 un 9% con 1.026.000 espectadores<\/strong>. La semana pasada cosech\u00f3 un 9,8% (1.129.000), de modo que cae 8 d\u00e9cimas y algo m\u00e1s de 100.000 espectadores. <\/p>\n<blockquote class=\"twitter-tweet\">\n<p lang=\"es\" dir=\"ltr\">Vibramos con <a href=\"https:\/\/twitter.com\/hashtag\/LaVozSemifinal1?src=hash&amp;ref_src=twsrc%5Etfw\" rel=\"nofollow noopener\" target=\"_blank\">#LaVozSemifinal1<\/a> en el prime de <a href=\"https:\/\/twitter.com\/antena3com?ref_src=twsrc%5Etfw\" rel=\"nofollow noopener\" target=\"_blank\">@antena3com<\/a> LIDERANDO su franja de emisi\u00f3n con un 11.9% de cuota y 916.000 de audiencia media<\/p>\n<p>?\u200d? Suma 3.261.000 espectadores \u00fanicos<\/p>\n<p>?\u200d? Su aportaci\u00f3n al canal roza el 20%<a href=\"https:\/\/twitter.com\/hashtag\/QueVivaLaTele?src=hash&amp;ref_src=twsrc%5Etfw\" rel=\"nofollow noopener\" target=\"_blank\">#QueVivaLaTele<\/a> <a href=\"https:\/\/twitter.com\/hashtag\/Audiencias?src=hash&amp;ref_src=twsrc%5Etfw\" rel=\"nofollow noopener\" target=\"_blank\">#Audiencias<\/a> <a href=\"https:\/\/t.co\/QYd8yfDNM3\" rel=\"nofollow\">pic.twitter.com\/QYd8yfDNM3<\/a><\/p>\n<p>\u2014 Dos30&#8242; (@Dos30TV) <a href=\"https:\/\/twitter.com\/Dos30TV\/status\/1994670065934111087?ref_src=twsrc%5Etfw\" rel=\"nofollow noopener\" target=\"_blank\">November 29, 2025<\/a><\/p><\/blockquote>\n<p>           Telecinco           <\/p>\n<p> <strong>El programa <\/strong><strong>\u00a1De viernes!<\/strong><strong> perdi\u00f3 este viernes el liderato tras sufrir una ca\u00edda global de 2,5 puntos<\/strong>. El programa anot\u00f3 un 11,6% con 857.000 espectadores, lo que hizo que perdiera la primera posici\u00f3n de la noche despu\u00e9s de tres semanas. <\/p>\n<p> <strong>El espacio de Santi Acosta y Beatriz Archidona no pudo vencer a <\/strong><strong>La Voz<\/strong> con sus entrevistas a Andrea de la Torre, exmujer de Jos\u00e9 Luis \u00c1balos; Dulce Delapiedra, exni\u00f1era de Isa Pantoja; y la empresaria paraguaya Gabriella Guill\u00e9n, expareja de Bert\u00edn Osborne. <\/p>\n<p> Telecinco opt\u00f3 anoche por trocear su programa para as\u00ed inflar el tramo principal, sin embargo, la maniobra no dio sus frutos. <strong>La edici\u00f3n expr\u00e9s pinch\u00f3 con un 7,2%<\/strong> y 823.000 seguidores. <\/p>\n<p> <strong>Audiencias de <\/strong><strong>\u00a1De viernes!<\/strong><strong> (Noviembre)<\/strong> <\/p>\n<ul class=\"bodyList bodyList--unordered\">\n<li class=\"bodyList__item\">D\u00eda 7: 14,3% (1.092.000)<\/li>\n<li class=\"bodyList__item\">D\u00eda 14: 14,3% (1.127.000)<\/li>\n<li class=\"bodyList__item\">D\u00eda 21: 14,1% (1.096.000)<\/li>\n<li class=\"bodyList__item\">D\u00eda 28: 11,6% (857.000) | Access: 7,2% (823.000)<\/li>\n<\/ul>\n<blockquote class=\"twitter-tweet\">\n<p lang=\"es\" dir=\"ltr\">Sigue en uno de sus mejores momentos <a href=\"https:\/\/twitter.com\/hashtag\/DeViernes?src=hash&amp;ref_src=twsrc%5Etfw\" rel=\"nofollow noopener\" target=\"_blank\">#DeViernes<\/a> en <a href=\"https:\/\/twitter.com\/telecincoes?ref_src=twsrc%5Etfw\" rel=\"nofollow noopener\" target=\"_blank\">@telecincoes<\/a> al firmar un 11.6% de cuota, 857.000 de audiencia media y 3.438.000 espectadores \u00fanicos<\/p>\n<p>? +24.3% de plusval\u00edas con el canal<\/p>\n<p>? Contenido no informativo + visto del canal<a href=\"https:\/\/twitter.com\/hashtag\/QueVivaLaTele?src=hash&amp;ref_src=twsrc%5Etfw\" rel=\"nofollow noopener\" target=\"_blank\">#QueVivaLaTele<\/a> <a href=\"https:\/\/twitter.com\/hashtag\/Audiencias?src=hash&amp;ref_src=twsrc%5Etfw\" rel=\"nofollow noopener\" target=\"_blank\">#Audiencias<\/a> <a href=\"https:\/\/t.co\/xCy0aC7hrx\" rel=\"nofollow\">pic.twitter.com\/xCy0aC7hrx<\/a><\/p>\n<p>\u2014 Dos30&#8242; (@Dos30TV) <a href=\"https:\/\/twitter.com\/Dos30TV\/status\/1994670633834168657?ref_src=twsrc%5Etfw\" rel=\"nofollow noopener\" target=\"_blank\">November 29, 2025<\/a><\/p><\/blockquote>\n<p>           Cuatro           <\/p>\n<p> <strong>Las citas de <\/strong><strong>First Dates<\/strong><strong> cosecharon este viernes un 7,3% con 821.000 espectadores<\/strong>. El programa de Carlos Sobera no pudo mantener los datos del jueves, pero anot\u00f3 su segunda mejor cuota de la semana. Con respecto al pasado viernes (7,2% y 817.000), el espacio de Cuatro sube una d\u00e9cima (+4.000 seguidores). <\/p>\n<p> <strong>Audiencia semanal<\/strong> <\/p>\n<ul class=\"bodyList bodyList--unordered\">\n<li class=\"bodyList__item\">Lunes 24: 6,7% y 844.000<\/li>\n<li class=\"bodyList__item\">Martes 25: 5,9% y 771.000<\/li>\n<li class=\"bodyList__item\">Mi\u00e9rcoles 26: 5,1% y 643.000<\/li>\n<li class=\"bodyList__item\">Jueves 27: 8,5% y 1.030.000<\/li>\n<li class=\"bodyList__item\">Viernes: 7,3% y 821.000<\/li>\n<\/ul>\n<p> A continuaci\u00f3n, <strong>la pel\u00edcula <\/strong><strong>Uncharted<\/strong><strong> (2022)<\/strong>, dirigida por Ruben Fleischer y protagonizada por Tom Holland, Mark Wahlberg  Sophia Ali, entre otros, <strong>subi\u00f3 la media de la cadena hasta el 8% (741.000)<\/strong>. El Blockbuster dej\u00f3 muy atr\u00e1s el triste 4,2% (391.000) que registr\u00f3 hace una semana con la emisi\u00f3n de Devotion, una historia de h\u00e9roes (2022). <\/p>\n<blockquote class=\"twitter-tweet\">\n<p lang=\"es\" dir=\"ltr\">? EL BLOCKBUSTER en <a href=\"https:\/\/twitter.com\/cuatro?ref_src=twsrc%5Etfw\" rel=\"nofollow noopener\" target=\"_blank\">@cuatro<\/a> obtuvo 2.843.000 ESPECTADORES \u00daNICOS (AA).<\/p>\n<p>? &#8216;UNCHARTED&#8217; registr\u00f3 741.000 espectadores de media y un 8,0% de cuota de pantalla.<a href=\"https:\/\/twitter.com\/hashtag\/Blockbuster?src=hash&amp;ref_src=twsrc%5Etfw\" rel=\"nofollow noopener\" target=\"_blank\">#Blockbuster<\/a><a href=\"https:\/\/twitter.com\/hashtag\/Audiencias?src=hash&amp;ref_src=twsrc%5Etfw\" rel=\"nofollow noopener\" target=\"_blank\">#Audiencias<\/a>?? <a href=\"https:\/\/t.co\/Kn8V8QDRe2\" rel=\"nofollow\">pic.twitter.com\/Kn8V8QDRe2<\/a><\/p>\n<p>\u2014 Barlovento Comunicaci\u00f3n (@blvcom) <a href=\"https:\/\/twitter.com\/blvcom\/status\/1994685203156238662?ref_src=twsrc%5Etfw\" rel=\"nofollow noopener\" target=\"_blank\">November 29, 2025<\/a><\/p><\/blockquote>\n<p>           Cadenas: Antena 3 gana el viernes           <\/p>\n<p> La cadena principal de Atresmedia <strong>cerr\u00f3 la jornada en primera posici\u00f3n tras promediar un 13,7%<\/strong>. La 1 qued\u00f3 segunda, con un 12%. La distancia entre ambas fue de 1,3 puntos. Tras ellas se situ\u00f3 el conjunto de cadenas tem\u00e1ticas de pago, con una media del 10,1%. Ninguna otra cadena super\u00f3 el doble d\u00edgito. <\/p>\n<p> M\u00e1s abajo quedaron<strong> Telecinco (9,3%), la FORTA (8,8%), La Sexta (7,1%) y Cuatro (6%)<\/strong>. La 2 de TVE alcanz\u00f3 este viernes un 3,5%. <\/p>\n<p> <strong>El programa <\/strong><strong>La Voz<\/strong><strong> recuper\u00f3 anoche el liderazgo perdido durante las \u00faltimas tres semanas<\/strong> gracias a su primera semifinal. El talent musical que presenta Eva Gonz\u00e1lez gan\u00f3 7 d\u00e9cimas, pero cerr\u00f3 la gala menos vista de la actual edici\u00f3n.  <\/p>\n<p>              <script async src=\"https:\/\/platform.twitter.com\/widgets.js\" charset=\"utf-8\"><\/script><\/p>\n","protected":false},"excerpt":{"rendered":"El programa La Voz recuper\u00f3 anoche el liderazgo perdido durante las \u00faltimas tres semanas gracias a su primera&hellip;\n","protected":false},"author":2,"featured_media":261907,"comment_status":"","ping_status":"","sticky":false,"template":"","format":"standard","meta":{"footnotes":""},"categories":[91],"tags":[146,147,25,24,23],"class_list":{"0":"post-261906","1":"post","2":"type-post","3":"status-publish","4":"format-standard","5":"has-post-thumbnail","7":"category-entretenimiento","8":"tag-entertainment","9":"tag-entretenimiento","10":"tag-es","11":"tag-espana","12":"tag-spain"},"share_on_mastodon":{"url":"https:\/\/pubeurope.com\/@es\/115632620865524980","error":""},"_links":{"self":[{"href":"https:\/\/www.europesays.com\/es\/wp-json\/wp\/v2\/posts\/261906","targetHints":{"allow":["GET"]}}],"collection":[{"href":"https:\/\/www.europesays.com\/es\/wp-json\/wp\/v2\/posts"}],"about":[{"href":"https:\/\/www.europesays.com\/es\/wp-json\/wp\/v2\/types\/post"}],"author":[{"embeddable":true,"href":"https:\/\/www.europesays.com\/es\/wp-json\/wp\/v2\/users\/2"}],"replies":[{"embeddable":true,"href":"https:\/\/www.europesays.com\/es\/wp-json\/wp\/v2\/comments?post=261906"}],"version-history":[{"count":0,"href":"https:\/\/www.europesays.com\/es\/wp-json\/wp\/v2\/posts\/261906\/revisions"}],"wp:featuredmedia":[{"embeddable":true,"href":"https:\/\/www.europesays.com\/es\/wp-json\/wp\/v2\/media\/261907"}],"wp:attachment":[{"href":"https:\/\/www.europesays.com\/es\/wp-json\/wp\/v2\/media?parent=261906"}],"wp:term":[{"taxonomy":"category","embeddable":true,"href":"https:\/\/www.europesays.com\/es\/wp-json\/wp\/v2\/categories?post=261906"},{"taxonomy":"post_tag","embeddable":true,"href":"https:\/\/www.europesays.com\/es\/wp-json\/wp\/v2\/tags?post=261906"}],"curies":[{"name":"wp","href":"https:\/\/api.w.org\/{rel}","templated":true}]}}