{"id":261912,"date":"2025-11-29T10:57:08","date_gmt":"2025-11-29T10:57:08","guid":{"rendered":"https:\/\/www.europesays.com\/es\/261912\/"},"modified":"2025-11-29T10:57:08","modified_gmt":"2025-11-29T10:57:08","slug":"hong-kong-llora-las-victimas-del-incendio-y-exige-responsabilidades","status":"publish","type":"post","link":"https:\/\/www.europesays.com\/es\/261912\/","title":{"rendered":"Hong Kong llora las v\u00edctimas del incendio y exige responsabilidades"},"content":{"rendered":"<p class=\"L6-news-detail__text\">Este mi\u00e9rcoles la ciudad de <b><a title=\"Hong Kong\" href=\"https:\/\/www.lasexta.com\/temas\/hong_kong-1\" target=\"_blank\" rel=\"nofollow noopener\">Hong Kong<\/a><\/b>, <b><a title=\"China\" href=\"https:\/\/www.lasexta.com\/temas\/china-1\" target=\"_blank\" rel=\"nofollow noopener\">China<\/a><\/b>, se par\u00f3. Un gran complejo de viviendas<b> se reduc\u00eda a cenizas<\/b> en un incendio que se cobr\u00f3 la vida de al menos 128 personas y que dej\u00f3 alrededor de 200 desaparecidos y cientos de domicilios calcinados. Con sus calles repletas de flores y con familiares y ciudadanos lamentando lo ocurrido entre sollozos, el fuego se convert\u00eda en el culpable de la peor tragedia que ha sufrido la regi\u00f3n en m\u00e1s de tres d\u00e9cadas.<\/p>\n<p class=\"L6-news-detail__text\">Las autoridades de la zona, con su m\u00e1ximo dirigente, John Lee a la cabeza, han protagonizado este s\u00e1bado <b>tres minutos de silencio<\/b> en el comienzo de los tres d\u00edas de luto oficial declarados en recuerdo de los fallecidos en el complejo de Wang Fuk, en el barrio de Tai Po. A las banderas a media asta en todos los edificios institucionales de la ciudad se sumar\u00e1 la instalaci\u00f3n de \u00abpuntos de condolencias\u00bb en los 18 distritos con libros para que los ciudadanos dediquen por escrito un \u00faltimo adi\u00f3s a las v\u00edctimas.<\/p>\n<p>Las obras, en el punto de mira<\/p>\n<p class=\"L6-news-detail__text\">Pese a que se investigan las causas de la tragedia, todo dato recabado apunta a las obras. Y es que todo estaba mal en la estructura. Las lonas que cubr\u00edan la fachada del edificio<b> no eran ign\u00edfugas<\/b> y en caso de emergencia, las alarmas no funcionaban bien. Pese a que no se sabe qu\u00e9 es lo que lo inici\u00f3, s\u00ed se conoce qu\u00e9 fue lo que hizo que se propagase tan r\u00e1pidamente.<\/p>\n<p class=\"L6-news-detail__text\">Si algo llam\u00f3 la atenci\u00f3n fue la velocidad del fuego arrasando las torres, que sumaban casi 2.000 viviendas y albergaban a unos 4.600 residentes y que estaban en proceso de renovaci\u00f3n. El complejo estaba rodeado de <b>andamios de bamb\u00fa<\/b> recubiertos con mallas de seguridad, lonas impermeables y \u2014seg\u00fan las primeras pesquisas\u2014 planchas de poliestireno expansivo altamente inflamables, un material prohibido que habr\u00eda favorecido la propagaci\u00f3n vertical y horizontal de las llamas.<\/p>\n<p class=\"L6-news-detail__text\">Por su parte, los bomberos detectaron tambi\u00e9n ventanas selladas con poliestireno en uno de los bloques menos afectados, lo que refuerza la hip\u00f3tesis de <b>graves deficiencias<\/b> en las obras de rehabilitaci\u00f3n.<\/p>\n<p class=\"L6-news-detail__text\">La <b>alerta se activ\u00f3 a las 14.51 <\/b>horas de este mi\u00e9rcoles (07.51 en Espa\u00f1a peninsular), cuando se escucharon los primeros gritos de alerta al ver un peque\u00f1o incendio en la planta baja del edificio. Sin embargo, en cuesti\u00f3n de minutos, la voracidad de las llamas avanzaron a los pisos superiores alcanzando siete de los ocho bloques de la urbanizaci\u00f3n de 31 plantas. Tal fue la rapidez que en tan solo 43 minutos, la clasificaci\u00f3n del incendio <b>pas\u00f3 del nivel 1 al 4<\/b>, alcanzando el m\u00e1ximo nivel 5 a las 18.22.<\/p>\n<p class=\"L6-news-detail__text\">Y as\u00ed, en un abrir y cerrar de ojos, cientos de vidas se truncaban en un escenario de terror y llamas, andamios y escombros.<\/p>\n<p>Una tragedia por la que buscan culpables<\/p>\n<p class=\"L6-news-detail__text\">En paralelo, la Polic\u00eda anunciaba la detenci\u00f3n de ocho hombres. Todos ellos son directivos de la <b>empresa supervisora del mantenimiento<\/b> y de la constructora de las obras, que tiene un amplio historial por incumplimiento en la seguridad. Estos se enfrentan a las acusaciones por homicidio involuntario y negligencia grave por el uso de materiales no homologados y por pr\u00e1cticas que habr\u00edan agravado el desastre.<\/p>\n<p class=\"L6-news-detail__text\">Horas despu\u00e9s, tres de ellos ya han recibido la <b>libertad bajo fianza<\/b> en las \u00faltimas horas: dos directores y un consultor de ingenier\u00eda. Mientras, el Gobierno chino asum\u00eda la mayor parte de las labores de rescate, que prosiguen en este momento. A su vez, los voluntarios tambi\u00e9n han acudido al lugar cada d\u00eda.<\/p>\n<p class=\"L6-news-detail__text\"><b><a title=\"*Sigue a laSexta en Google. Toda la actualidad y el mejor contenido aqu\u00ed.\" href=\"https:\/\/profile.google.com\/cp\/CgkvbS8wZG5xejA\" target=\"_blank\" rel=\"nofollow noopener\">*Sigue a laSexta en Google. Toda la actualidad y el mejor contenido aqu\u00ed.<\/a><\/b><\/p>\n<p class=\"L6-support-news-video__title\">Habla sin pruebas<\/p>\n<p>            <a href=\"https:\/\/www.lasexta.com\/noticias\/nacional\/juez-medios-rescate-air-europa-investigado-justicia-convierte-municion-abalos-sanchez_20251128692a1fa555584d48fb6214c3.html\" class=\"L6-news__link\" rel=\"nofollow noopener\" target=\"_blank\"><br \/>\n                Al juez no, a los medios s\u00ed: el rescate de Air Europa ya investigado por la Justicia se convierte en munici\u00f3n de \u00c1balos contra S\u00e1nchez<\/p>\n<p class=\"recirculation-video-desc\">\u00bfPor qu\u00e9 es importante? \u00c1balos ha lanzado acusaciones contra Bego\u00f1a G\u00f3mez antes de su entrada en prisi\u00f3n pero sigue sin aportar ninguna prueba que demuestre su intervenci\u00f3n en el rescate.<\/p>\n<p>            <\/a><\/p>\n","protected":false},"excerpt":{"rendered":"Este mi\u00e9rcoles la ciudad de Hong Kong, China, se par\u00f3. Un gran complejo de viviendas se reduc\u00eda a&hellip;\n","protected":false},"author":2,"featured_media":261913,"comment_status":"","ping_status":"","sticky":false,"template":"","format":"standard","meta":{"footnotes":""},"categories":[42],"tags":[17,18,13,14,11,61,62,63,64,19,20,9,10,15,16,12,21,22,65,66,67],"class_list":{"0":"post-261912","1":"post","2":"type-post","3":"status-publish","4":"format-standard","5":"has-post-thumbnail","7":"category-internacional","8":"tag-breaking-news","9":"tag-breakingnews","10":"tag-featured-news","11":"tag-featurednews","12":"tag-headlines","13":"tag-internacional","14":"tag-international","15":"tag-international-news","16":"tag-internationalnews","17":"tag-latest-news","18":"tag-latestnews","19":"tag-news","20":"tag-noticias","21":"tag-noticias-destacadas","22":"tag-noticiasdestacadas","23":"tag-titulares","24":"tag-ultimas-noticias","25":"tag-ultimasnoticias","26":"tag-world","27":"tag-world-news","28":"tag-worldnews"},"share_on_mastodon":{"url":"","error":""},"_links":{"self":[{"href":"https:\/\/www.europesays.com\/es\/wp-json\/wp\/v2\/posts\/261912","targetHints":{"allow":["GET"]}}],"collection":[{"href":"https:\/\/www.europesays.com\/es\/wp-json\/wp\/v2\/posts"}],"about":[{"href":"https:\/\/www.europesays.com\/es\/wp-json\/wp\/v2\/types\/post"}],"author":[{"embeddable":true,"href":"https:\/\/www.europesays.com\/es\/wp-json\/wp\/v2\/users\/2"}],"replies":[{"embeddable":true,"href":"https:\/\/www.europesays.com\/es\/wp-json\/wp\/v2\/comments?post=261912"}],"version-history":[{"count":0,"href":"https:\/\/www.europesays.com\/es\/wp-json\/wp\/v2\/posts\/261912\/revisions"}],"wp:featuredmedia":[{"embeddable":true,"href":"https:\/\/www.europesays.com\/es\/wp-json\/wp\/v2\/media\/261913"}],"wp:attachment":[{"href":"https:\/\/www.europesays.com\/es\/wp-json\/wp\/v2\/media?parent=261912"}],"wp:term":[{"taxonomy":"category","embeddable":true,"href":"https:\/\/www.europesays.com\/es\/wp-json\/wp\/v2\/categories?post=261912"},{"taxonomy":"post_tag","embeddable":true,"href":"https:\/\/www.europesays.com\/es\/wp-json\/wp\/v2\/tags?post=261912"}],"curies":[{"name":"wp","href":"https:\/\/api.w.org\/{rel}","templated":true}]}}