{"id":261914,"date":"2025-11-29T10:58:09","date_gmt":"2025-11-29T10:58:09","guid":{"rendered":"https:\/\/www.europesays.com\/es\/261914\/"},"modified":"2025-11-29T10:58:09","modified_gmt":"2025-11-29T10:58:09","slug":"podrias-enamorarte-de-alguien-que-vota-diferente","status":"publish","type":"post","link":"https:\/\/www.europesays.com\/es\/261914\/","title":{"rendered":"\u00bfPodr\u00edas enamorarte de alguien que vota diferente?"},"content":{"rendered":"<p>Sara, 45 a\u00f1os, divorciada, un hijo, no bebe alcohol, no fuma, le gusta el cine, los juegos de mesa, juega al padel y se define como persona fiel, cari\u00f1osa y familiar. Busca pareja estable. Y a\u00f1ade: soy de izquierdas. <\/p>\n<p>El de Sara es un perfil al uso de los miles que circulan en las aplicaciones de citas y entre quienes las utilizan coinciden en que<strong> la ideolog\u00eda se ha convertido en un filtro importante<\/strong> a tener en cuenta para decidir a qui\u00e9n conocer y a qui\u00e9n descartar. \u00bfHar\u00edas &#8216;match&#8217; con alguien que se define de derechas o de izquierdas si tu ideolog\u00eda es la contraria?<\/p>\n<p>Dos que duermen en el mismo colch\u00f3n se vuelven de la misma condici\u00f3n. O no. La homogamia en la pareja se refiere a la tendencia a buscar con quien compartir la vida atendiendo a caracter\u00edsticas similares, relacionadas con diferentes aspectos: desde las caracter\u00edsticas y condiciones f\u00edsicas a la raza y religi\u00f3n, pasando por el nivel educativo, social, econ\u00f3mico o cultural. Y por supuesto, y cada vez m\u00e1s, la ideolog\u00eda. <\/p>\n<p>En Espa\u00f1a no se ha llegado al extremo de EE.UU., donde ya existe un <strong>&#8216;Tinder de derechas&#8217;- The Right Stuff<\/strong>&#8211; pensado para los que <strong>solo quieren tener citas con votantes republicanos<\/strong>, aunque s\u00ed hay aplicaciones para entablar relaciones en exclusiva con personas cat\u00f3licas. <\/p>\n<p>Pero<strong> la polarizaci\u00f3n pol\u00edtica se ha convertido en uno de los grandes fen\u00f3menos sociales de nuestro tiempo<\/strong> y entre las distintas formas de polarizaci\u00f3n, la Revista Espa\u00f1ola de Sociolog\u00eda usa ya el t\u00e9rmino <strong>polarizaci\u00f3n afectiva<\/strong> en su art\u00edculo &#8216;<a href=\"https:\/\/recyt.fecyt.es\/index.php\/res\/article\/view\/107219\/83117\" rel=\"nofollow noopener\" target=\"_blank\">Amor y pol\u00edtica: polarizaci\u00f3n afectiva y relaciones de pareja en Espa\u00f1a<\/a>&#8216; para definir los procesos de \u00abanimadversi\u00f3n y hostilidad entre los ciudadanos basados en identidades partidistas\u00bb y la \u00abforma de antagonismo entre personas cuyas caracter\u00edsticas y sentimientos de pertenencia son diferentes, lo que genera distanciamiento\u00bb.<\/p>\n<p>\u00abLa ideolog\u00eda se ha vuelto un filtro social m\u00e1s fuerte que antes\u00bb<\/p>\n<p>El soci\u00f3logo e investigador del Centro de Ciencias Humanas y Sociales del CSIC, Luis Miller, afirma, en una entrevista con RTVE Noticias, que la polarizaci\u00f3n pol\u00edtica se ha trasladado \u00abdel Congreso a la vida cotidiana, a los afectos y los valores morales\u00bb y aunque cree que \u00abno vivimos en dos mundos tan separados como en EE.UU. (entre dem\u00f3cratas y republicanos), <strong>se observan divisiones culturales y estilos de vida asociados a la ideolog\u00eda<\/strong>\u00bb y esto se traslada tambi\u00e9n, claro, a la decisi\u00f3n de con quien compartimos nuestra vida.<\/p>\n<p>\u00ab<strong>La ideolog\u00eda se ha vuelto un filtro social m\u00e1s fuerte que antes<\/strong>. No decidimos nuestras amistades y parejas solo por eso, pero s\u00ed influye a la hora de decidir con qui\u00e9n compartimos espacios o confianza. Antes pesaban m\u00e1s la clase social o la edad; ahora, la pol\u00edtica se ha convertido en una se\u00f1a de identidad\u00bb, apunta Miller, que alerta sobre una sociedad que tiende a vivir \u00abcada vez m\u00e1s\u00bb rodeada de personas- virtuales o f\u00edsicas- con ideas, gustos y h\u00e1bitos similares. \u00abEsto refuerza nuestra visi\u00f3n del mundo y <strong>no es peligroso en s\u00ed, pero lo es cuando impide empatizar con quienes piensan distinto<\/strong>\u00ab.<\/p>\n<p>Miller, autor del ensayo &#8216;Polarizados, la pol\u00edtica que nos divide&#8217;, explica que un estudio dentro del proyecto NORPOL desvela que la ideolog\u00eda se ha convertido en una se\u00f1a por cuyo filtro ya pasa casi todo, y act\u00faa tambi\u00e9n \u00abcomo una forma de afinidad cultural y no solo pol\u00edtica\u00bb.<\/p>\n<p>El flamenco, m\u00e1s de derechas; y el indie, m\u00e1s de izquierdas<\/p>\n<p>En este sentido pone de manifiesto que \u00abhay correlaciones entre la ideolog\u00eda y cosas tan cotidianas como la m\u00fasica que escuchamos, lo que comemos o el ocio que elegimos\u00bb y a\u00f1ade: \u00abNo son diferencias absolutas, pero s\u00ed revelan <strong>c\u00f3mo la pol\u00edtica se ha filtrado en nuestros estilos de vida<\/strong>\u00ab. <\/p>\n<p>Y ante la pregunta \u00bfhay entonces actividades de izquierdas y derechas?, Miller responde: \u00abNo de forma estricta, pero s\u00ed hay afinidades. Por ejemplo, escuchar flamenco, la tauromaquia o practicar caza se asocia m\u00e1s a la derecha, mientras que consumir productos ecol\u00f3gicos o escuchar m\u00fasica indie se vincula m\u00e1s con la izquierda. <strong>Son patrones culturales, no fronteras cerradas, pero existen<\/strong>\u00ab.<\/p>\n<p>Esto es, tendemos a situar a alguien en la derecha si tiene determinados gustos o a la izquierda si tiene otros y esta tendencia nos lleva, por norma general, a crear marcos mentales mucho m\u00e1s cerrados.<\/p>\n<p>El investigador considera que el filtro ideol\u00f3gico en las aplicaciones para ligar que hace descartar al &#8216;contrario&#8217; pol\u00edticamente hablando \u00abrefleja esa politizaci\u00f3n de la vida cotidiana\u00bb y marca que \u00abmuchas personas buscan parejas con las que compartir no solo gustos o aficiones, sino tambi\u00e9n una \u00fanica visi\u00f3n del mundo\u00bb.<\/p>\n<p>Blanca ha encontrado ya a varias parejas a trav\u00e9s de las aplicaciones y s\u00ed observa que cada vez <strong>m\u00e1s personas muestran su ideolog\u00eda en estos foros<\/strong> como forma de presentarse ante sus posibles conquistas<strong>.<\/strong> Se define como conservadora, aunque afirma que el de la ideolog\u00eda no es un filtro esencial para ella: \u00abPara m\u00ed es mucho m\u00e1s importante un estilo de vida, unos valores y unas prioridades\u00bb. <\/p>\n<p>Luc\u00eda, de izquierdas, s\u00ed reconoce que descarta por defecto a los hombres que dicen comulgar con la derecha. \u00abEs un filtro m\u00e1s, igual de importante que otros, tambi\u00e9n descarto a los que fuman. Me chirr\u00eda mucho que alguien ya se presente de forma tan marcada y me diga de primeras &#8216;soy de derechas&#8217; porque lo que me hace pensar es que <strong>es \u00e9l quien no quiere conocer a nadie que no sea de derechas.<\/strong> Siento que el filtro lo pone \u00e9l m\u00e1s que yo\u00bb, afirma. <\/p>\n<p>\u00bfEs posible tener una pareja de diferente ideolog\u00eda?<\/p>\n<p>Ante la pregunta de si es posible compartir vida con una persona de diferente ideolog\u00eda tanto Miller como el soci\u00f3logo Jordi Busquet coinciden en que <strong>s\u00ed lo es, pero requiere algo de m\u00e1s esfuerzo.<\/strong><\/p>\n<p>\u00abLa elecci\u00f3n de pareja y de los amigos es una elecci\u00f3n primordial en la vida porque tambi\u00e9n te define. No eliges a tus padres, hermanos e hijos, pero <strong>la pareja y los amigos son sujetos de libre elecci\u00f3n<\/strong> y escogiendo a unos u otros tambi\u00e9n expresas una aspiraci\u00f3n y quien eres t\u00fa\u00bb, asegura a RTVE Noticias Busquet, que apunta a que las parejas de diferente ideolog\u00eda \u00abtienen que aprender a negociar m\u00e1s\u00bb y que adem\u00e1s \u00abse puede compensar con otras afinidades\u00bb. <\/p>\n<p>\u00abHay cosas esenciales que la pareja debe compartir\u00bb, a\u00f1ade, para alertar tambi\u00e9n de que en las redes sociales y aplicaciones de ligar se corre el riesgo de conocer<strong>&#8211; ya se ocupa el algoritmo- solo a gente af\u00edn <\/strong>\u00aby eso es peligroso porque nos lleva al fanatismo y a vivir en burbujas\u00bb. Va m\u00e1s all\u00e1 para lanzar una reflexi\u00f3n: \u00abSi vemos al otro que piensa diferente como un ser estigmatizado y casi como un diablo, la democracia no funciona porque<strong> democracia es reconocimiento del otro<\/strong>\u00ab. <\/p>\n<p>\u00abSi la pol\u00edtica para ti es una cuesti\u00f3n muy muy esencial, seguramente no busques a una persona distinta a ti, aunque la capacidad de relacionarse con personas diferentes te enriquece y hace sentir bien. <strong>Estar con alguien que piensa diferente en algunas cosas es posible y hay que buscar equilibrios<\/strong>\u00ab, apunta Busquet, para hacer referencia al concepto sociol\u00f3gico de &#8216;habitus&#8217; de Pierre Bourdieu, que explica c\u00f3mo la elecci\u00f3n de pareja est\u00e1 influenciada por la posici\u00f3n social, los gustos y las predisposiciones interiorizadas del individuo. \u00ab<strong>Suele haber coherencia entre tus valores morales, a quien votas y con quien quieres relacionarte<\/strong>\u00ab, insiste.<\/p>\n<p>Fusi\u00f3n excesiva entre identidad personal y pol\u00edtica<\/p>\n<p>La doctora en Psicolog\u00eda Silvia \u00c1lava explica a RTVE Noticias que las parejas de diferente color pol\u00edtico pueden tener problemas no tanto por esa diferencia, sino por la rigidez con la que muestren tales diferencias. \u00abSi somos flexibles a nivel cognitivo, tolerantes y emp\u00e1ticos, claro que se puede tener una pareja que vota diferente\u00bb, afirma. <\/p>\n<p>A su juicio, hay personas que <strong>fusionan demasiado su identidad personal con la pol\u00edtica <\/strong>y \u00abcuanto m\u00e1s fusionado est\u00e9s con tu ideolog\u00eda, menos capacidad para compartir con otras personas\u00bb. Por el contrario, hay quien sabe diferenciar entre la persona y lo que vota, y piensa: \u00abMe enamoro de la persona, no de su ideolog\u00eda\u00bb.<\/p>\n<p>Y coincide con los soci\u00f3logos en el sentido de que la polarizaci\u00f3n pol\u00edtica actual s\u00ed lleva a muchos a verlo todo en clave de \u00abblanco o negro y de buenos y malos\u00bb: \u00abNo son capaces de ponerse en el gris y obviamente esas personas van a encontrar dificultades en establecer relaciones, ya no solo de pareja sino de amistad, con otro que piensa diferente\u00bb. <\/p>\n<p>Destaca adem\u00e1s el concepto de <strong>\u00abvalores nucleares\u00bb<\/strong>, aquellos que s\u00ed se pueden definir como l\u00edneas rojas importantes para alguien: \u00abNo me importa a qui\u00e9n votas siempre y cuando respetes los derechos humanos\u00bb.  En el caso de estas parejas &#8216;mixtas&#8217; ideol\u00f3gicamente \u00absolo con que uno no acepte al otro, se acab\u00f3\u00bb.<\/p>\n","protected":false},"excerpt":{"rendered":"Sara, 45 a\u00f1os, divorciada, un hijo, no bebe alcohol, no fuma, le gusta el cine, los juegos de&hellip;\n","protected":false},"author":2,"featured_media":261915,"comment_status":"","ping_status":"","sticky":false,"template":"","format":"standard","meta":{"footnotes":""},"categories":[8],"tags":[17,18,25,24,13,14,11,19,20,9,10,15,16,23,12,21,22],"class_list":{"0":"post-261914","1":"post","2":"type-post","3":"status-publish","4":"format-standard","5":"has-post-thumbnail","7":"category-espana","8":"tag-breaking-news","9":"tag-breakingnews","10":"tag-es","11":"tag-espana","12":"tag-featured-news","13":"tag-featurednews","14":"tag-headlines","15":"tag-latest-news","16":"tag-latestnews","17":"tag-news","18":"tag-noticias","19":"tag-noticias-destacadas","20":"tag-noticiasdestacadas","21":"tag-spain","22":"tag-titulares","23":"tag-ultimas-noticias","24":"tag-ultimasnoticias"},"share_on_mastodon":{"url":"https:\/\/pubeurope.com\/@es\/115632636236488304","error":""},"_links":{"self":[{"href":"https:\/\/www.europesays.com\/es\/wp-json\/wp\/v2\/posts\/261914","targetHints":{"allow":["GET"]}}],"collection":[{"href":"https:\/\/www.europesays.com\/es\/wp-json\/wp\/v2\/posts"}],"about":[{"href":"https:\/\/www.europesays.com\/es\/wp-json\/wp\/v2\/types\/post"}],"author":[{"embeddable":true,"href":"https:\/\/www.europesays.com\/es\/wp-json\/wp\/v2\/users\/2"}],"replies":[{"embeddable":true,"href":"https:\/\/www.europesays.com\/es\/wp-json\/wp\/v2\/comments?post=261914"}],"version-history":[{"count":0,"href":"https:\/\/www.europesays.com\/es\/wp-json\/wp\/v2\/posts\/261914\/revisions"}],"wp:featuredmedia":[{"embeddable":true,"href":"https:\/\/www.europesays.com\/es\/wp-json\/wp\/v2\/media\/261915"}],"wp:attachment":[{"href":"https:\/\/www.europesays.com\/es\/wp-json\/wp\/v2\/media?parent=261914"}],"wp:term":[{"taxonomy":"category","embeddable":true,"href":"https:\/\/www.europesays.com\/es\/wp-json\/wp\/v2\/categories?post=261914"},{"taxonomy":"post_tag","embeddable":true,"href":"https:\/\/www.europesays.com\/es\/wp-json\/wp\/v2\/tags?post=261914"}],"curies":[{"name":"wp","href":"https:\/\/api.w.org\/{rel}","templated":true}]}}