{"id":261916,"date":"2025-11-29T10:59:21","date_gmt":"2025-11-29T10:59:21","guid":{"rendered":"https:\/\/www.europesays.com\/es\/261916\/"},"modified":"2025-11-29T10:59:21","modified_gmt":"2025-11-29T10:59:21","slug":"la-comunidad-de-madrid-apoya-el-proyecto-de-una-empresa-madrilena-que-utiliza-la-inteligencia-artificial-para-encontrar-objetos-perdidos","status":"publish","type":"post","link":"https:\/\/www.europesays.com\/es\/261916\/","title":{"rendered":"La Comunidad de Madrid apoya el proyecto de una empresa madrile\u00f1a que utiliza la Inteligencia Artificial para encontrar objetos perdidos"},"content":{"rendered":"<p>La Comunidad de Madrid ha concedido una ayuda de 66.088 euros a una empresa madrile\u00f1a para financiar un proyecto que utiliza la Inteligencia Artificial (IA) para encontrar los objetos perdidos. Esta idea, respaldada por el Gobierno regional, ha sido dise\u00f1ada por la pyme Foundstop y es una versi\u00f3n mejorada de la plataforma con la que esta compa\u00f1\u00eda empez\u00f3 a trabajar. <\/p>\n","protected":false},"excerpt":{"rendered":"La Comunidad de Madrid ha concedido una ayuda de 66.088 euros a una empresa madrile\u00f1a para financiar un&hellip;\n","protected":false},"author":2,"featured_media":261917,"comment_status":"","ping_status":"","sticky":false,"template":"","format":"standard","meta":{"footnotes":""},"categories":[5],"tags":[17,18,25,24,13,14,11,19,20,9,10,15,16,23,12,21,22],"class_list":{"0":"post-261916","1":"post","2":"type-post","3":"status-publish","4":"format-standard","5":"has-post-thumbnail","7":"category-titulares","8":"tag-breaking-news","9":"tag-breakingnews","10":"tag-es","11":"tag-espana","12":"tag-featured-news","13":"tag-featurednews","14":"tag-headlines","15":"tag-latest-news","16":"tag-latestnews","17":"tag-news","18":"tag-noticias","19":"tag-noticias-destacadas","20":"tag-noticiasdestacadas","21":"tag-spain","22":"tag-titulares","23":"tag-ultimas-noticias","24":"tag-ultimasnoticias"},"share_on_mastodon":{"url":"https:\/\/pubeurope.com\/@es\/115632640061338391","error":""},"_links":{"self":[{"href":"https:\/\/www.europesays.com\/es\/wp-json\/wp\/v2\/posts\/261916","targetHints":{"allow":["GET"]}}],"collection":[{"href":"https:\/\/www.europesays.com\/es\/wp-json\/wp\/v2\/posts"}],"about":[{"href":"https:\/\/www.europesays.com\/es\/wp-json\/wp\/v2\/types\/post"}],"author":[{"embeddable":true,"href":"https:\/\/www.europesays.com\/es\/wp-json\/wp\/v2\/users\/2"}],"replies":[{"embeddable":true,"href":"https:\/\/www.europesays.com\/es\/wp-json\/wp\/v2\/comments?post=261916"}],"version-history":[{"count":0,"href":"https:\/\/www.europesays.com\/es\/wp-json\/wp\/v2\/posts\/261916\/revisions"}],"wp:featuredmedia":[{"embeddable":true,"href":"https:\/\/www.europesays.com\/es\/wp-json\/wp\/v2\/media\/261917"}],"wp:attachment":[{"href":"https:\/\/www.europesays.com\/es\/wp-json\/wp\/v2\/media?parent=261916"}],"wp:term":[{"taxonomy":"category","embeddable":true,"href":"https:\/\/www.europesays.com\/es\/wp-json\/wp\/v2\/categories?post=261916"},{"taxonomy":"post_tag","embeddable":true,"href":"https:\/\/www.europesays.com\/es\/wp-json\/wp\/v2\/tags?post=261916"}],"curies":[{"name":"wp","href":"https:\/\/api.w.org\/{rel}","templated":true}]}}