{"id":261918,"date":"2025-11-29T11:04:25","date_gmt":"2025-11-29T11:04:25","guid":{"rendered":"https:\/\/www.europesays.com\/es\/261918\/"},"modified":"2025-11-29T11:04:25","modified_gmt":"2025-11-29T11:04:25","slug":"cobolli-aguanta-de-pie-casi-tres-horas-ante-un-gran-munar-y-conduce-a-italia-a-su-cuarta-copa-davis","status":"publish","type":"post","link":"https:\/\/www.europesays.com\/es\/261918\/","title":{"rendered":"Cobolli aguanta de pie casi tres horas ante un gran Munar y conduce a Italia a su cuarta Copa Davis"},"content":{"rendered":"<p data-mrf-recirculation=\"Links P\u00e1rrafos\" class=\"ue-c-article__paragraph paragraph ue-c-article--first-letter-highlighted\"><strong>Italia es la campeona de la Copa Davis del pueblo. Flavio Cobolli acab\u00f3 este domingo con\u00a0<\/strong>el  sue\u00f1o de cuatro valientes que se quedaron a \u00faltima hora sin el n\u00famero uno, Carlos Alcaraz. El l\u00edder local, en sustituci\u00f3n de Jannik Sinner y Lorenzo Musetti, super\u00f3<strong>\u00a0la resistencia de Jaume Munar, por 1-6, 7-6(5) y 7-5, en 2 horas y 56 minutos<\/strong>, La selecci\u00f3n transalpina se convierte en la primera desde Estados Unidos, en el periodo entre 1968 y 1972, que gana tres veces consecutivas la m\u00e1xima competici\u00f3n por pa\u00edses. La s\u00e9ptima Ensaladera de plata de Espa\u00f1a deber\u00e1 esperar.\u00a0<strong\/><\/p>\n<p data-mrf-recirculation=\"Links P\u00e1rrafos\" class=\"ue-c-article__paragraph paragraph\">Munar puede irse de Bolonia con la cabeza bien alta porque ha confirmado que ha dado el salto entre la clase media y los mejores tenistas del planeta. <strong>A los seis d\u00edas de su boda, se concentr\u00f3 con la selecci\u00f3n y lo dej\u00f3 todo en la pista en sus tres apariciones. Tiene bien merecida su luna de miel en Maldivas<\/strong>.\u00a0<\/p>\n<p data-mrf-recirculation=\"Links P\u00e1rrafos\" class=\"ue-c-article__paragraph paragraph\"><strong>Cobolli sali\u00f3 nervioso por la responsabilidad de dar el t\u00edtulo a su pa\u00eds<\/strong>. Perdi\u00f3 los seis primeros puntos ante Jaume. El mallorqu\u00edn logr\u00f3 en el segundo juego lo que no hizo <strong><a href=\"https:\/\/www.marca.com\/tenis\/copa-davis\/2025\/11\/23\/berrettini-mister-copa-davis-gana-carreno-undecimo-partido-seguido.html\" target=\"_blank\" rel=\"nofollow noopener\">Pablo Carre\u00f1o en todo el partido frente a Matteo Berrettini<\/a><\/strong>.\u00a0<\/p>\n<p><img decoding=\"async\" width=\"1980\" height=\"1320\" class=\"ue-c-article__image lazyload\" alt=\"Cobolli mira fijamente la pelota.\" loading=\"lazy\" src=\"https:\/\/www.europesays.com\/es\/wp-content\/uploads\/2025\/11\/6923484f35e4e.jpeg\"\/><\/p>\n<p>Cobolli mira fijamente la pelota.<\/p>\n<p data-mrf-recirculation=\"Links P\u00e1rrafos\" class=\"ue-c-article__paragraph paragraph\">Le rompi\u00f3 el saque al italiano, que estaba temblando por momentos. <strong>Flavio pas\u00f3 inadvertido los cinco primeros juegos<\/strong>. Era un mon\u00f3logo. A los 31 minutos estren\u00f3 su casillero para evitar el rosco.\u00a0<\/p>\n<p>Atenci\u00f3n a un espectador<br \/>\u200b<\/p>\n<p data-mrf-recirculation=\"Links P\u00e1rrafos\" class=\"ue-c-article__paragraph paragraph\">Pas\u00f3 tres veces en Tur\u00edn, con dos aficionados fallecidos, y volvi\u00f3 a suceder es te domingo en la grada del SuperTennis Arena de Bolonia. <strong>Un seguidor se desplom\u00f3 cuando Cobolli ten\u00eda una pelota para recuperar el &#8216;break&#8217; en el segundo set e igualar a un juego<\/strong>.\u00a0<\/p>\n<p data-mrf-recirculation=\"Links P\u00e1rrafos\" class=\"ue-c-article__paragraph paragraph\">Los 10 minutos de par\u00f3n parec\u00edan cambiar la din\u00e1mica porque el italiano se llev\u00f3 el servicio de su adversario. <strong>Del posible 2-0 para Jaume se pas\u00f3 al 2-1 para Flavio<\/strong>.\u00a0\u00a0<\/p>\n<p data-mrf-recirculation=\"Links P\u00e1rrafos\" class=\"ue-c-article__paragraph paragraph\">El ruido despert\u00f3 a Cobolli ante un inmenso Munar. <strong>El balear jugaba al nivel de un &#8216;top10&#8217; mundial<\/strong>. La suerte de la segunda manga se march\u00f3 a la muerte s\u00fabita.<\/p>\n<p>Resurrecci\u00f3n local<\/p>\n<p data-mrf-recirculation=\"Links P\u00e1rrafos\" class=\"ue-c-article__paragraph paragraph\">El italiano intentaba aislarse del momento cerrando los ojos en la silla de cambios. <strong>Lo m\u00e1s cerca que hab\u00eda estado Flavio de inquietar al espa\u00f1ol fue con el 6-5 y cuatro pelotas para firmar las tablas en el marcador<\/strong>. Saquetazo, derecha y volea fue la f\u00f3rmula. Parec\u00eda Pete Sampras. Dos servicios directos y al &#8216;tie break&#8217;.\u00a0<\/p>\n<p data-mrf-recirculation=\"Links P\u00e1rrafos\" class=\"ue-c-article__paragraph paragraph\"><strong>El transalpino necesit\u00f3 de siete bolas para forzar el tercer set<\/strong>. Los dos protagonistas se fueron a los vestuarios para recargar las bater\u00edas. Las fuerzas flaqueaban. El que perdiera el saque perd\u00eda el partido. Y se aplicaron en mantenerlo. <strong>Italia tiene un nuevo h\u00e9roe: Flavio Cobolli<\/strong>.\u00a0<\/p>\n","protected":false},"excerpt":{"rendered":"Italia es la campeona de la Copa Davis del pueblo. Flavio Cobolli acab\u00f3 este domingo con\u00a0el sue\u00f1o de&hellip;\n","protected":false},"author":2,"featured_media":261919,"comment_status":"","ping_status":"","sticky":false,"template":"","format":"standard","meta":{"footnotes":""},"categories":[274],"tags":[168,25,24,23,167,327,326],"class_list":{"0":"post-261918","1":"post","2":"type-post","3":"status-publish","4":"format-standard","5":"has-post-thumbnail","7":"category-tenis","8":"tag-deportes","9":"tag-es","10":"tag-espana","11":"tag-spain","12":"tag-sports","13":"tag-tenis","14":"tag-tennis"},"share_on_mastodon":{"url":"https:\/\/pubeurope.com\/@es\/115632660337454281","error":""},"_links":{"self":[{"href":"https:\/\/www.europesays.com\/es\/wp-json\/wp\/v2\/posts\/261918","targetHints":{"allow":["GET"]}}],"collection":[{"href":"https:\/\/www.europesays.com\/es\/wp-json\/wp\/v2\/posts"}],"about":[{"href":"https:\/\/www.europesays.com\/es\/wp-json\/wp\/v2\/types\/post"}],"author":[{"embeddable":true,"href":"https:\/\/www.europesays.com\/es\/wp-json\/wp\/v2\/users\/2"}],"replies":[{"embeddable":true,"href":"https:\/\/www.europesays.com\/es\/wp-json\/wp\/v2\/comments?post=261918"}],"version-history":[{"count":0,"href":"https:\/\/www.europesays.com\/es\/wp-json\/wp\/v2\/posts\/261918\/revisions"}],"wp:featuredmedia":[{"embeddable":true,"href":"https:\/\/www.europesays.com\/es\/wp-json\/wp\/v2\/media\/261919"}],"wp:attachment":[{"href":"https:\/\/www.europesays.com\/es\/wp-json\/wp\/v2\/media?parent=261918"}],"wp:term":[{"taxonomy":"category","embeddable":true,"href":"https:\/\/www.europesays.com\/es\/wp-json\/wp\/v2\/categories?post=261918"},{"taxonomy":"post_tag","embeddable":true,"href":"https:\/\/www.europesays.com\/es\/wp-json\/wp\/v2\/tags?post=261918"}],"curies":[{"name":"wp","href":"https:\/\/api.w.org\/{rel}","templated":true}]}}