{"id":261928,"date":"2025-11-29T11:10:21","date_gmt":"2025-11-29T11:10:21","guid":{"rendered":"https:\/\/www.europesays.com\/es\/261928\/"},"modified":"2025-11-29T11:10:21","modified_gmt":"2025-11-29T11:10:21","slug":"casas-plazas-y-escuelas-la-huella-arquitectonica-que-dejaron-los-que-hicieron-las-americas","status":"publish","type":"post","link":"https:\/\/www.europesays.com\/es\/261928\/","title":{"rendered":"casas, plazas y escuelas, la huella arquitect\u00f3nica que dejaron los que hicieron las Am\u00e9ricas"},"content":{"rendered":"<p class=\"ft-text\"><strong>De Llanera<\/strong>, como de tantos otros lugares de Asturias, <strong>marcharon muchos vecinos a<\/strong><a class=\"ft-link ft-link--decoration\" href=\"https:\/\/www.lne.es\/llanera\/2022\/02\/20\/club-llanera-gran-familia-emigracion-62963273.html\" rel=\"nofollow noopener\" target=\"_blank\"> hacer las Am\u00e9ricas<\/a> a finales del siglo XIX y principios del XX. Algunos lograron fortuna y regresaban, de manera puntual, en vacaciones y visitas espor\u00e1dicas, o para quedarse. Otros, <strong>volvieran o no<\/strong> a la tierrina, <strong>fueron benefactores del lugar que les vio nacer<\/strong>, financiando obras para servicios o escuelas, entre otras iniciativas que salieron adelante en el concejo gracias a los fondos que aport\u00f3 la emigraci\u00f3n. Su huella es visible en casas y equipamientos que se reparten por distintos puntos del concejo llanerense.<\/p>\n<p class=\"ft-text\">Si se trata de conocer el <a class=\"ft-link ft-link--decoration\" href=\"https:\/\/www.lne.es\/llanera\/2022\/04\/25\/quinta-rosita-casas-indianos-esplendor-65362656.html\" rel=\"nofollow noopener\" target=\"_blank\">legado arquitect\u00f3nico<\/a> indiano del municipio, lo mejor es llegarse hasta <strong>San Cucao<\/strong>. Pasando el colegio p\u00fablico de esta localidad y justo detr\u00e1s del centro social est\u00e1 <strong>Casa El Buri\u00f3n <\/strong>y unos metros m\u00e1s adelante hallamos la <strong>Casa de los Pintado<\/strong>, ambos palacetes vinculados a la emigraci\u00f3n llanerense.<\/p>\n<p><img decoding=\"async\" src=\"https:\/\/www.europesays.com\/es\/wp-content\/uploads\/2025\/11\/2397093f-e8b2-4fe8-8e4f-3b482f3d06a9_alta-libre-aspect-ratio_default_0.jpg\" width=\"1200\" height=\"900\" alt=\"Casa de los Pintado, en San Cucao.\" class=\"ft-helper-img-rd\" loading=\"lazy\"\/><\/p>\n<p class=\"ft-helper-fontColor-quaternary ft-helper-fontSize-body-S ft-helper-spacer-t-xxs\">Casa de los Pintado, en San Cucao.  \/ P. Tamargo<\/p>\n<p class=\"ft-text\">Avanzando algo m\u00e1s, al otro lado de la carretera, se puede apreciar a lo lejos <strong>El Chalet<\/strong>, pintado de amarillo, datado en 1900 y con <strong>abundante decoraci\u00f3n de hierro fundido<\/strong> en balcones y en la parte alta de la edificaci\u00f3n, donde destaca una <strong>hermosa terraza sobre una de las zonas del tejado<\/strong>. Si se quiere ver algo m\u00e1s de cerca la vivienda hay que cruzar y tomar el desv\u00edo hacia Villanueva. Est\u00e1 rodeada de muros, por lo que su visi\u00f3n resultar\u00e1 siempre parcial aunque nos acerquemos a ella.<\/p>\n<p class=\"ft-text\">Para ir hacia <strong>Tuernes,<\/strong> donde hay otras dos casas notables, hay que regresar a la carretera general y continuar recto un buen trecho. Tuernes El Peque\u00f1o nos saldr\u00e1 antes al paso y solo es cuesti\u00f3n de proseguir en l\u00ednea recta por la carretera, que va cogiendo altura, hasta dar con el cartel que indica que llegamos a Tuernes el Grande.<\/p>\n<p>Villa Irene y la influencia cubana<\/p>\n<p class=\"ft-text\">Las casas de este pueblo est\u00e1n muy concentradas y varias de ellas pegadas a la carretera. Entre ellas, <strong>Villa Irene,<\/strong> una vivienda <strong>a la que se atribuyen influencias de la arquitectura cubana, <\/strong>aunque seg\u00fan testimonios de lugar, la levant\u00f3 un emigrante que volvi\u00f3 de Argentina y la hizo para pasar sus vacaciones. El dise\u00f1o, sea como sea, es singular y <strong>el inmueble llama la atenci\u00f3n se conozca o no su origen por sus proporciones y belleza<\/strong> pese a que se trata de una residencia de peque\u00f1o tama\u00f1o.<\/p>\n<p><img decoding=\"async\" src=\"https:\/\/www.europesays.com\/es\/wp-content\/uploads\/2025\/11\/46391832-b259-4b4f-9f9c-cfd4dcdcd1a9_alta-libre-aspect-ratio_default_0.jpg\" width=\"1200\" height=\"961\" alt=\"Villa Irene, en Tuernes.\" class=\"ft-helper-img-rd\" loading=\"lazy\"\/><\/p>\n<p class=\"ft-helper-fontColor-quaternary ft-helper-fontSize-body-S ft-helper-spacer-t-xxs\">Villa Irene, en Tuernes.  \/ P. T.<\/p>\n<p class=\"ft-text\"><a class=\"ft-link ft-link--decoration\" href=\"https:\/\/www.lne.es\/llanera\/2023\/12\/15\/tuernes-pequeno-tuernes-grande-paseo-95863931.html\" rel=\"nofollow noopener\" target=\"_blank\"><strong>Tuernes El Grande<\/strong><\/a><strong> <\/strong>es una poblaci\u00f3n llamativa por la concentraci\u00f3n de sus casas en un espacio relativamente reducido. Bajando un sendero que surge de la zona de la entrada principal de Villa Irene se da con <strong>Casa Chinta<\/strong>, <strong>rodeada de muros<\/strong>, aunque durante la bajada se aprecia la edificaci\u00f3n. Desde la puerta principal se ve tambi\u00e9n <strong>la gran galer\u00eda de madera de esta vivienda<\/strong>, <strong>junto a la que hay un imponente h\u00f3rreo muy bien conservado.<\/strong><\/p>\n<p>Escuelas de Robledo, estilo \u00fanico<\/p>\n<p class=\"ft-text\">Fuera ya de esta parroquia de San Cucao, Llanera cuenta con otros ejemplos de huella indiana que merece la pena conocer si interesa este tipo de arquitectura. Entre ellos, en Lugo, <strong>la <\/strong><a class=\"ft-link ft-link--decoration\" href=\"https:\/\/www.lne.es\/llanera\/2023\/01\/22\/escuela-indiana-robledo-emblematico-edificio-81655615.html\" rel=\"nofollow noopener\" target=\"_blank\">escuela de Robledo,<\/a> en realidad bautizada como de Nuestra Se\u00f1ora del Carmen, inaugurada en 1930 y patrocinada por el indiano Casildo L\u00f3pez Mart\u00ednez. Entre sus singularidades, la de ser el <strong>\u00ab\u00fanico ejemplar de arquitectura escolar indiana de estilo historicista<\/strong> que hay en Asturias, aunque este se limita a motivos almenados que figuran en el frontispicio y los portales\u00bb, seg\u00fan afirmaci\u00f3n de Ram\u00f3n Rodr\u00edguez, director del Real Instituto de Estudios Asturianos (Ridea).<\/p>\n<p><img decoding=\"async\" src=\"https:\/\/www.europesays.com\/es\/wp-content\/uploads\/2025\/11\/5704f745-821b-49dc-a7a4-31855b9a895d_alta-libre-aspect-ratio_default_0.jpg\" width=\"1200\" height=\"1048\" alt=\"Escuelas indianas de Robledo.\" class=\"ft-helper-img-rd\" loading=\"lazy\"\/><\/p>\n<p class=\"ft-helper-fontColor-quaternary ft-helper-fontSize-body-S ft-helper-spacer-t-xxs\">Escuelas indianas de Robledo.  \/ P. Tamargo<\/p>\n<p class=\"ft-text\"><strong>La Plaza Cubierta de Posada de Llanera<\/strong>, hoy sede de la Escuela Municipal de M\u00fasica, es una de las grandes obras impulsadas por la emigraci\u00f3n llanerense. <strong>Se construy\u00f3 entre 1924 y 1926<\/strong> por iniciativa del <a class=\"ft-link ft-link--decoration\" href=\"https:\/\/www.lne.es\/llanera\/2022\/02\/20\/club-llanera-gran-familia-emigracion-62963273.html\" rel=\"nofollow noopener\" target=\"_blank\">Club Llanera de La Habana. <\/a>Como defiende <a class=\"ft-link ft-link--decoration\" href=\"https:\/\/www.lne.es\/llanera\/2024\/10\/10\/ramon-rodriguez-director-ridea-llanera-109139937.html\" rel=\"nofollow noopener\" target=\"_blank\">Ram\u00f3n Rodr\u00edguez<\/a>, el edificio \u201cgoza de particular inter\u00e9s por dos razones principales: es el \u00faltimo mercado hecho en Asturias que contin\u00faa la tradici\u00f3n de la arquitectura de hierro y tambi\u00e9n el \u00fanico de la regi\u00f3n que, con seguridad, puede ser atribuido a la emigraci\u00f3n\u201d.<\/p>\n<p><img decoding=\"async\" src=\"https:\/\/www.europesays.com\/es\/wp-content\/uploads\/2025\/11\/d8726e6c-e262-4ac1-ab87-078323f7fd72_alta-libre-aspect-ratio_default_0.jpg\" width=\"1200\" height=\"575\" alt=\"Plaza de Abastos de Posada de Llanera, hoy sede de la Escuela de M\u00fasica.\" class=\"ft-helper-img-rd\" loading=\"lazy\"\/><\/p>\n<p class=\"ft-helper-fontColor-quaternary ft-helper-fontSize-body-S ft-helper-spacer-t-xxs\">Plaza de Abastos de Posada de Llanera, hoy sede de la Escuela de M\u00fasica.  \/ P. Tamargo<\/p>\n<p class=\"ft-text\">Entre otras construcciones indianas del concejo se encuentra <a class=\"ft-link ft-link--decoration\" href=\"https:\/\/www.lne.es\/llanera\/2023\/04\/23\/quinta-rosita-sueno-indiano-regresa-86374850.html\" rel=\"nofollow noopener\" target=\"_blank\">la Quinta Rosita,<\/a> que va a ser rehabilitada. Est\u00e1 <strong>en Portiella (Ables).<\/strong> En otras parroquias, como la de <a class=\"ft-link ft-link--decoration\" href=\"https:\/\/www.lne.es\/llanera\/2024\/09\/08\/llanera-desconocida-sale-paso-ruta-107887809.html\" rel=\"nofollow noopener\" target=\"_blank\"><strong>Santa Cruz<\/strong><\/a><strong>,<\/strong> hay edificaciones de gran porte y bellos jardines, como la <strong>Casa El Cabo<\/strong>. En esta misma parroquia, pero en Fanes se levanta tambi\u00e9n <strong>Casa El Cond\u00edn<\/strong>, muy bien conservada, y que junto a un <strong>palomar,<\/strong> un<strong> h\u00f3rreo<\/strong> y la <strong>peque\u00f1a iglesia<\/strong> que hay en el lugar hace de este rinc\u00f3n del concejo algo especial.<\/p>\n<p><img decoding=\"async\" src=\"https:\/\/www.europesays.com\/es\/wp-content\/uploads\/2025\/11\/00101c32-06fb-4a4f-993b-7a271fc53629_alta-libre-aspect-ratio_default_0.jpg\" width=\"1200\" height=\"900\" alt=\"Casa El Cond\u00edn, en Fanes (Santa Cruz).\" class=\"ft-helper-img-rd\" loading=\"lazy\"\/><\/p>\n<p class=\"ft-helper-fontColor-quaternary ft-helper-fontSize-body-S ft-helper-spacer-t-xxs\">Casa El Cond\u00edn, en Fanes (Santa Cruz).  \/ P. Tamargo<\/p>\n","protected":false},"excerpt":{"rendered":"De Llanera, como de tantos otros lugares de Asturias, marcharon muchos vecinos a hacer las Am\u00e9ricas a finales&hellip;\n","protected":false},"author":2,"featured_media":261929,"comment_status":"","ping_status":"","sticky":false,"template":"","format":"standard","meta":{"footnotes":""},"categories":[173],"tags":[229,233,231,230,3738,232,234,146,147,25,419,24,24978,17196,65344,19941,23],"class_list":{"0":"post-261928","1":"post","2":"type-post","3":"status-publish","4":"format-standard","5":"has-post-thumbnail","7":"category-arte-y-diseno","8":"tag-arte","9":"tag-arte-y-diseno","10":"tag-arts","11":"tag-arts-and-design","12":"tag-casas","13":"tag-design","14":"tag-diseno","15":"tag-entertainment","16":"tag-entretenimiento","17":"tag-es","18":"tag-escuelas","19":"tag-espana","20":"tag-indiana","21":"tag-llanera","22":"tag-llanera-es-un-tesoro","23":"tag-plazas","24":"tag-spain"},"share_on_mastodon":{"url":"https:\/\/pubeurope.com\/@es\/115632683874183268","error":""},"_links":{"self":[{"href":"https:\/\/www.europesays.com\/es\/wp-json\/wp\/v2\/posts\/261928","targetHints":{"allow":["GET"]}}],"collection":[{"href":"https:\/\/www.europesays.com\/es\/wp-json\/wp\/v2\/posts"}],"about":[{"href":"https:\/\/www.europesays.com\/es\/wp-json\/wp\/v2\/types\/post"}],"author":[{"embeddable":true,"href":"https:\/\/www.europesays.com\/es\/wp-json\/wp\/v2\/users\/2"}],"replies":[{"embeddable":true,"href":"https:\/\/www.europesays.com\/es\/wp-json\/wp\/v2\/comments?post=261928"}],"version-history":[{"count":0,"href":"https:\/\/www.europesays.com\/es\/wp-json\/wp\/v2\/posts\/261928\/revisions"}],"wp:featuredmedia":[{"embeddable":true,"href":"https:\/\/www.europesays.com\/es\/wp-json\/wp\/v2\/media\/261929"}],"wp:attachment":[{"href":"https:\/\/www.europesays.com\/es\/wp-json\/wp\/v2\/media?parent=261928"}],"wp:term":[{"taxonomy":"category","embeddable":true,"href":"https:\/\/www.europesays.com\/es\/wp-json\/wp\/v2\/categories?post=261928"},{"taxonomy":"post_tag","embeddable":true,"href":"https:\/\/www.europesays.com\/es\/wp-json\/wp\/v2\/tags?post=261928"}],"curies":[{"name":"wp","href":"https:\/\/api.w.org\/{rel}","templated":true}]}}