{"id":261931,"date":"2025-11-29T11:14:13","date_gmt":"2025-11-29T11:14:13","guid":{"rendered":"https:\/\/www.europesays.com\/es\/261931\/"},"modified":"2025-11-29T11:14:13","modified_gmt":"2025-11-29T11:14:13","slug":"semillas-de-kivu-del-toledano-carlos-valle-traspasa-la-barrera-del-cine-y-se-proyecta-en-la-onu","status":"publish","type":"post","link":"https:\/\/www.europesays.com\/es\/261931\/","title":{"rendered":"&#8216;Semillas de Kivu&#8217;, del toledano Carlos Valle, traspasa la barrera del cine y se proyecta en la ONU"},"content":{"rendered":"<p>Semillas de Kivu logra otro hito en este a\u00f1o 2025; el de proyectarse en la sede de Naciones Unidas en Nueva York. El documental, que cuenta con producci\u00f3n castellanomanchega (Carlos Valle, Pilar Sancho y Pepe Castro) y est\u00e1 codirigido a su vez por Carlos Valle, junto al leon\u00e9s N\u00e9stor L\u00f3pez, se ha convertido en la primera producci\u00f3n espa\u00f1ola en proyectarse en las Naciones Unidas, la Ciudad del Vaticano y el Parlamento Europeo. Un recorrido internacional que refuerza su impacto en torno a la violencia sexual en contextos de conflicto.<\/p>\n<p>El cortometraje de N\u00e9stor L\u00f3pez y Carlos Valle contin\u00faa ampliando su presencia internacional tras haberse proyectado en las Naciones Unidas en Nueva York el pasado 28 de octubre. El filme, producido por Filmakers Monkeys y Auntie Films y ganador del Premio Goya al Mejor Cortometraje Documental, form\u00f3 parte de un evento vinculado al 25\u00ba aniversario de la Resoluci\u00f3n 1325 del Consejo de Seguridad de las Naciones Unidas, centrada en las mujeres, la paz y la seguridad.<\/p>\n<p>La sesi\u00f3n cont\u00f3 con la asistencia de figuras destacadas en la defensa de los derechos humanos y en la lucha contra la violencia sexual, entre ellas Pramila Patten.<\/p>\n<p><img decoding=\"async\" loading=\"lazy\" src=\"https:\/\/www.europesays.com\/es\/wp-content\/uploads\/2025\/11\/E67A1EC8-E881-441F-915BC0993BF06DB4.JPEG\" alt=\"'Semillas de Kivu' traspasa el cine y se proyecta en la ONU\" border=\"0\"\/>&#8216;Semillas de Kivu&#8217; traspasa el cine y se proyecta en la ONU<\/p>\n<p>El encuentro busc\u00f3 promover la reflexi\u00f3n sobre la magnitud global de la violencia sexual y abordar los factores que la impulsan, as\u00ed como sus consecuencias, desde un enfoque centrado en las supervivientes. La iniciativa subray\u00f3 la importancia de la prevenci\u00f3n, la protecci\u00f3n, el acceso a la justicia y los procesos de reintegraci\u00f3n social.<\/p>\n<p>Durante este encuentro Carlos Valle ha querido agradecer a los patrocinadores castellanomanchegos que est\u00e1n brindando su apoyo a la campa\u00f1a \u00d3scar de Semillas de Kivu: Quesos Corcuera, Aceites Garc\u00eda de la Cruz, Grupo Vidasol y la Candidatura de Toledo como Capital Europea 2031. La campa\u00f1a publicitaria para competir por los Premios de la Academia de Hollywood (Premios \u00d3scar) hace muy necesaria la entrada de financiaci\u00f3n, y Carlos considera vital el apoyo de estos patrocinadores, sin los cu\u00e1les no ser\u00eda posible. En el caso de Quesos Corcuera y Aceites Garc\u00eda de Cruz, que adem\u00e1s han enviado a Estados Unidos sus productos para los distintos eventos que forman parte de la campa\u00f1a, es un orgullo apoyar un proyecto como Semillas de Kivu.<\/p>\n<p>Para Carmen Corcuera, apoyar la campa\u00f1a de Semillas de Kivu \u00abes un acto de empat\u00eda y justicia, y gracias a este conmovedor cortometraje la realidad de estas mujeres ser\u00e1 llevada ante millones de personas en todo el mundo\u00bb. Por su parte, para Aceites Garc\u00eda de la Cruz, el apoyo a Semillas de Kivu \u00abrefleja su compromiso con las iniciativas que promueven la conciencia social y el cambio positivo a trav\u00e9s de la cultura. Es un honor formar parte de un proyecto que nos recuerda la fuerza del esp\u00edritu humano, el poder de las mujeres como agentes de transformaci\u00f3n y la importancia de sembrar esperanza.\u00bb<\/p>\n<p>Tras su paso por la ONU,\u00a0la obra se presentar\u00e1 pr\u00f3ximamente en la Ciudad del Vaticano y en el Parlamento Europeo. Con estas tres proyecciones,\u00a0Semillas de Kivu\u00a0se convierte en\u00a0la primera producci\u00f3n espa\u00f1ola exhibida en tres instituciones internacionales de esta relevancia.<\/p>\n<p>Actualmente,\u00a0el t\u00edtulo figura en la\u00a0longlist\u00a0de los Premios \u00d3scar en la categor\u00eda de Mejor Cortometraje Documental.<\/p>\n","protected":false},"excerpt":{"rendered":"Semillas de Kivu logra otro hito en este a\u00f1o 2025; el de proyectarse en la sede de Naciones&hellip;\n","protected":false},"author":2,"featured_media":261932,"comment_status":"","ping_status":"","sticky":false,"template":"","format":"standard","meta":{"footnotes":""},"categories":[169],"tags":[177,32706,5282,6084,146,147,25,24,629,176,1505,175,30073,896,6939,28226,7638,23,1952,403,432],"class_list":{"0":"post-261931","1":"post","2":"type-post","3":"status-publish","4":"format-standard","5":"has-post-thumbnail","7":"category-cine","8":"tag-cine","9":"tag-cortometrajes","10":"tag-derechos-humanos","11":"tag-documental","12":"tag-entertainment","13":"tag-entretenimiento","14":"tag-es","15":"tag-espana","16":"tag-estados-unidos","17":"tag-film","18":"tag-hollywood","19":"tag-movies","20":"tag-naciones-unidas","21":"tag-nueva-york","22":"tag-parlamento-europeo","23":"tag-premios-goya","24":"tag-premios-oscar","25":"tag-spain","26":"tag-toledo","27":"tag-vaticano","28":"tag-violencia"},"share_on_mastodon":{"url":"https:\/\/pubeurope.com\/@es\/115632700018021707","error":""},"_links":{"self":[{"href":"https:\/\/www.europesays.com\/es\/wp-json\/wp\/v2\/posts\/261931","targetHints":{"allow":["GET"]}}],"collection":[{"href":"https:\/\/www.europesays.com\/es\/wp-json\/wp\/v2\/posts"}],"about":[{"href":"https:\/\/www.europesays.com\/es\/wp-json\/wp\/v2\/types\/post"}],"author":[{"embeddable":true,"href":"https:\/\/www.europesays.com\/es\/wp-json\/wp\/v2\/users\/2"}],"replies":[{"embeddable":true,"href":"https:\/\/www.europesays.com\/es\/wp-json\/wp\/v2\/comments?post=261931"}],"version-history":[{"count":0,"href":"https:\/\/www.europesays.com\/es\/wp-json\/wp\/v2\/posts\/261931\/revisions"}],"wp:featuredmedia":[{"embeddable":true,"href":"https:\/\/www.europesays.com\/es\/wp-json\/wp\/v2\/media\/261932"}],"wp:attachment":[{"href":"https:\/\/www.europesays.com\/es\/wp-json\/wp\/v2\/media?parent=261931"}],"wp:term":[{"taxonomy":"category","embeddable":true,"href":"https:\/\/www.europesays.com\/es\/wp-json\/wp\/v2\/categories?post=261931"},{"taxonomy":"post_tag","embeddable":true,"href":"https:\/\/www.europesays.com\/es\/wp-json\/wp\/v2\/tags?post=261931"}],"curies":[{"name":"wp","href":"https:\/\/api.w.org\/{rel}","templated":true}]}}