{"id":261937,"date":"2025-11-29T11:17:15","date_gmt":"2025-11-29T11:17:15","guid":{"rendered":"https:\/\/www.europesays.com\/es\/261937\/"},"modified":"2025-11-29T11:17:15","modified_gmt":"2025-11-29T11:17:15","slug":"cayetano-rivera-roba-el-show-del-bautizo-del-hijo-de-fran-rivera-y-lourdes-montes-con-una-reaparicion-estelar","status":"publish","type":"post","link":"https:\/\/www.europesays.com\/es\/261937\/","title":{"rendered":"Cayetano Rivera roba el show del bautizo del hijo de Fran Rivera y Lourdes Montes con una reaparici\u00f3n estelar"},"content":{"rendered":"<p style=\"\">Ni el sacramento ni los padrinos ni el ni\u00f1o ni los padres. El gran protagonista del <a href=\"https:\/\/www.abc.es\/gente\/sobre-bautizo-bebe-fran-rivera-lourdes-montes-20251128120057-nt.html\" target=\"_self\" data-voc-vtm-id=\"in-text-traffic\" title=\"bautizo del \u00faltimo hijo de Fran Rivera y Lourdes Montes\" data-mrf-link=\"www.abc.es\" rel=\"nofollow noopener\">bautizo del \u00faltimo hijo de Fran Rivera y Lourdes Montes<\/a> fue el mism\u00edsimo <a href=\"https:\/\/www.abc.es\/gente\/cayetano-rivera-pronuncia-tras-accidente-bien-intentando-20251111070316-nt.html\" target=\"_self\" data-voc-vtm-id=\"in-text-traffic\" title=\"Cayetano Rivera\" data-mrf-link=\"www.abc.es\" rel=\"nofollow noopener\">Cayetano Rivera<\/a>, quien apareci\u00f3 por sorpresa en el especial evento para robar el show  &#8230; y ondear <strong>una imaginaria bandera blanca<\/strong> despu\u00e9s de tantos comentarios sobre nuevos <strong>desencuentros filiales<\/strong>.<\/p>\n<p class=\"voc-p\" style=\"\">La escena ocurri\u00f3 en la tarde de este viernes, 28 de noviembre, cuando la familia Rivera-Montes se aprest\u00f3 a vivir la emoci\u00f3n propia de reunir a los seres queridos en torno al bautizo del miembro m\u00e1s joven del clan, en este caso <strong>el peque\u00f1o Nicol\u00e1s Rivera Montes<\/strong>. La ceremonia ocurri\u00f3 en la hist\u00f3rica<strong> iglesia de Santa Ana<\/strong>, en el emblem\u00e1tico barrio sevillano de Triana, el mismo templo donde fueron bautizados sus hermanos mayores. Tambi\u00e9n donde fueron bautizadas las hijas de <a href=\"https:\/\/www.abc.es\/gente\/irene-rosales-responde-kiko-rivera-hablar-vida-20251109175513-nt.html\" target=\"_self\" data-voc-vtm-id=\"in-text-traffic\" title=\"Kiko Rivera e Irene Rosales\" data-mrf-link=\"www.abc.es\" rel=\"nofollow noopener\">Kiko Rivera e Irene Rosales<\/a>, pero esto es otra historia.<\/p>\n<p class=\"voc-p\" style=\"\">Por all\u00ed fueron desfilando familiares, amigos y seres queridos en general. Entonces, al fondo se adivin\u00f3 <strong>una silueta familiar<\/strong>. <strong>Aparec\u00eda trajeada, con gafas de sol y bien afeitada<\/strong>. S\u00ed, era nada m\u00e1s y nada menos que el mism\u00edsimo <a href=\"https:\/\/www.abc.es\/gente\/archivada-causa-cayetano-rivera-enfrentamiento-varios-agentes-20251111145257-nt.html\" target=\"_self\" data-voc-vtm-id=\"in-text-traffic\" title=\"Cayetano Rivera\" data-mrf-link=\"www.abc.es\" rel=\"nofollow noopener\">Cayetano Rivera<\/a>. A m\u00e1s de uno se le cay\u00f3 el cigarro y alguna tuvo que recoger el bolso del suelo. <\/p>\n<p>\nUna reaparici\u00f3n inesperada\n<\/p>\n<p class=\"voc-p\" style=\"\">El hermano de Fran Rivera reaparec\u00eda despu\u00e9s del extra\u00f1o accidente en el que <strong>se estamp\u00f3 contra una palmera<\/strong> de la urbanizaci\u00f3n donde vive y el juicio donde tuvo que dar explicaciones. Y lo hizo nada m\u00e1s y nada menos que en el bautizo del tercer beb\u00e9 de Fran Rivera con Lourdes Montes en tiempos en los que se viene hablando de <strong>su supuesta enemistad<\/strong>, que ya se sabe que es algo que va y viene.<\/p>\n<p class=\"voc-p\" style=\"\">Las cosas parecieron arreglarse este verano, cuando Fran interrumpi\u00f3 su viaje de placer con Lourdes Montes por Estados Unidos para estar junto a su hermano despu\u00e9s de que este protagonizara <strong>aquel sonado incidente con la polic\u00eda<\/strong> en una hamburgueser\u00eda de Madrid de madrugada. Y juntos posaron en sus redes sociales asomados a una ventana.<\/p>\n<p class=\"voc-title\">Cayetano y Fran estuvieron en el entierro de Rafael de Paula, pero ni se hablaron ni se miraron<\/p>\n<p class=\"voc-p\" style=\"\">Pero despu\u00e9s lleg\u00f3 la frialdad de nuevo, plasmada en el entierro del torero Rafael de Paula. All\u00ed estuvieron los dos, pero ni se hablaron ni me miraron. Surgieron rumores de todo tipo y hasta se lleg\u00f3 a asegurar que la culpa la ten\u00eda <strong>la amistad entre Cayetano y Kiko Rivera<\/strong>, a quien Fran no parece tragar.<\/p>\n<p>\nLa aparici\u00f3n sorpresa de Cayetano\n<\/p>\n<p class=\"voc-p\" style=\"\">Con semejante preludio, pocos cre\u00edan que Cayetano Rivera se fuera a personar en el bautizo, pero lo hizo. Tanto en el templo como en la celebraci\u00f3n posterior. Como uno m\u00e1s de los cien invitados al convite y con el objetivo de no faltar <strong>en un d\u00eda tan especial para su sobrino y para su hermano<\/strong>. <\/p>\n<p><img decoding=\"async\" loading=\"lazy\" src=\"https:\/\/www.europesays.com\/es\/wp-content\/uploads\/2025\/11\/fran-bautizo1-U81840377153Aen-760x427@diario_abc.jpg\" class=\"voc-img\" width=\"760\" height=\"427\" alt=\"Lourdes Montes y Fran Rivera, antes del bautizo.\" data-voc-vtm-id=\"in-text-traffic\"\/><\/p>\n<p>Lourdes Montes y Fran Rivera, antes del bautizo.<\/p>\n<p>GTRES<\/p>\n<p class=\"voc-p\" style=\"\">As\u00ed que el ni\u00f1o, nacido en abril de este a\u00f1o, s\u00ed cont\u00f3 al menos con uno de sus t\u00edos por parte de padre durante las celebraciones. Obviamente, <strong>ni Juli\u00e1n Contreras ni Kiko Rivera estaban invitados<\/strong> al bautizo de Nicol\u00e1s, quien recibi\u00f3 el sacramento en un ambiente \u00edntimo en el templo y euf\u00f3rico en el multitudinario convite, celebrado en la finca Hacienda Santa Eufemia, a las afueras de Sevilla. <\/p>\n<p class=\"voc-p\" style=\"\">Los padrinos elegidos fueron una amiga de la familia de la madre, <strong><strong>Paloma Rojas-Marcos<\/strong><\/strong>, y el empresario Jos\u00e9 Luis L\u00f3pez Fern\u00e1ndez, <strong>El Turronero<\/strong> para los amigos y amigo personal de Fran Rivera, adem\u00e1s de compa\u00f1ero de negocios. El ambiente \u00edntimo del templo contrast\u00f3 con <strong>la algarab\u00eda del convite<\/strong>. \u00bfSer\u00e1 esta vez la reconciliaci\u00f3n definitiva? <\/p>\n<p class=\"voc-p\" style=\"\">\u00abEra una cita muy bonita e importante en la que Cayetano, que s\u00ed estaba invitado, <strong>podr\u00eda haber decidido no ir<\/strong>. Algo que habr\u00eda aumentado los rumores de mala relaci\u00f3n y que no ha pasado. El torero ha estado tanto en la misa como en la celebraci\u00f3n posterior. Un gesto que ha evidenciado lo cerca que se encuentran\u00bb, aseguraba &#8216;Lecturas&#8217;.<\/p>\n","protected":false},"excerpt":{"rendered":"Ni el sacramento ni los padrinos ni el ni\u00f1o ni los padres. El gran protagonista del bautizo del&hellip;\n","protected":false},"author":2,"featured_media":261938,"comment_status":"","ping_status":"","sticky":false,"template":"","format":"standard","meta":{"footnotes":""},"categories":[91],"tags":[65074,4812,146,147,25,24,12103,7410,30,20052,15476,22394,10787,33802,526,23],"class_list":{"0":"post-261937","1":"post","2":"type-post","3":"status-publish","4":"format-standard","5":"has-post-thumbnail","7":"category-entretenimiento","8":"tag-bautizo","9":"tag-cayetano","10":"tag-entertainment","11":"tag-entretenimiento","12":"tag-es","13":"tag-espana","14":"tag-estelar","15":"tag-fran","16":"tag-hijo","17":"tag-lourdes","18":"tag-montes","19":"tag-reaparicion","20":"tag-rivera","21":"tag-roba","22":"tag-show","23":"tag-spain"},"share_on_mastodon":{"url":"https:\/\/pubeurope.com\/@es\/115632711309268065","error":""},"_links":{"self":[{"href":"https:\/\/www.europesays.com\/es\/wp-json\/wp\/v2\/posts\/261937","targetHints":{"allow":["GET"]}}],"collection":[{"href":"https:\/\/www.europesays.com\/es\/wp-json\/wp\/v2\/posts"}],"about":[{"href":"https:\/\/www.europesays.com\/es\/wp-json\/wp\/v2\/types\/post"}],"author":[{"embeddable":true,"href":"https:\/\/www.europesays.com\/es\/wp-json\/wp\/v2\/users\/2"}],"replies":[{"embeddable":true,"href":"https:\/\/www.europesays.com\/es\/wp-json\/wp\/v2\/comments?post=261937"}],"version-history":[{"count":0,"href":"https:\/\/www.europesays.com\/es\/wp-json\/wp\/v2\/posts\/261937\/revisions"}],"wp:featuredmedia":[{"embeddable":true,"href":"https:\/\/www.europesays.com\/es\/wp-json\/wp\/v2\/media\/261938"}],"wp:attachment":[{"href":"https:\/\/www.europesays.com\/es\/wp-json\/wp\/v2\/media?parent=261937"}],"wp:term":[{"taxonomy":"category","embeddable":true,"href":"https:\/\/www.europesays.com\/es\/wp-json\/wp\/v2\/categories?post=261937"},{"taxonomy":"post_tag","embeddable":true,"href":"https:\/\/www.europesays.com\/es\/wp-json\/wp\/v2\/tags?post=261937"}],"curies":[{"name":"wp","href":"https:\/\/api.w.org\/{rel}","templated":true}]}}