{"id":261941,"date":"2025-11-29T11:19:10","date_gmt":"2025-11-29T11:19:10","guid":{"rendered":"https:\/\/www.europesays.com\/es\/261941\/"},"modified":"2025-11-29T11:19:10","modified_gmt":"2025-11-29T11:19:10","slug":"los-supermercados-consum-retiran-un-preparado-de-pollo-por-presencia-de-salmonela-aragon","status":"publish","type":"post","link":"https:\/\/www.europesays.com\/es\/261941\/","title":{"rendered":"Los supermercados Consum retiran un preparado de pollo por presencia de salmonela | Aragon"},"content":{"rendered":"<p>Los <strong>supermercados Consum<\/strong> han retirado el producto preparado de carne &#8216;burger meat&#8217; de pollo, de su marca propia, ante la presencia de salmonela, seg\u00fan ha informado la empresa y notificado la <strong>Agencia Espa\u00f1ola de Seguridad Alimentaria y Nutrici\u00f3n (Aesan)<\/strong>.<\/p>\n<p>De acuerdo a la informaci\u00f3n de Consum, <strong>publicada en su web<\/strong>, los lotes afectos corresponden a los n\u00fameros 2830 y 1672, con fecha de caducidad para el 1 de diciembre de 2025. \u00abDesde Consum, priorizando siempre la seguridad alimentaria y salud de los consumidores, hemos retirado el producto de manera inmediata. El resto de lotes comercializados son seguros para su consumo\u00bb, ha precisado la empresa.<\/p>\n<p>En un comunicado, Aesan\u00a0ha detallado que\u00a0este producto afectado se ha distribuido en\u00a0Andaluc\u00eda, Arag\u00f3n, Comunidad Valenciana, Castilla-La Mancha, Catalu\u00f1a y Murcia. En el caso de Arag\u00f3n, <strong>Consum opera en la provincia de Teruel<\/strong>.<\/p>\n<p>Asimismo, la informaci\u00f3n ha sido trasladada a las autoridades de las comunidades a trav\u00e9s del <strong>Sistema Coordinado de Intercambio R\u00e1pido de Informaci\u00f3n (Sciri)<\/strong>, para que se verifique la retirada de los productos afectados.<\/p>\n<p>La Aesan ha recomendado a las personas que tengan en su domicilio productos afectados por esta alerta se abstengan de consumirlos. No obstante, ha precisado que\u00a0este <strong>se debe cocinar completamente antes de su consumo<\/strong>, y que el cocinado una medida \u00abmuy efectiva\u00bb para eliminar el riesgo sanitario.<\/p>\n<p>Si quieres estar al d\u00eda de toda la actualidad, s\u00edguenos en redes sociales: <a href=\"https:\/\/www.instagram.com\/aragonnoticias\/\" target=\"_blank\" rel=\"noindex nofollow noopener\">Instagram<\/a>, <a href=\"https:\/\/www.facebook.com\/AragonNoticias\/\" target=\"_blank\" rel=\"noindex nofollow noopener\">Facebook<\/a>, <a href=\"https:\/\/x.com\/AragonNoticias_\" target=\"_blank\" rel=\"noindex nofollow\">X<\/a>, <a href=\"https:\/\/www.tiktok.com\/@aragonnoticias\" target=\"_blank\" rel=\"noindex nofollow noopener\">TikTok<\/a> y tambi\u00e9n en el canal de <a href=\"https:\/\/www.whatsapp.com\/channel\/0029Vb8OVLHB4hdK8lQZ1T1F\" target=\"_blank\" rel=\"noindex nofollow noopener\">WhatsApp<\/a>.<\/p>\n<p>            <script async src=\"\/\/www.instagram.com\/embed.js\"><\/script><script async src=\"\/\/www.tiktok.com\/embed.js\"><\/script><\/p>\n","protected":false},"excerpt":{"rendered":"Los supermercados Consum han retirado el producto preparado de carne &#8216;burger meat&#8217; de pollo, de su marca propia,&hellip;\n","protected":false},"author":2,"featured_media":261942,"comment_status":"","ping_status":"","sticky":false,"template":"","format":"standard","meta":{"footnotes":""},"categories":[80],"tags":[4499,4502,82,4501,4110,95,94,25,24,7080,4500,1448,23,214],"class_list":{"0":"post-261941","1":"post","2":"type-post","3":"status-publish","4":"format-standard","5":"has-post-thumbnail","7":"category-economia","8":"tag-aragon","9":"tag-aragonesa","10":"tag-business","11":"tag-cartv","12":"tag-corporacion","13":"tag-economia","14":"tag-economy","15":"tag-es","16":"tag-espana","17":"tag-noticia","18":"tag-publica","19":"tag-radio","20":"tag-spain","21":"tag-tv"},"share_on_mastodon":{"url":"https:\/\/pubeurope.com\/@es\/115632718841572305","error":""},"_links":{"self":[{"href":"https:\/\/www.europesays.com\/es\/wp-json\/wp\/v2\/posts\/261941","targetHints":{"allow":["GET"]}}],"collection":[{"href":"https:\/\/www.europesays.com\/es\/wp-json\/wp\/v2\/posts"}],"about":[{"href":"https:\/\/www.europesays.com\/es\/wp-json\/wp\/v2\/types\/post"}],"author":[{"embeddable":true,"href":"https:\/\/www.europesays.com\/es\/wp-json\/wp\/v2\/users\/2"}],"replies":[{"embeddable":true,"href":"https:\/\/www.europesays.com\/es\/wp-json\/wp\/v2\/comments?post=261941"}],"version-history":[{"count":0,"href":"https:\/\/www.europesays.com\/es\/wp-json\/wp\/v2\/posts\/261941\/revisions"}],"wp:featuredmedia":[{"embeddable":true,"href":"https:\/\/www.europesays.com\/es\/wp-json\/wp\/v2\/media\/261942"}],"wp:attachment":[{"href":"https:\/\/www.europesays.com\/es\/wp-json\/wp\/v2\/media?parent=261941"}],"wp:term":[{"taxonomy":"category","embeddable":true,"href":"https:\/\/www.europesays.com\/es\/wp-json\/wp\/v2\/categories?post=261941"},{"taxonomy":"post_tag","embeddable":true,"href":"https:\/\/www.europesays.com\/es\/wp-json\/wp\/v2\/tags?post=261941"}],"curies":[{"name":"wp","href":"https:\/\/api.w.org\/{rel}","templated":true}]}}