{"id":261947,"date":"2025-11-29T11:22:21","date_gmt":"2025-11-29T11:22:21","guid":{"rendered":"https:\/\/www.europesays.com\/es\/261947\/"},"modified":"2025-11-29T11:22:21","modified_gmt":"2025-11-29T11:22:21","slug":"la-comunidad-de-madrid-ha-atendido-este-ano-a-mas-de-13-000-mujeres-en-los-puntos-municipales-para-victimas-de-violencia","status":"publish","type":"post","link":"https:\/\/www.europesays.com\/es\/261947\/","title":{"rendered":"La Comunidad de Madrid ha atendido este a\u00f1o a m\u00e1s de 13.000 mujeres en los Puntos Municipales para v\u00edctimas de violencia"},"content":{"rendered":"<p>Durante este tiempo, tambi\u00e9n han prestado apoyo a m\u00e1s de 1.300 menores y m\u00e1s 850 familiares, superando los 180.000 en toda la red, en municipios como Alcal\u00e1 de Henares, Aranjuez, Arganda del Rey, Coslada, Legan\u00e9s, Mejorada del Campo, M\u00f3stoles, Navalcarnero, Pozuelo de Alarc\u00f3n, San Fernando de Henares, Torrej\u00f3n de Ardoz, Tres Cantos o Valdemoro, entre otros. El Ejecutivo madrile\u00f1o invierte para ello m\u00e1s de 11 millones de euros anuales.<\/p>\n<p>\u00a0\u00a0\u00a0\u00a0\u00a0\u00a0\u00a0\u00a0\u00a0<\/p>\n<p>Destacan tambi\u00e9n otros recursos de la Administraci\u00f3n regional en esta materia, como el Centro de Atenci\u00f3n Integral a Mujeres V\u00edctimas de Violencia Sexual (CIMASCAM), con el que Madrid se convirti\u00f3 en 2009 en pionera en este tipo de asistencia, y que se une a los dos de Crisis 24 horas, uno de ellos con ocho plazas residenciales.<\/p>\n<p>Adem\u00e1s, el Ejecutivo auton\u00f3mico ha abierto este a\u00f1o un dispositivo pionero para ayudar a mujeres a dejar la prostituci\u00f3n y otro especializado para v\u00edctimas de violencia con discapacidad intelectual y que tengan hijos.<\/p>\n<p>La Comunidad de Madrid dispone de la red p\u00fablica m\u00e1s completa de Espa\u00f1a, y desde la aprobaci\u00f3n de la normativa auton\u00f3mica en 2005 sobre violencia contra la mujer se ha desarrollado un gran n\u00famero de recursos de emergencia, acogida y pisos tutelados que suman 324 plazas residenciales para v\u00edctimas, sus hijos y personas a su cargo.<\/p>\n","protected":false},"excerpt":{"rendered":"Durante este tiempo, tambi\u00e9n han prestado apoyo a m\u00e1s de 1.300 menores y m\u00e1s 850 familiares, superando los&hellip;\n","protected":false},"author":2,"featured_media":82094,"comment_status":"","ping_status":"","sticky":false,"template":"","format":"standard","meta":{"footnotes":""},"categories":[5],"tags":[17,18,25,24,13,14,11,19,20,9,10,15,16,23,12,21,22],"class_list":{"0":"post-261947","1":"post","2":"type-post","3":"status-publish","4":"format-standard","5":"has-post-thumbnail","7":"category-titulares","8":"tag-breaking-news","9":"tag-breakingnews","10":"tag-es","11":"tag-espana","12":"tag-featured-news","13":"tag-featurednews","14":"tag-headlines","15":"tag-latest-news","16":"tag-latestnews","17":"tag-news","18":"tag-noticias","19":"tag-noticias-destacadas","20":"tag-noticiasdestacadas","21":"tag-spain","22":"tag-titulares","23":"tag-ultimas-noticias","24":"tag-ultimasnoticias"},"share_on_mastodon":{"url":"https:\/\/pubeurope.com\/@es\/115632730500631380","error":""},"_links":{"self":[{"href":"https:\/\/www.europesays.com\/es\/wp-json\/wp\/v2\/posts\/261947","targetHints":{"allow":["GET"]}}],"collection":[{"href":"https:\/\/www.europesays.com\/es\/wp-json\/wp\/v2\/posts"}],"about":[{"href":"https:\/\/www.europesays.com\/es\/wp-json\/wp\/v2\/types\/post"}],"author":[{"embeddable":true,"href":"https:\/\/www.europesays.com\/es\/wp-json\/wp\/v2\/users\/2"}],"replies":[{"embeddable":true,"href":"https:\/\/www.europesays.com\/es\/wp-json\/wp\/v2\/comments?post=261947"}],"version-history":[{"count":0,"href":"https:\/\/www.europesays.com\/es\/wp-json\/wp\/v2\/posts\/261947\/revisions"}],"wp:featuredmedia":[{"embeddable":true,"href":"https:\/\/www.europesays.com\/es\/wp-json\/wp\/v2\/media\/82094"}],"wp:attachment":[{"href":"https:\/\/www.europesays.com\/es\/wp-json\/wp\/v2\/media?parent=261947"}],"wp:term":[{"taxonomy":"category","embeddable":true,"href":"https:\/\/www.europesays.com\/es\/wp-json\/wp\/v2\/categories?post=261947"},{"taxonomy":"post_tag","embeddable":true,"href":"https:\/\/www.europesays.com\/es\/wp-json\/wp\/v2\/tags?post=261947"}],"curies":[{"name":"wp","href":"https:\/\/api.w.org\/{rel}","templated":true}]}}