{"id":261950,"date":"2025-11-29T11:28:09","date_gmt":"2025-11-29T11:28:09","guid":{"rendered":"https:\/\/www.europesays.com\/es\/261950\/"},"modified":"2025-11-29T11:28:09","modified_gmt":"2025-11-29T11:28:09","slug":"joseph-ramirez-se-corona-campeon-de-la-vuelta-a-chiriqui-alberto-ramos-gana-la-ultima-etapa-esciclismo","status":"publish","type":"post","link":"https:\/\/www.europesays.com\/es\/261950\/","title":{"rendered":"Joseph Ram\u00edrez se corona campe\u00f3n de la Vuelta a Chiriqu\u00ed, Alberto Ramos gana la \u00faltima etapa &#8211; Esciclismo"},"content":{"rendered":"<ol>\n<li><a href=\"https:\/\/news.google.com\/rss\/articles\/CBMiakFVX3lxTE9FV2ZtdWZQZ05zTFl5ZHVRQm9lVUFPWVpmSkxvazhlcUJ3OThLX3ZnVjJjQVdSQlJNNkRKYWJkeEFHWWRVOUZEOFk5Y0pqSTZpNHRjT1ZOSi1VTXA0S1pXai01YlF0Qy1jNGc?oc=5\" target=\"_blank\" rel=\"nofollow noopener\">Joseph Ram\u00edrez se corona campe\u00f3n de la Vuelta a Chiriqu\u00ed, Alberto Ramos gana la \u00faltima etapa<\/a>&nbsp;&nbsp;Esciclismo<\/li>\n<li><a href=\"https:\/\/news.google.com\/rss\/articles\/CBMiakFVX3lxTE9td19QU3dXa3NkcjNENHlDUmdmUGs3LTVaV2JfTGtlZ2l0alp1MFk2Y3dhbWNYRWZvWGxpMTY1dnozZkxNR2EzS1ctcjV6R1lpT0ZfbTRMTWNCeWFKWV81SkZaMGktYzEzYkE?oc=5\" target=\"_blank\" rel=\"nofollow noopener\">Alejandro Granados conquista La Chancleta y se coloca l\u00edder de la Vuelta a Chiriqu\u00ed<\/a>&nbsp;&nbsp;Esciclismo<\/li>\n<li><a href=\"https:\/\/news.google.com\/rss\/articles\/CBMiakFVX3lxTE5MYW1uNlpVeWJZZ2hYdTF6QmhGd29RS1BkWWpSb2pEbl8wOUlTSzBNaUtNSGMyOUx2NlpPcFRxM1NFN1l3UWNCb0dhMzdMRXl2QW91RUVVSU43eXpPelh4dG9zd1MyTE45dHc?oc=5\" target=\"_blank\" rel=\"nofollow noopener\">Joseph Ram\u00edrez se viste de l\u00edder tras dominar la contrarreloj en la Vuelta a Chiriqu\u00ed<\/a>&nbsp;&nbsp;Esciclismo<\/li>\n<li><a href=\"https:\/\/news.google.com\/rss\/articles\/CBMiakFVX3lxTE5hdkk0TG1mVktNUEE0bjh5Z3lEbVkwZjh1Q1ViRm05S0h6ZllKbVJSMFpPU1BvMWhPcmxLby1xWXd5YlNvVlZLOWk3RXpDbURPSGlndFhjSzExNi1TUlFzVmxmYjNCa1NVRnc?oc=5\" target=\"_blank\" rel=\"nofollow noopener\">Vuelta a Chiriqu\u00ed: Sergio Arias se lleva la quinta etapa, Mudarra no cede el liderato<\/a>&nbsp;&nbsp;Esciclismo<\/li>\n<li><a href=\"https:\/\/news.google.com\/rss\/articles\/CBMiakFVX3lxTE9kU1lENFE2OVdocG55cDZmODRvOWR4V2pGVVk5a015V2F1UTVXUUtVZC04dVNfc0R5VmZSU3Q4X3lhUDRMVjh4ekRBb2ZfOHBIc0FGcjlsWG4tREV0NkkwVnprMmU4MU42TlE?oc=5\" target=\"_blank\" rel=\"nofollow noopener\">Pablo Mudarra se impone en la primera etapa de la Vuelta a Chiriqu\u00ed 2025<\/a>&nbsp;&nbsp;Esciclismo<\/li>\n<\/ol>\n","protected":false},"excerpt":{"rendered":"Joseph Ram\u00edrez se corona campe\u00f3n de la Vuelta a Chiriqu\u00ed, Alberto Ramos gana la \u00faltima etapa&nbsp;&nbsp;Esciclismo Alejandro Granados&hellip;\n","protected":false},"author":2,"featured_media":261951,"comment_status":"","ping_status":"","sticky":false,"template":"","format":"standard","meta":{"footnotes":""},"categories":[273],"tags":[63418,313,1757,8026,63416,312,168,158,25,24,16990,4794,23,167],"class_list":{"0":"post-261950","1":"post","2":"type-post","3":"status-publish","4":"format-standard","5":"has-post-thumbnail","7":"category-ciclismo","8":"tag-bikestation","9":"tag-ciclismo","10":"tag-ciclista","11":"tag-colono","12":"tag-costarricense","13":"tag-cycling","14":"tag-deportes","15":"tag-el","16":"tag-es","17":"tag-espana","18":"tag-joseph","19":"tag-ramirez","20":"tag-spain","21":"tag-sports"},"share_on_mastodon":{"url":"https:\/\/pubeurope.com\/@es\/115632754094820576","error":""},"_links":{"self":[{"href":"https:\/\/www.europesays.com\/es\/wp-json\/wp\/v2\/posts\/261950","targetHints":{"allow":["GET"]}}],"collection":[{"href":"https:\/\/www.europesays.com\/es\/wp-json\/wp\/v2\/posts"}],"about":[{"href":"https:\/\/www.europesays.com\/es\/wp-json\/wp\/v2\/types\/post"}],"author":[{"embeddable":true,"href":"https:\/\/www.europesays.com\/es\/wp-json\/wp\/v2\/users\/2"}],"replies":[{"embeddable":true,"href":"https:\/\/www.europesays.com\/es\/wp-json\/wp\/v2\/comments?post=261950"}],"version-history":[{"count":0,"href":"https:\/\/www.europesays.com\/es\/wp-json\/wp\/v2\/posts\/261950\/revisions"}],"wp:featuredmedia":[{"embeddable":true,"href":"https:\/\/www.europesays.com\/es\/wp-json\/wp\/v2\/media\/261951"}],"wp:attachment":[{"href":"https:\/\/www.europesays.com\/es\/wp-json\/wp\/v2\/media?parent=261950"}],"wp:term":[{"taxonomy":"category","embeddable":true,"href":"https:\/\/www.europesays.com\/es\/wp-json\/wp\/v2\/categories?post=261950"},{"taxonomy":"post_tag","embeddable":true,"href":"https:\/\/www.europesays.com\/es\/wp-json\/wp\/v2\/tags?post=261950"}],"curies":[{"name":"wp","href":"https:\/\/api.w.org\/{rel}","templated":true}]}}