{"id":261952,"date":"2025-11-29T11:30:15","date_gmt":"2025-11-29T11:30:15","guid":{"rendered":"https:\/\/www.europesays.com\/es\/261952\/"},"modified":"2025-11-29T11:30:15","modified_gmt":"2025-11-29T11:30:15","slug":"los-cadetes-que-brillan-en-el-arranque-de-la-liga-u22","status":"publish","type":"post","link":"https:\/\/www.europesays.com\/es\/261952\/","title":{"rendered":"Los cadetes que brillan en el arranque de la Liga U22"},"content":{"rendered":"<p>El pasado mes de junio el baloncesto espa\u00f1ol daba un paso adelante en la protecci\u00f3n de su talento joven. Ante la fuga de algunos de los mejores jugadores de cantera, tentados con los d\u00f3lares de la NCAA, tanto la Federaci\u00f3n Espa\u00f1ola como la ACB se pusieron manos a la obra y de la mano del Consejo Superior de Deportes ambas entidades creaban la <a href=\"https:\/\/www.gigantes.com\/liga-u\/\" rel=\"nofollow noopener\" target=\"_blank\">Liga U<\/a> 22. Una competici\u00f3n que pretend\u00eda ofrecer un marco de formaci\u00f3n deportiva y acad\u00e9mica a las nuevas generaciones, as\u00ed como darles visibilidad y oportunidad a estos jugadores.<\/p>\n<p>Transcurridas ocho jornadas, esta competici\u00f3n de nuevo cu\u00f1o va cumpliendo con los objetivos planteados. Nombres como los de Joaqu\u00edn Taboada, Egor Amosov, Nikola Kusturica o Dylan Bord\u00f3n lucen cada semana en los medios especializados con sus actuaciones, llamando la atenci\u00f3n de quienes no ten\u00edan por costumbre ahondar en las categor\u00edas inferiores. La emisi\u00f3n en Teledeporte y la velocidad de las redes han puesto estos nombres sobre la mesa, pero no son los \u00fanicos.<\/p>\n<p>Estos jugadores ya en la \u00faltima etapa de su formaci\u00f3n conviven con otros m\u00e1s j\u00f3venes, en edad cadete, que est\u00e1n demostrando que no les tiemblan las piernas ante jugadores hasta seis a\u00f1os mayores. Adolescentes que alternan las risas en las aulas con pegarse en la pintura con rivales m\u00e1s grandes que ellos. Y lo hacen sin verg\u00fcenza y demostrando que en el baloncesto la edad no siempre importa.<\/p>\n<p>Mohammed Dabone<\/p>\n<p>De esos cadetes que est\u00e1n brillando con luz propia hay uno que lo hace por encima del resto: Mohammed Dabone. Una de las grandes perlas de futuro en el mundo del baloncesto que ya dej\u00f3 su nombre inscrito en la Minicopa y que ahora est\u00e1 dejando su impronta en la Liga U22, contra jugadores hasta ocho a\u00f1os mayores que \u00e9l. Nacido en 2011 es uno de los grandes reclamos de esta nueva competici\u00f3n y est\u00e1 respondiendo como tal con medias de 13 puntos, 8,1 rebotes, 0,5 asistencias, 1,1 robos y 0,8 tapones en 20 minutos de media en los siete partidos disputados. N\u00fameros que se traducen en 16,9 de valoraci\u00f3n, lo que le permite estar entre los 20 mejores de la competici\u00f3n en este apartado.<\/p>\n<p>Jan Cerd\u00e1n<\/p>\n<p>En el Bar\u00e7a, junto a Dabone, encontramos otro chaval en plena adolescencia que empieza a acostumbrarse a que su nombre aparezca en conversaciones de futuro: Jan Cerd\u00e1n. El interior azulgrana, nacido en 2010, est\u00e1 aportando una energ\u00eda y una defensa impecable en los minutos que le dan, siempre desde la modestia del que sabe que a\u00fan est\u00e1 construy\u00e9ndose. Sus 4,6 puntos, 3,2 rebotes y 3 de valoraci\u00f3n en 13 minutos no cuentan toda la historia: Cerd\u00e1n juega sin miedo, se faja en cada bal\u00f3n dividido y aporta una sensaci\u00f3n de solvencia impropia de un chico que hace nada estaba jugando infantiles.<\/p>\n<p>Alonso de la Iglesia<\/p>\n<p>Quien tambi\u00e9n ha entendido a la perfecci\u00f3n lo que significa competir contra mayores es Alonso de la Iglesia, la joya m\u00e1s precoz que est\u00e1 mostrando Unicaja en esta Liga U22. Su lectura, serenidad y capacidad para influir en el juego desde el bote y el pase han llamado la atenci\u00f3n de m\u00e1s de un t\u00e9cnico rival. En siete jornadas promedia 9,3 puntos, 1,7 rebotes, 2,3 asistencias y 1,1 robos, cifras que se traducen en 7,9 de valoraci\u00f3n en 21 minutos. M\u00e1s all\u00e1 de los n\u00fameros, De la Iglesia transmite sensaci\u00f3n de jugador hecho. Un competidor silencioso que est\u00e1 aprovechando la Liga U22 como si llevara a\u00f1os prepar\u00e1ndose para esto.<\/p>\n<p>Keita Soumalia<\/p>\n<p>En Casademont Zaragoza, otro cadete que se est\u00e1 curtiendo a fuego lento es Keita Soumalia, un p\u00edvot salido de la Pablo Laso Academy, estilizado, largu\u00edsimo y con un instinto de intimidaci\u00f3n que aparece incluso en peque\u00f1as dosis. En sus 14 minutos por noche, Somalia se queda en 4,3 puntos, 2,6 rebotes y 0,6 tapones, suficiente para dejar claro que su crecimiento va a ir acompa\u00f1ado de una evoluci\u00f3n natural en cuanto gane cuerpo y constancia. El techo est\u00e1 por descubrir, pero la valent\u00eda ya la tiene: no se esconde, no evita el contacto y siempre intenta cambiar tiros, aunque el rival le doble en masa muscular.<\/p>\n<p>\u00c1lvaro Garc\u00eda y Cano y Pablo Mera<\/p>\n<p>Y si miramos hacia Madrid, los dos representantes cadetes tambi\u00e9n han tenido su peque\u00f1a ventana. \u00c1lvaro Garc\u00eda Cano apenas ha entrado en pista (1:49), sin tiempo para aportar n\u00fameros, pero viviendo una experiencia que para muchos de su edad todav\u00eda queda lejana. Pablo Mera, por su parte, dej\u00f3 destellos en los seis minutos que disput\u00f3: 2 puntos, 4 rebotes, 1 asistencia y 1 robo. Un impacto inmediato que confirma lo que en Valdebebas llevan tiempo susurrando: Mera compite. Compite siempre. Y eso, a estas edades, vale oro.<\/p>\n<p>La Liga U22 est\u00e1 demostrando que su creaci\u00f3n es un buen trampol\u00edn para una generaci\u00f3n que viene con una mezcla de desparpajo, f\u00edsico y formaci\u00f3n t\u00e9cnica dif\u00edcil de ver en conjunto. Los cadetes no est\u00e1n simplemente \u201cpasando por all\u00ed\u201d: est\u00e1n influyendo, decidiendo y creciendo ante jugadores que les superan en edad, m\u00fasculo y experiencia.<\/p>\n<p class=\"has-text-align-right\">acb Photo\u00a0\/ Joan Vidal<\/p>\n<p><img decoding=\"async\" src=\"https:\/\/www.europesays.com\/es\/wp-content\/uploads\/2025\/11\/1764415815_842_mtracking.gif\" alt=\"Etiquetas de Mautic\" style=\"display:none;\"\/><\/p>\n","protected":false},"excerpt":{"rendered":"El pasado mes de junio el baloncesto espa\u00f1ol daba un paso adelante en la protecci\u00f3n de su talento&hellip;\n","protected":false},"author":2,"featured_media":261953,"comment_status":"","ping_status":"","sticky":false,"template":"","format":"standard","meta":{"footnotes":""},"categories":[269],"tags":[299,298,168,25,24,23,167],"class_list":{"0":"post-261952","1":"post","2":"type-post","3":"status-publish","4":"format-standard","5":"has-post-thumbnail","7":"category-baloncesto","8":"tag-baloncesto","9":"tag-basketball","10":"tag-deportes","11":"tag-es","12":"tag-espana","13":"tag-spain","14":"tag-sports"},"share_on_mastodon":{"url":"https:\/\/pubeurope.com\/@es\/115632762324844338","error":""},"_links":{"self":[{"href":"https:\/\/www.europesays.com\/es\/wp-json\/wp\/v2\/posts\/261952","targetHints":{"allow":["GET"]}}],"collection":[{"href":"https:\/\/www.europesays.com\/es\/wp-json\/wp\/v2\/posts"}],"about":[{"href":"https:\/\/www.europesays.com\/es\/wp-json\/wp\/v2\/types\/post"}],"author":[{"embeddable":true,"href":"https:\/\/www.europesays.com\/es\/wp-json\/wp\/v2\/users\/2"}],"replies":[{"embeddable":true,"href":"https:\/\/www.europesays.com\/es\/wp-json\/wp\/v2\/comments?post=261952"}],"version-history":[{"count":0,"href":"https:\/\/www.europesays.com\/es\/wp-json\/wp\/v2\/posts\/261952\/revisions"}],"wp:featuredmedia":[{"embeddable":true,"href":"https:\/\/www.europesays.com\/es\/wp-json\/wp\/v2\/media\/261953"}],"wp:attachment":[{"href":"https:\/\/www.europesays.com\/es\/wp-json\/wp\/v2\/media?parent=261952"}],"wp:term":[{"taxonomy":"category","embeddable":true,"href":"https:\/\/www.europesays.com\/es\/wp-json\/wp\/v2\/categories?post=261952"},{"taxonomy":"post_tag","embeddable":true,"href":"https:\/\/www.europesays.com\/es\/wp-json\/wp\/v2\/tags?post=261952"}],"curies":[{"name":"wp","href":"https:\/\/api.w.org\/{rel}","templated":true}]}}