{"id":261958,"date":"2025-11-29T11:33:19","date_gmt":"2025-11-29T11:33:19","guid":{"rendered":"https:\/\/www.europesays.com\/es\/261958\/"},"modified":"2025-11-29T11:33:19","modified_gmt":"2025-11-29T11:33:19","slug":"redescubrimos-el-brutalismo-de-les-tres-xemeneies-de-sant-adria-de-besos-con-ombra-festival","status":"publish","type":"post","link":"https:\/\/www.europesays.com\/es\/261958\/","title":{"rendered":"Redescubrimos el brutalismo de Les Tres Xemeneies de Sant Adri\u00e0 de Bes\u00f2s con Ombra Festival"},"content":{"rendered":"<p>Imaginemos c\u00f3mo ser\u00eda entrar, por primera vez, en la colosal sala de las turbinas de la Tate Modern londinense, antes de la reforma que los arquitectos suizos Herzog &amp; de Meuron inauguraron en 2000. Visualizemos los restos de esa arqueolog\u00eda industrial con toda su expresividad brutalista todav\u00eda intacta. Las cicatrices en las paredes, el suelo marcado por la maquinaria de la antigua central el\u00e9ctrica, el aire impregnado de los ecos de su pasado fabril. Esa misma sensaci\u00f3n es la que todav\u00eda estamos a tiempo de vivir redescubriendo, antes de que la reforma lo cambie para siempre, <strong>uno de los espacios m\u00e1s sobrecogedores abiertos en los \u00faltimos a\u00f1os: Les Tres Xemeneies de Sant Adri\u00e0 de Bes\u00f2s.<\/strong>\u00a0La celebraci\u00f3n de\u00a0<a href=\"https:\/\/ombrafestival.com\/\" rel=\"nofollow noopener\" target=\"_blank\"><strong>Ombra Festival<\/strong><\/a>, del jueves 4 al domingo 7 de diciembre, invita a recuperar la sensaci\u00f3n de descubrimiento que se experimenta al pisar, por primera vez, este espacio \u00fanico.<\/p>\n<p>Entrar en esta catedral laica de est\u00e9tica industrial significa vivir una experiencia en la que nuestra mirada queda cautivada ante las enormes dimensiones y la dram\u00e1tica luz de un lugar imposible de aprehender en una \u00fanica visita. La apertura\u00a0a la ciudadan\u00eda, el 8 de septiembre de 2024, de\u00a0Les Tres Xemeneies\u00a0como sede principal de\u00a0la bienal n\u00f3mada de arte contempor\u00e1neo\u00a0Manifesta 15 Barcelona Metropolitana, puso en el mapa cultural\u00a0<strong>un icono de la arquitectura industrial catalana que hab\u00eda permanecido adormecido en el\u00a0skyline\u00a0del litoral barcelon\u00e9s.<\/strong>\u00a0El proyecto de reforma\u00a0<a href=\"https:\/\/cultura.gencat.cat\/ca\/catalunyamediacity\/inici\/index.html#googtrans(ca|es)\" rel=\"nofollow noopener\" target=\"_blank\"><strong>Catalunya Media City<\/strong><\/a>, que en un futuro muy pr\u00f3ximo transformar\u00e1 por completo la vieja central t\u00e9rmica, y la celebraci\u00f3n de <a href=\"https:\/\/ombrafestival.com\/\" rel=\"nofollow noopener\" target=\"_blank\"><strong>Ombra Festival<\/strong><\/a> invitan a reflexionar sobre el pasado, el presente y el futuro de un edificio que forma parte de la historia del \u00e1rea metropolitana de Barcelona.<\/p>\n<p>&#13;<img loading=\"lazy\" decoding=\"async\"   src=\"https:\/\/www.europesays.com\/es\/wp-content\/uploads\/2025\/11\/les-tres-xemeneies_b212db92_251126175537_1280x1707.webp.webp\" alt=\"Les Tres Xemeneies\" class=\"lazyload\" width=\"1280\" height=\"1707\" data-aspectratio=\"1280\/1707\"\/><\/p>\n<p>Con un altura que supera los 180 metros, Les Tres Xemeneies configuran un conjunto monumental visible desde el litoral barcelon\u00e9s.<\/p>\n<p>&#13;ARCHIVO<br \/>\n Pasado: Les Tres Xemeneies, poniendo luz a la oscuridad del desarrollismo\u00a0<\/p>\n<p>Una\u00a0monumental catedral de hormig\u00f3n armado\u00a0construida con un sistema de encofrado deslizante. As\u00ed es la central t\u00e9rmica que la empresa FECSA empez\u00f3 a levantar en 1971 en la orilla izquierda del r\u00edo Bes\u00f2s, siguiendo el proyecto del arquitecto Juan Ignacio Coscolluela Muntaner, la ingenier\u00eda de INYPSA y la participaci\u00f3n de m\u00e1s de 1700 obreros. Tras cinco a\u00f1os de trabajo, las tres grandes chimeneas situadas frente a la playa de Sant Adri\u00e0, con una altura que supera\u00a0los 180 metros, empezaron a funcionar a pleno rendimiento, llegando a alcanzar una potencia de 1.050 MW. <strong>Electricidad que dio alas al desarrollo industrial que marc\u00f3 la econom\u00eda catalana durante el transcurso de los a\u00f1os setenta y ochenta.<\/strong><\/p>\n<p>&#13;<img loading=\"lazy\" decoding=\"async\"   src=\"https:\/\/www.europesays.com\/es\/wp-content\/uploads\/2025\/11\/les-tres-xemeneies_2b17ea2b_251126181033_1500x1500.webp.webp\" alt=\"Les Tres Xemeneies\" class=\"lazyload\" width=\"1500\" height=\"1500\" data-aspectratio=\"1500\/1500\"\/><\/p>\n<p>Una imagen hist\u00f3rica de la sala de las turbinas, el coraz\u00f3n de la central t\u00e9rmica de Sant Adri\u00e0 de Bes\u00f2s.<\/p>\n<p>&#13;ARCHIVO<\/p>\n<p>Cuando en 2011 la empresa ENDESA, propietaria de la f\u00e1brica desde 1996, decidi\u00f3 clausurar la central t\u00e9rmica, los vecinos y ex-trabajadores se pusieron en marcha para evitar que los restos del recinto industrial\u00a0fueran derribados. Organizados en una plataforma para defender la conservaci\u00f3n del edificio, lucharon para conseguir su catalogaci\u00f3n como Bien Cultural de Inter\u00e9s Local (BCIL). Lo consiguieron 15 a\u00f1os m\u00e1s tarde, en 2016. Mucho m\u00e1s que unas ruinas arqueol\u00f3gicas ligadas al pasado industrial m\u00e1s reciente,\u00a0<strong>Les Tres Xemeneies\u00a0forman parte de la memoria hist\u00f3rica de varias generaciones<\/strong>, han sido testimonio de las luchas de\u00a0la clase trabajadora\u00a0y su sola presencia conecta con el paisaje sentimental de los habitantes del litoral barcelon\u00e9s. Su destrucci\u00f3n hubiera significado perder un monumento a la industrializaci\u00f3n que forma parte del patrimonio del pa\u00eds.\u00a0<\/p>\n<p><a href=\"https:\/\/www.arquitecturaydiseno.es\/decoracion\/cada-manana-veo-baldosas-mi-cocina-y-me-aburren-como-renovar-tu-cocina-sin-obras_12725\" data-ga4_event=\"custom_event\" data-ga4_event_name=\"click_intext\" data-ga4_link_url=\"https:\/\/www.arquitecturaydiseno.es\/decoracion\/cada-manana-veo-baldosas-mi-cocina-y-me-aburren-como-renovar-tu-cocina-sin-obras_12725\" data-ga4_link_text=\"meritxell_ribe_las_baldosas_de_la_cocina_son_el_primer_contacto_visual_del_dia\" data-ga4_content_type=\"photo\" data-ga4_element=\"related\" rel=\"nofollow noopener\" target=\"_blank\">&#13;&#13;<img loading=\"lazy\" decoding=\"async\" src=\"https:\/\/www.europesays.com\/es\/wp-content\/uploads\/2025\/11\/meritxell-ribe_7e942633_251124174044_600x600.webp.webp\" alt=\"Meritxell Rib\u00e9\" class=\"lazyload\" width=\"600\" height=\"600\" data-aspectratio=\"600\/600\"\/>&#13;&#13;<\/p>\n<p class=\"epigraph\">&#13;Noticia relacionada<\/p>\n<p class=\"title\">Meritxell Rib\u00e9: \u00abLas baldosas de la cocina son el primer contacto visual del d\u00eda\u00bb<\/p>\n<p><\/a>&#13;<img loading=\"lazy\" decoding=\"async\"   src=\"https:\/\/www.europesays.com\/es\/wp-content\/uploads\/2025\/11\/les-tres-xemeneies_d70e6038_251126181210_1500x1500.webp.webp\" alt=\"Les Tres Xemeneies\" class=\"lazyload\" width=\"1500\" height=\"1500\" data-aspectratio=\"1500\/1500\"\/><\/p>\n<p>Prehension, la instalaci\u00f3n del artista estadounidense Asad Raza para Manifesta 15 Barcelona Metropolitana.<\/p>\n<p>&#13;ARCHIVO<\/p>\n<p>La apertura de Les Tres Xemeneies a la ciudadan\u00eda, durante la celebraci\u00f3n de Manifesta 15 \u2013probablemente el legado m\u00e1s importante que dej\u00f3 la celebraci\u00f3n de la bienal de arte n\u00f3mada\u2013, conllev\u00f3 la realizaci\u00f3n de las obras de acondicionamiento necesarias para facilitar el acceso a\u00a0la sala de turbinas y cumplir con los est\u00e1ndares de seguridad. Entre todas las intervenciones art\u00edsticas que se pudieron ver durante Manifesta 15, la instalaci\u00f3n de las grandes cortinas que el artista estadounidense Asad Raza dej\u00f3 colgadas frente\u00a0a las ventanas de la \u00faltima planta, desprovistas de los cristales para facilitar el paso del aire, qued\u00f3 como una de las intervenciones m\u00e1s fotografiadas de la bienal. <strong>Un soplo de poes\u00eda en contraste con los rudos muros de hormig\u00f3n de la central t\u00e9rmica.<\/strong> Ese mismo contraste entre\u00a0vanguardia contempor\u00e1nea y pasado industrial es el protagonista de la nueva edici\u00f3n de Ombra Festival.\u00a0<\/p>\n<p>&#13;<img loading=\"lazy\" decoding=\"async\"   src=\"https:\/\/www.europesays.com\/es\/wp-content\/uploads\/2025\/11\/ombra-festival_3371560c_251126181432_1500x1000.webp.webp\" alt=\"Ombra Festival\" class=\"lazyload\" width=\"1500\" height=\"1000\" data-aspectratio=\"1500\/1000\"\/><\/p>\n<p>Los monitores vintage de RipTV y la instalaci\u00f3n de KineticRiot, dos de los propuestas que forman parte Ombra Gallery.<\/p>\n<p>&#13;OMBRA<br \/>\n Presente: Ombra Festival, un encuentro de im\u00e1genes y sonidos inusuales\u00a0<\/p>\n<p>Pocos eventos culturales son capaces de fomentar un\u00a0sentido de comunidad y de pertenencia entre su p\u00fablico como lo hace Ombra. Compartiendo una misma filiaci\u00f3n por los sonidos electr\u00f3nicos m\u00e1s oscuros y la est\u00e9tica industrial, los seguidores de este festival, que lleva celebr\u00e1ndose\u00a0desde 2018, conectan con <strong>una propuesta que va m\u00e1s all\u00e1 de la m\u00fasica para abrazar las artes visuales, la escenograf\u00eda, la moda y el dise\u00f1o.<\/strong> Amparados bajo el lema\u00a0Unusual Sounds Gathering, los co-directores de <strong><a href=\"https:\/\/www.instagram.com\/ombrafestival\/?hl=en\" rel=\"nofollow noopener\" target=\"_blank\">Ombra<\/a><\/strong>, Raul Gayo y Nico Caba\u00f1as\u00a0han adaptado su propuesta a las diferentes localizaciones en las que se ha desarrollado el evento. Tras celebrar tres ediciones en Utopia\u00a0126 \u2013una nave industrial situada en el Poblenou barcelon\u00e9s\u2013 y realizar\u00a0las dos \u00faltimas en la antigua f\u00e1brica ENMASA\u00a0\u2013conocida como La Mercedes\u2013, el festival aterriza este a\u00f1o en Les Tres Xemeneies.<\/p>\n<p>&#13;<img loading=\"lazy\" decoding=\"async\"   src=\"https:\/\/www.europesays.com\/es\/wp-content\/uploads\/2025\/11\/ombra_49249b0b_251126181737_1500x1000.webp.webp\" alt=\"Ombra\" class=\"lazyload\" width=\"1500\" height=\"1000\" data-aspectratio=\"1500\/1000\"\/><\/p>\n<p>Las im\u00e1genes creadas por Cristina del Barco y \u00c0lex R\u00edgol, parte de la propuesta art\u00edstica que se podr\u00e1 ver en Les Tres Xemeneies.<\/p>\n<p>&#13;OMBRA<\/p>\n<p>Ideado para entrar en di\u00e1logo con el entorno industrial de la central t\u00e9rmica,\u00a0<strong>el programa\u00a0Ombra\u00a0Gallery presenta\u00a0instalaciones, visuales y proyectos que expanden los l\u00edmites que separan los sonidos de las\u00a0im\u00e1genes.\u00a0<\/strong>Servomotores, luces LED programables y otros elementos electr\u00f3nicos sirven, en manos del colectivo <a href=\"https:\/\/www.instagram.com\/kinetic_riot\/#\" rel=\"nofollow noopener\" target=\"_blank\"><strong>Kinetic Riot<\/strong><\/a>, para hacer realidad Bajo inspecci\u00f3n, una instalaci\u00f3n que explora la mirada como un acto de control y vigilancia impersonal. Por su parte, Xavier Hern\u00e1ndez, comisario de\u00a0<a href=\"https:\/\/www.instagram.com\/tgamxyz\/?hl=en\" onclick=\"window.open(this.href, &#039;&#039;, &#039;resizable=no,status=no,location=no,toolbar=no,menubar=no,fullscreen=no,scrollbars=no,dependent=no&#039;); return false;\" rel=\"nofollow noopener\" target=\"_blank\"><strong>The Generative Art Museum<\/strong><\/a>, presenta Generative Dialogues II, una instalaci\u00f3n de arte generativo que reflexiona sobre la obsolescencia\u00a0tecnol\u00f3gica. El di\u00e1logo entre las viejas y las nuevas tecnolog\u00edas cobra un nuevo significado\u00a0con VisionRIP, el proyecto de\u00a0<a href=\"https:\/\/www.instagram.com\/visionrip\/?hl=en\" rel=\"nofollow noopener\" target=\"_blank\"><strong>RipTV<\/strong><\/a>\u00a0\u2013alias del\u00a0artista y videojockey Javier Ripoll\u2013 en el que los viejos monitores de televisi\u00f3n de ayos cat\u00f3dicos se convierten en esculturas y s\u00edmbolos del festival.<\/p>\n<p>&#13;<img loading=\"lazy\" decoding=\"async\"   src=\"https:\/\/www.europesays.com\/es\/wp-content\/uploads\/2025\/11\/ombra_9c6ec004_251126182216_1500x1000.webp.webp\" alt=\"Ombra\" class=\"lazyload\" width=\"1500\" height=\"1000\" data-aspectratio=\"1500\/1000\"\/><\/p>\n<p>Las reflexiones de Sergi Rib\u00f3 y las im\u00e1genes de arte generativo comisariadas por Xavier Hern\u00e1ndez,\u00a0 dos muestras de lo que se podr\u00e1 ver en Ombra.<\/p>\n<p>&#13;OMBRA<\/p>\n<p>La programaci\u00f3n de Ombra Gallery se completa con\u00a0Mutants, el proyecto del creador visual\u00a0<strong><a href=\"https:\/\/www.instagram.com\/alexrigol.art\/\" rel=\"nofollow noopener\" target=\"_blank\">\u00c0lex R\u00edgol<\/a>\u00a0<\/strong>que\u00a0fusiona im\u00e1genes generadas con inteligencia artificial e imagina un futuro dist\u00f3pico protagonizado por unos organismos que son fruto de los errores generados por la tecnolog\u00eda.\u00a0Las fotograf\u00edas en blanco y negro de\u00a0<strong><a href=\"https:\/\/www.instagram.com\/cristinadelbarco1\/#\" rel=\"nofollow noopener\" target=\"_blank\">Cristina del Barco<\/a>\u00a0<\/strong>\u2013que en su serie\u00a0Luto\u00a0realiza un homenaje a su padre fallecido\u2013 y las im\u00e1genes en color de\u00a0<strong><a href=\"https:\/\/www.instagram.com\/mina.chauveau.photography\/#\" rel=\"nofollow noopener\" target=\"_blank\">Mina Chauveu<\/a>\u00a0<\/strong>\u2013capturando con su c\u00e1mara anal\u00f3gica las subculturas musicales tokiotas en su serie\u00a0Tokyo No Kage No Shitam\u2013 integran un cartel art\u00edstico que incluye dos propuestas contundentes. La fotograf\u00eda y v\u00eddeo proyecci\u00f3n de\u00a0<a href=\"https:\/\/www.instagram.com\/damianpissarra\/?hl=en\" rel=\"nofollow noopener\" target=\"_blank\"><strong>Dami\u00e1n Pissarra<\/strong><\/a>\u00a0\u2013que presenta\u00a0Ahorcado, una exploraci\u00f3n de la frontera que separa lenguaje, cuerpo y signo\u2013 y la intervenci\u00f3n de\u00a0<a href=\"https:\/\/www.instagram.com\/serxeinheri\/#\" rel=\"nofollow noopener\" target=\"_blank\"><strong>Sergi Rib\u00f3<\/strong><\/a>\u00a0que, adem\u00e1s de asumir la direcci\u00f3n art\u00edstica del festival, firma\u00a0Ingenier\u00eda Social \/ Polarizaci\u00f3n, una instalaci\u00f3n visual, en colaboraci\u00f3n con Kinetic Riot y RipTV, pensada para sacudir conciencias y exponer lo que solemos aceptar sin pensarlo.\u00a0<\/p>\n<p>&#13;<img loading=\"lazy\" decoding=\"async\"   src=\"https:\/\/www.europesays.com\/es\/wp-content\/uploads\/2025\/11\/les-tres-xemeneies-reforma-01_90328016_251127120723_1280x1067.webp.webp\" alt=\"les tres xemeneies reforma 01\" class=\"lazyload\" width=\"1280\" height=\"1067\" data-aspectratio=\"1280\/1067\"\/><\/p>\n<p>A la izquierda, el volumen de nueva planta dise\u00f1ado para ser a\u00f1adido a los tres m\u00f3dulos existentes de la central t\u00e9rmica.<\/p>\n<p>&#13;Filippo Bolognese<br \/>\n Futuro: Catalunya Media City, el nuevo hub del sector audiovisual y digital<\/p>\n<p>Presentada el 29 de marzo de 2025, la propuesta ganadora para rehabilitar Les Tres Xemeneies\u00a0es fruto de la colaboraci\u00f3n entre el despacho de los arquitectos barceloneses\u00a0<a href=\"https:\/\/www.garces-deseta-bonet.com\/es\/projets\/catalunya-media-city\/?in=dex\" rel=\"nofollow noopener\" target=\"_blank\"><strong>Garc\u00e9s &#8211; de Seta &#8211; Bonet<\/strong><\/a>\u00a0y la oficina en Barcelona de los neoyorquinos\u00a0<a href=\"https:\/\/marveldesigns.com\/project\/les-tres-xemeneies\/\" rel=\"nofollow noopener\" target=\"_blank\"><strong>Marvel Architects<\/strong><\/a>. Sometida al concurso bajo el t\u00edtulo de una pel\u00edcula de Federico Fellini,\u00a0E la nave va, la referencia a la obra de uno de los directores m\u00e1s ambiciosos de la historia del cine italiano encaja a la perfecci\u00f3n para imaginar uno de los proyectos de reforma m\u00e1s ambiciosos que se han planteado en el \u00e1rea metropolitana barcelonesa en los \u00faltimos a\u00f1os:\u00a0<strong>Catalunya Media City<\/strong>. El proyecto seleccionado dar\u00e1 una nueva vida a la central t\u00e9rmica de Sant Adri\u00e0 de Bes\u00f2s y aspira a ser un\u00a0hub\u00a0dedicado a la formaci\u00f3n, la investigaci\u00f3n y la producci\u00f3n en los \u00e1mbitos de la creaci\u00f3n audiovisual, la cultura digital\u00a0y el mundo de los videojuegos.<\/p>\n<p><a href=\"https:\/\/www.arquitecturaydiseno.es\/estilo-de-vida\/imprescindibles-dart-festival-internacional-cine-y-arte-barcelona_12678\" data-ga4_event=\"custom_event\" data-ga4_event_name=\"click_intext\" data-ga4_link_url=\"https:\/\/www.arquitecturaydiseno.es\/estilo-de-vida\/imprescindibles-dart-festival-internacional-cine-y-arte-barcelona_12678\" data-ga4_link_text=\"las_10_peliculas_imprescindibles_de_dart_el_festival_internacional_de_cine_y_arte_de_barcelona\" data-ga4_content_type=\"photo\" data-ga4_element=\"related\" rel=\"nofollow noopener\" target=\"_blank\">&#13;&#13;<img loading=\"lazy\" decoding=\"async\" src=\"https:\/\/www.europesays.com\/es\/wp-content\/uploads\/2025\/11\/dart-festival-portada_003a7984_251114133225_600x600.webp.webp\" alt=\"dart festival portada\" class=\"lazyload\" width=\"600\" height=\"600\" data-aspectratio=\"600\/600\"\/>&#13;&#13;<\/p>\n<p class=\"epigraph\">&#13;Noticia relacionada<\/p>\n<p class=\"title\">Las 10 pel\u00edculas imprescindibles de Dart, el Festival Internacional de Cine y Arte de Barcelona<\/p>\n<p><\/a>&#13;<img loading=\"lazy\" decoding=\"async\"   src=\"https:\/\/www.europesays.com\/es\/wp-content\/uploads\/2025\/11\/les-tres-xemeneies-reforma_752751b8_251127123515_1280x1455.webp.webp\" alt=\"Les Tres Xemeneies reforma\" class=\"lazyload\" width=\"1280\" height=\"1455\" data-aspectratio=\"1280\/1455\"\/><\/p>\n<p>El espacio para exposiciones y eventos, abierto en cada extremo, ofrecer\u00e1 vistas a Badalona y Barcelona.<\/p>\n<p>&#13;Filippo Bolognese<\/p>\n<p>Con un presupuesto de 70,8 millones de euros y un calendario que prev\u00e9 el inicio de las obras en el verano del pr\u00f3ximo 2026, la reforma de Les Tres Xemeneies puede alargarse hasta finales de 2028. <strong>Una obra de una dimensi\u00f3n gigantesca si se consideran los 22.600 metros cuadrados de la antigua f\u00e1brica y las caracter\u00edsticas del proyecto de reforma. <\/strong>La rehabilitaci\u00f3n de este icono del patrimonio industrial incluye la construcci\u00f3n de un nuevo edificio en el que acoger centros educativos, incubadoras para emprendedores y espacios de coworking. Un entorno en el que se reunir\u00e1n universidades y empresas para fomentar la innovaci\u00f3n en el \u00e1mbito audiovisual y que presenta, como principal atractivo, un espacio di\u00e1fano\u00a0de 5.600 metros cuadrados y 17 metros de altura, situado en la \u00faltima planta del edificio, donde ser\u00e1 posible realizar exposiciones,\u00a0experiencias y todo tipo de eventos.<\/p>\n<p>&#13;<img loading=\"lazy\" decoding=\"async\"   src=\"https:\/\/www.europesays.com\/es\/wp-content\/uploads\/2025\/11\/les-tres-xemeneies-reforma_04f620f0_251127123534_1280x1067.webp.webp\" alt=\"Les Tres Xemeneies reforma\" class=\"lazyload\" width=\"1280\" height=\"1067\" data-aspectratio=\"1280\/1067\"\/><\/p>\n<p>La vegetaci\u00f3n aut\u00f3ctona ofrecer\u00e1 un respiro visual a la fuerza expresiva de la estructura de hormig\u00f3n de la f\u00e1brica.<\/p>\n<p>&#13;Filippo Bolognese<\/p>\n<p>Ideado como un gran balc\u00f3n sobre el Mediterr\u00e1neo, el proyecto para Catalunya Media City busca crear una conexi\u00f3n entre la ciudad y el mar a trav\u00e9s de la estrat\u00e9gica creaci\u00f3n de cortes transversales que permitir\u00e1n\u00a0atravesar el volumen central de la central t\u00e9rmica. <strong>La incorporaci\u00f3n de vegetaci\u00f3n en el interior de la antigua f\u00e1brica est\u00e1 pensada para impregnar de vida los contundentes muros de hormig\u00f3n. <\/strong>Antes de que todo esto sea\u00a0una realidad, Les Tres Xemeneies ser\u00e1n la sede central de las actividades programadas para\u00a0<a href=\"https:\/\/www.barcelona.cat\/capitalmundialarquitectura\/es\" rel=\"nofollow noopener\" target=\"_blank\"><strong>Barcelona 2026, Capital Mundial de la Arquitectura<\/strong><\/a>. Y mucho antes, durante el fin de semana del 4 al 7 de diciembre, Ombra Festival ofrece una ocasi\u00f3n \u00fanica para volver a perderse en la belleza brutalista de la catedral de hormig\u00f3n de Sant Adri\u00e0 de Bes\u00f2s.<\/p>\n<p><script async src=\"\/\/www.instagram.com\/embed.js\"><\/script><\/p>\n","protected":false},"excerpt":{"rendered":"Imaginemos c\u00f3mo ser\u00eda entrar, por primera vez, en la colosal sala de las turbinas de la Tate Modern&hellip;\n","protected":false},"author":2,"featured_media":261959,"comment_status":"","ping_status":"","sticky":false,"template":"","format":"standard","meta":{"footnotes":""},"categories":[173],"tags":[229,233,231,230,232,234,146,147,25,24,23],"class_list":{"0":"post-261958","1":"post","2":"type-post","3":"status-publish","4":"format-standard","5":"has-post-thumbnail","7":"category-arte-y-diseno","8":"tag-arte","9":"tag-arte-y-diseno","10":"tag-arts","11":"tag-arts-and-design","12":"tag-design","13":"tag-diseno","14":"tag-entertainment","15":"tag-entretenimiento","16":"tag-es","17":"tag-espana","18":"tag-spain"},"share_on_mastodon":{"url":"https:\/\/pubeurope.com\/@es\/115632774346122538","error":""},"_links":{"self":[{"href":"https:\/\/www.europesays.com\/es\/wp-json\/wp\/v2\/posts\/261958","targetHints":{"allow":["GET"]}}],"collection":[{"href":"https:\/\/www.europesays.com\/es\/wp-json\/wp\/v2\/posts"}],"about":[{"href":"https:\/\/www.europesays.com\/es\/wp-json\/wp\/v2\/types\/post"}],"author":[{"embeddable":true,"href":"https:\/\/www.europesays.com\/es\/wp-json\/wp\/v2\/users\/2"}],"replies":[{"embeddable":true,"href":"https:\/\/www.europesays.com\/es\/wp-json\/wp\/v2\/comments?post=261958"}],"version-history":[{"count":0,"href":"https:\/\/www.europesays.com\/es\/wp-json\/wp\/v2\/posts\/261958\/revisions"}],"wp:featuredmedia":[{"embeddable":true,"href":"https:\/\/www.europesays.com\/es\/wp-json\/wp\/v2\/media\/261959"}],"wp:attachment":[{"href":"https:\/\/www.europesays.com\/es\/wp-json\/wp\/v2\/media?parent=261958"}],"wp:term":[{"taxonomy":"category","embeddable":true,"href":"https:\/\/www.europesays.com\/es\/wp-json\/wp\/v2\/categories?post=261958"},{"taxonomy":"post_tag","embeddable":true,"href":"https:\/\/www.europesays.com\/es\/wp-json\/wp\/v2\/tags?post=261958"}],"curies":[{"name":"wp","href":"https:\/\/api.w.org\/{rel}","templated":true}]}}