{"id":261964,"date":"2025-11-29T11:37:07","date_gmt":"2025-11-29T11:37:07","guid":{"rendered":"https:\/\/www.europesays.com\/es\/261964\/"},"modified":"2025-11-29T11:37:07","modified_gmt":"2025-11-29T11:37:07","slug":"este-sera-el-sucesor-de-john-williams-para-la-musica-del-star-wars-de-ryan-gosling-15-nominaciones-al-oscar","status":"publish","type":"post","link":"https:\/\/www.europesays.com\/es\/261964\/","title":{"rendered":"Este ser\u00e1 el sucesor de John Williams para la m\u00fasica del &#8216;Star Wars&#8217; de Ryan Gosling: 15 nominaciones al Oscar"},"content":{"rendered":"<p class=\"c-paragraph\"><b\/>Durante d\u00e9cadas, pensar en <b>Star Wars<\/b> era sin\u00f3nimo de pensar en la m\u00fasica de<b> John Williams<\/b>, que puso su talento al servicio de <b>George Lucas<\/b> desde la primera entrega, all\u00e1 por 1977. Williams puli\u00f3 entonces un estilo muy reconocible, \u00e9pico a la vez que cl\u00e1sico, con colosales melod\u00edas y gran despliegue orquestal que realzaron las peripecias de una galaxia muy lejana. Naturalmente iba a ser un trauma que tuviera que abandonar la franquicia, pero es m\u00e1s o menos lo que hizo con <b>El ascenso de Skywalker<\/b>.<\/p>\n<p class=\"c-paragraph\">El <b>Episodio IX<\/b> estrenado en 2019 fue la \u00faltima vez que escuchar\u00edamos la m\u00fasica de Williams en una pel\u00edcula de Star Wars, aunque antes de eso la saga ya hab\u00eda empezado a buscar su identidad sin \u00e9l. <b>Michael Giacchino<\/b>, para <b>Rogue One: Una historia de Star Wars<\/b>, ya hab\u00eda ejercido de compositor, y lo mismo hizo <b>John Powell<\/b> con la posterior <b>Han Solo<\/b>.\u00a0<\/p>\n<p class=\"c-paragraph\">Pero quiz\u00e1 la contribuci\u00f3n m\u00e1s celebrada fuera la de <b>Ludwig G\u00f6ransson<\/b> con la serie de <b>The Mandalorian<\/b>, perge\u00f1ando un tema principal que comparte espacio en el recuerdo con las piezas de Williams. A\u00fan as\u00ed, era una inc\u00f3gnita qu\u00e9 pasar\u00eda de vuelta al cine.<\/p>\n<p class=\"c-paragraph\">Sobre todo porque a <b>Lucasfilm<\/b> le ha costado lo suyo montar una nueva pel\u00edcula de Star Wars tras la decepci\u00f3n de El ascenso de Skywalker y la prioridad que ha alcanzado en sus planes la producci\u00f3n de <b>Disney+<\/b> (encabezada por The Mandalorian). De hecho el siguiente film de Star Wars en m\u00e1s de seis a\u00f1os va ser <b>The Mandalorian &amp; Grogu<\/b> (con m\u00fasica de G\u00f6ransson) y m\u00e1s tarde le tocar\u00eda el turno, por fin, a uno que pruebe a expandir la cronolog\u00eda de la galaxia luego de los eventos de El ascenso de Skywalker. Nos referimos a <b>Star Wars: Starfighter<\/b>.<\/p>\n<p class=\"c-paragraph\">Una nueva pel\u00edcula independiente que se estrena el <b>28 de mayo de 2027<\/b> y dirige<b> Shawn Levy<\/b>, el mismo que arrasara en 2024 con<b> <\/b><b>Deadpool y Lobezno<\/b>. Levy se ha tomado muy en serio la cuesti\u00f3n de suceder a Williams con un m\u00fasico a la altura, y ha revelado por fin su identidad en el podcast On Film\u2026 With Kevin McCarthy.\u00a0<\/p>\n<p class=\"c-paragraph\">\u201cS\u00ed, supongo que estamos dando una primicia. Si me pides que nombre mis bandas sonoras favoritas, cinco de las diez primeras son de<b> Tom Newman<\/b>: <b>Cadena perpetua, Camino a la perdici\u00f3n, Buscando a Nemo, American Beauty<\/b>. Ese tipo es un maestro\u201d.<\/p>\n<p class=\"c-paragraph\">Levy se refiere a <b>Thomas Newman<\/b>, un compositor de primera l\u00ednea de Hollywood que ha sido<b> nominado al Oscar hasta en 15 ocasiones<\/b> (curiosamente sin ganar ninguna). La \u00faltima fue por<b> <\/b><b>1917<\/b><b> <\/b>hace cinco a\u00f1os, volviendo a asociarse con <b>Sam Mendes<\/b>, y ahora va a debutar en Star Wars. \u201cEstaba pensando en esta pel\u00edcula y en c\u00f3mo deb\u00eda ser la m\u00fasica, porque quer\u00eda que tuviera<b> una inspiraci\u00f3n cl\u00e1sica<\/b>. Pero no, no iba a ser una remezcla de las composiciones de Williams\u201d, prosigue Levy.<\/p>\n<p class=\"c-paragraph\">\u201cPuede que se inspirara en alguna de ellas, pero sab\u00eda que necesitaba una banda sonora de un compositor que, al igual que Williams, no evitara las ra\u00edces. As\u00ed que llam\u00e9 a Tom Newman. Le dije \u2018hola, soy Shawn Levy, \u00bfte gustar\u00eda\u2026?\u2019, y \u00e9l respondi\u00f3 <b>\u2018env\u00edame el guion y descr\u00edbeme tu visi\u00f3n\u2019.<\/b> Hice ambas cosas y la respuesta fue s\u00ed. Estoy muy emocionado por ello\u201d. Newman ser\u00e1 quien lidie con el legado de Williams tras las aportaciones de Giacchino y Powell en el cine, con una partitura muy ambiciosa.<\/p>\n<p class=\"c-paragraph\">No es mucho lo que se sabe del argumento de Starfighter, m\u00e1s all\u00e1 de que se centrar\u00eda en la persecuci\u00f3n de un ni\u00f1o a lo largo de la galaxia. En el reparto destaca <b>Ryan Gosling<\/b> de protagonista, acompa\u00f1ado de<b> Matt Smith, Amy Adams <\/b>y<b> Mia Goth<\/b>.<\/p>\n","protected":false},"excerpt":{"rendered":"Durante d\u00e9cadas, pensar en Star Wars era sin\u00f3nimo de pensar en la m\u00fasica de John Williams, que puso&hellip;\n","protected":false},"author":2,"featured_media":261965,"comment_status":"","ping_status":"","sticky":false,"template":"","format":"standard","meta":{"footnotes":""},"categories":[169],"tags":[177,146,147,25,24,176,65348,175,36278,65347,23,3186,65349],"class_list":{"0":"post-261964","1":"post","2":"type-post","3":"status-publish","4":"format-standard","5":"has-post-thumbnail","7":"category-cine","8":"tag-cine","9":"tag-entertainment","10":"tag-entretenimiento","11":"tag-es","12":"tag-espana","13":"tag-film","14":"tag-john-williams","15":"tag-movies","16":"tag-ryan-gosling","17":"tag-shawn-levy","18":"tag-spain","19":"tag-star-wars","20":"tag-thomas-newman"},"share_on_mastodon":{"url":"https:\/\/pubeurope.com\/@es\/115632789667647101","error":""},"_links":{"self":[{"href":"https:\/\/www.europesays.com\/es\/wp-json\/wp\/v2\/posts\/261964","targetHints":{"allow":["GET"]}}],"collection":[{"href":"https:\/\/www.europesays.com\/es\/wp-json\/wp\/v2\/posts"}],"about":[{"href":"https:\/\/www.europesays.com\/es\/wp-json\/wp\/v2\/types\/post"}],"author":[{"embeddable":true,"href":"https:\/\/www.europesays.com\/es\/wp-json\/wp\/v2\/users\/2"}],"replies":[{"embeddable":true,"href":"https:\/\/www.europesays.com\/es\/wp-json\/wp\/v2\/comments?post=261964"}],"version-history":[{"count":0,"href":"https:\/\/www.europesays.com\/es\/wp-json\/wp\/v2\/posts\/261964\/revisions"}],"wp:featuredmedia":[{"embeddable":true,"href":"https:\/\/www.europesays.com\/es\/wp-json\/wp\/v2\/media\/261965"}],"wp:attachment":[{"href":"https:\/\/www.europesays.com\/es\/wp-json\/wp\/v2\/media?parent=261964"}],"wp:term":[{"taxonomy":"category","embeddable":true,"href":"https:\/\/www.europesays.com\/es\/wp-json\/wp\/v2\/categories?post=261964"},{"taxonomy":"post_tag","embeddable":true,"href":"https:\/\/www.europesays.com\/es\/wp-json\/wp\/v2\/tags?post=261964"}],"curies":[{"name":"wp","href":"https:\/\/api.w.org\/{rel}","templated":true}]}}