{"id":261966,"date":"2025-11-29T11:38:16","date_gmt":"2025-11-29T11:38:16","guid":{"rendered":"https:\/\/www.europesays.com\/es\/261966\/"},"modified":"2025-11-29T11:38:16","modified_gmt":"2025-11-29T11:38:16","slug":"la-policia-rastrea-redes-y-barrios-para-evitar-choques-ultras-antes-del-gran-derbi","status":"publish","type":"post","link":"https:\/\/www.europesays.com\/es\/261966\/","title":{"rendered":"la Polic\u00eda rastrea redes y barrios para evitar choques ultras antes del Gran Derbi"},"content":{"rendered":"<p class=\"ft-text\">En la avenida de Luis Montoto volaron mesas y sillas. <a class=\"ft-link ft-link--decoration\" href=\"https:\/\/www.elcorreoweb.es\/sevilla\/2025\/11\/25\/video-aficionados-radicales-sevilla-fc-betis-luis-montoto-124088411.html\" target=\"_blank\" rel=\"nofollow noopener\">Aquella noche del lunes,<\/a> las autoridades recibieron varios avisos por una reyerta entre<strong> radicales de Sevilla y Betis<\/strong>. Por ello, la Brigada de Informaci\u00f3n del Cuerpo <strong>\u00abest\u00e1 monitorizando\u00bb todas las actividades de los ultras<\/strong> \u00abdesde varios d\u00edas antes del pr\u00f3ximo Gran Derbi\u00bb, tal como apuntan fuentes consultadas por <strong>El Correo de Andaluc\u00eda<\/strong>. Todo con el objetivo de evitar cualquier altercado, tal como se logr\u00f3 el pasado marzo en el \u00faltimo encuentro entre ambos equipos, cuando <strong>se intervinieron navajas, bates de b\u00e9isbol y drogas<\/strong>.<\/p>\n<p class=\"ft-text\">\u00abA d\u00eda de hoy se sabe que <strong>existen posibilidades de que se produzcan conflictos entre radicales<\/strong> del Sevilla F\u00fatbol Club y del Real Betis Balompi\u00e9. Justo por esta raz\u00f3n, hay grupos policiales centrados en el rastreo de estos colectivos\u00bb, detallan desde la Subdelegaci\u00f3n del Gobierno. De hecho, esta instituci\u00f3n subray\u00f3 que <a class=\"ft-link ft-link--decoration\" href=\"https:\/\/www.elcorreoweb.es\/sevilla\/2025\/11\/26\/policia-gran-ultras-derbi-sevilla-betis-124146069.html\" target=\"_blank\" rel=\"nofollow noopener\">la Polic\u00eda Nacional \u00abmantendr\u00e1 una vigilancia reforzada<\/a> previa al encuentro para\u00a0anticiparse a cualquier movimiento\u00bb de estos fan\u00e1ticos.<\/p>\n<p class=\"ft-text\">Pero no solo se va a desarrollar esta tarea el domingo, cuando se disputar\u00e1 el Gran Derbi en el Ram\u00f3n S\u00e1nchez Pizju\u00e1n. Las labores de seguimiento <strong>se llevan realizando \u00abdesde hace varios d\u00edas\u00bb<\/strong>, y se han enfocado en las llamadas <strong>\u00abzonas sensibles\u00bb<\/strong>, tal como confirman fuentes policiales a este peri\u00f3dico. Esto es: los<strong> bares habituales de quedada<\/strong> de estos hinchas y los enclaves en los que <strong>se suelen dar estos encontronazos<\/strong>, como la avenida de Luis Montoto con Benito M\u00e1s y Prats, donde se registr\u00f3 el \u00faltimo incidente.<\/p>\n<p class=\"ft-text\">Asimismo, estos trabajos de prevenci\u00f3n tambi\u00e9n se centran en los <strong>canales de mensajer\u00eda instant\u00e1nea<\/strong> -Whatsapp y Telegram- <strong>y redes sociales<\/strong>. Porque la actividad ultra tambi\u00e9n se mueve online, y algunas peleas entre colectivos radicales suelen acordarse con antelaci\u00f3n a trav\u00e9s de estas v\u00edas. De ah\u00ed la necesidad de esa<strong> \u00abvigilancia reforzada\u00bb<\/strong> por parte de las fuerzas y cuerpos de seguridad de cara a un partido declarado de alto riesgo.<\/p>\n<p><img decoding=\"async\" src=\"https:\/\/www.europesays.com\/es\/wp-content\/uploads\/2025\/11\/09ed6c76-d9ec-475a-8c37-26f004b2c790_alta-libre-aspect-ratio_default_0.jpg\" width=\"1200\" height=\"551\" alt=\"La Polic\u00eda Nacional escolta a los aficionados sevillistas desde el Ram\u00f3n S\u00e1nchez-Pizju\u00e1n hasta el Benito Villamar\u00edn\" class=\"ft-helper-img-rd\" loading=\"lazy\"\/><\/p>\n<p class=\"ft-helper-fontColor-quaternary ft-helper-fontSize-body-S ft-helper-spacer-t-xxs\">Los agentes escoltando a aficionados sevillistas en el \u00faltimo Gran Derbi,  \/ Polic\u00eda Nacional<\/p>\n<p>Bates de b\u00e9isbol, navajas y detenciones<\/p>\n<p class=\"ft-text\">Con este despliegue policial se persigue \u00abevitar choques entre ultras\u00bb, tal como se hizo en anteriores ediciones del Gran Derbi, seg\u00fan se\u00f1alan fuentes consultadas por este medio. De hecho, <strong>la \u00faltima vez que Sevilla y Betis se enfrentaron<\/strong> en el terreno de juego, <strong>la Polic\u00eda Nacional logr\u00f3 frustrar \u00abgrandes incidentes\u00bb<\/strong> <a class=\"ft-link ft-link--decoration\" href=\"https:\/\/www.elcorreoweb.es\/sevilla\/2025\/03\/31\/tres-detenidos-bates-beisbol-palos-ultras-derbi-115883773.html\" target=\"_blank\" rel=\"nofollow noopener\">durante las noches previas al partido<\/a>, celebrado en el estadio Benito Villamar\u00edn el pasado domingo 30 de marzo.<\/p>\n<p class=\"ft-text\">Seg\u00fan informaron entonces desde el Cuerpo, un total de\u00a0<strong>75 miembros del grupo ultra Supporters<\/strong>\u00a0\u2013afines al\u00a0Real Betis- fueron identificados la noche del viernes \u00abcuando se hab\u00edan congregado en la\u00a0<strong>calle Victoria Dom\u00ednguez Cerrato <\/strong>portando hasta cuatro <strong>bates de b\u00e9isbol<\/strong>\u00ab. Y en la\u00a0<strong>avenida Reina Mercedes<\/strong>, los efectivos desplegados incautaron una\u00a0<strong>navaja tipo mariposa de 23 cent\u00edmetros<\/strong>\u00a0y un destornillador a dos personas \u00abque pertenec\u00edan al grupo ultra b\u00e9tico\u00a0<strong>United Family\u00bb<\/strong>.<\/p>\n<p class=\"ft-text\">Solo un d\u00eda despu\u00e9s, las autoridades hicieron lo propio en la calle L\u00ednea 12 con\u00a0<strong>70 integrantes del colectivo ultra Biris Norte<\/strong>\u00a0\u2013del\u00a0Sevilla FC-, a los que\u00a0se les decomisaron \u00ab<strong>un cintur\u00f3n con una cuchilla<\/strong>, dos\u00a0<strong>destornilladores, un arma blanca <\/strong>y 19 pasamonta\u00f1as<strong>\u00ab<\/strong>. Poco m\u00e1s tarde, en la\u00a0<strong>calle Pe\u00f1arroya<\/strong>\u00a0se localiz\u00f3 otra concentraci\u00f3n de este mismo grupo sevillista. Fue ah\u00ed cuando se detuvo a un ultra por agredir con <strong>empujones y pu\u00f1etazos a un polic\u00edas<\/strong> y a otro por portar \u00ab<strong>13 papelinas de coca\u00edna\u00bb<\/strong>.<\/p>\n<p class=\"ft-text\">Adem\u00e1s, seg\u00fan se\u00f1al\u00f3 la Polic\u00eda Nacional en un comunicado, durante el mismo d\u00eda del partido tambi\u00e9n se registraron detenciones. En los momentos previos al encuentro, <strong>se arrest\u00f3 a un ultra b\u00e9tico por atentado a agente de la autoridad<\/strong>\u00a0cuando los efectivos imped\u00edan que los seguidores verdiblancos se acercaran a la hinchada nervionense, que iba camino del Villamar\u00edn.<\/p>\n<p class=\"ft-text\">Con todas estas intervenciones en el \u00faltimo Gran Derbi disputado en la ciudad, queda por ver <strong>cu\u00e1l es el resultado del operativo policial dise\u00f1ado para el de este domingo<\/strong>. Desde luego, las autoridades han elaborado un operativo \u00abcon el objetivo de que <strong>todo transcurra con la mayor normalidad y seguridad<\/strong>\u00ab, tal como apunt\u00f3 hace unos d\u00edas Francisco Toscano, subdelegado del Gobierno. \u00abDebe ser un d\u00eda para\u00a0<strong>disfrutar del partido con civismo<\/strong>, contribuyendo a que el derbi se viva como una jornada de convivencia y deporte\u00bb.<\/p>\n","protected":false},"excerpt":{"rendered":"En la avenida de Luis Montoto volaron mesas y sillas. Aquella noche del lunes, las autoridades recibieron varios&hellip;\n","protected":false},"author":2,"featured_media":261967,"comment_status":"","ping_status":"","sticky":false,"template":"","format":"standard","meta":{"footnotes":""},"categories":[93],"tags":[291,168,60062,25,24,65350,586,65351,10286,1171,12764,23,167,7662],"class_list":{"0":"post-261966","1":"post","2":"type-post","3":"status-publish","4":"format-standard","5":"has-post-thumbnail","7":"category-deportes","8":"tag-betis","9":"tag-deportes","10":"tag-el-gran-derbi","11":"tag-es","12":"tag-espana","13":"tag-gran-derbi","14":"tag-policia","15":"tag-policia-nacional-sevilla","16":"tag-real-betis","17":"tag-sevilla","18":"tag-sevilla-fc","19":"tag-spain","20":"tag-sports","21":"tag-ultras"},"share_on_mastodon":{"url":"https:\/\/pubeurope.com\/@es\/115632793975457293","error":""},"_links":{"self":[{"href":"https:\/\/www.europesays.com\/es\/wp-json\/wp\/v2\/posts\/261966","targetHints":{"allow":["GET"]}}],"collection":[{"href":"https:\/\/www.europesays.com\/es\/wp-json\/wp\/v2\/posts"}],"about":[{"href":"https:\/\/www.europesays.com\/es\/wp-json\/wp\/v2\/types\/post"}],"author":[{"embeddable":true,"href":"https:\/\/www.europesays.com\/es\/wp-json\/wp\/v2\/users\/2"}],"replies":[{"embeddable":true,"href":"https:\/\/www.europesays.com\/es\/wp-json\/wp\/v2\/comments?post=261966"}],"version-history":[{"count":0,"href":"https:\/\/www.europesays.com\/es\/wp-json\/wp\/v2\/posts\/261966\/revisions"}],"wp:featuredmedia":[{"embeddable":true,"href":"https:\/\/www.europesays.com\/es\/wp-json\/wp\/v2\/media\/261967"}],"wp:attachment":[{"href":"https:\/\/www.europesays.com\/es\/wp-json\/wp\/v2\/media?parent=261966"}],"wp:term":[{"taxonomy":"category","embeddable":true,"href":"https:\/\/www.europesays.com\/es\/wp-json\/wp\/v2\/categories?post=261966"},{"taxonomy":"post_tag","embeddable":true,"href":"https:\/\/www.europesays.com\/es\/wp-json\/wp\/v2\/tags?post=261966"}],"curies":[{"name":"wp","href":"https:\/\/api.w.org\/{rel}","templated":true}]}}