{"id":261968,"date":"2025-11-29T11:39:10","date_gmt":"2025-11-29T11:39:10","guid":{"rendered":"https:\/\/www.europesays.com\/es\/261968\/"},"modified":"2025-11-29T11:39:10","modified_gmt":"2025-11-29T11:39:10","slug":"vivo-con-una-persona-mayor-y-es-seguridad-para-los-dos","status":"publish","type":"post","link":"https:\/\/www.europesays.com\/es\/261968\/","title":{"rendered":"Vivo con una persona mayor y es seguridad para los dos"},"content":{"rendered":"<p class=\"paragraph\" id=\"paragraph_1\">Los pasillos del Hospital Nuestra Se\u00f1ora de Gracia de Zaragoza se han desbordado este s\u00e1bado en la primera <strong>jornada de vacunaci\u00f3n<\/strong> sin cita previa contra la <strong>gripe<\/strong> y el <strong>Covid<\/strong>. Mayores y familias enteras han acudido a protegerse de los virus, sobre todo, tras una semana en la que se ha declarado la gripe como epidemia y se ha activado el nivel de alerta 2 en la provincia de Zaragoza.<\/p>\n<p class=\"paragraph\" id=\"paragraph_2\">Mar\u00eda Pilar ha sido una de las que se ha sorprendido al ver la <strong>larga fila<\/strong> que recorr\u00eda los pasillos del hospital. En su caso, ha optado por vacunarse tanto por motivos laborales como familiares. \u201cPara m\u00ed es muy importante la vacunaci\u00f3n por el trabajo y porque <strong>convivo con una persona mayor<\/strong>. Es <strong>seguridad<\/strong> para los dos\u201d, ha contado.<\/p>\n<p class=\"paragraph\" id=\"paragraph_3\">Una larga espera ten\u00edan por delante Mar\u00eda Jos\u00e9 y Carlos, pero ello no ha impedido que aprovechen este s\u00e1bado para vacunarse de gripe y Covid. \u201cEste a\u00f1o parece que <strong>la gripe viene m\u00e1s potente<\/strong> y es necesario que todo el mundo est\u00e9 vacunado para <strong>evitar que se llenen<\/strong> los hospitales y las urgencias. Es importante que la gente est\u00e9 vacunada\u201d, resaltan.<\/p>\n<p><img loading=\"lazy\" decoding=\"async\" alt=\"El presidente del Gobierno de Arag\u00f3n, Jorge Azc\u00f3n, y la alcaldesa de Zaragoza, Natalia Chueca, en un bus con mascarilla durante la pandemia de Covid-19.\" height=\"180\" src=\"https:\/\/www.europesays.com\/es\/wp-content\/uploads\/2025\/11\/1003744029464_260142880_320x180.jpg\" width=\"320\" data-lazy-status=\"processed\" data-lazy-info=\"remove loading item 1\"\/><\/p>\n<p class=\"paragraph\" id=\"paragraph_4\">Valentina tambi\u00e9n ha optado por acudir a vacunarse acompa\u00f1ada de su marido y sus dos hijos, junto a otro que ya estaba inmunizado previamente. Ella, adem\u00e1s, trabaja con ni\u00f1os peque\u00f1os, por lo que conoce de primera mano la importancia de las vacunas. \u201cEn nuestro trabajo todo el mundo <strong>est\u00e1 vacunado<\/strong>. Vivimos en sociedad y hay que pensar tambi\u00e9n en los otros. Unos amigos acaban de pasar <strong>una gripe muy fuerte<\/strong> y lo han pasado mal en casa\u201d, advierte.<\/p>\n<p><img decoding=\"async\" alt=\"Largas filas para vacunarse contra la gripe y el Covid en Zaragoza\" data-imgm=\"true\" height=\"180\" loading=\"lazy\"  src=\"https:\/\/www.europesays.com\/es\/wp-content\/uploads\/2025\/11\/1003744035514_260224611_1024x576.jpg\"  width=\"320\"\/><\/p>\n<p>                                                            Largas filas para vacunarse contra la gripe y el Covid en Zaragoza<\/p>\n<p>                    Ra\u00fal Gasc\u00f3n<\/p>\n<p>                    E. E.<\/p>\n<p class=\"paragraph\" id=\"paragraph_5\">Estos son solo algunos ejemplos de la multitud de gente que ha acudido a vacunarse contra la gripe y Covid este s\u00e1bado en el Hospital Nuestra Se\u00f1ora de Gracia. La jornada, para la que no es necesaria tener cita previa, se alargar\u00e1 <strong>hasta las 19.00<\/strong> y se repetir\u00e1 <strong>este domingo<\/strong> desde las 9.00, tambi\u00e9n en Huesca, Sabi\u00f1\u00e1nigo y Alca\u00f1iz.<\/p>\n<p><img decoding=\"async\" alt=\"El centro de salud Actur Sur de Zaragoza, en una imagen de archivo.\" height=\"180\" loading=\"lazy\" width=\"320\" data-lazy-status=\"processed\" id=\"5bc4218844\" src=\"https:\/\/www.elespanol.com\/aragon\/actualidad\/20251129\/hora-espera-vacunarse-gripe-vivo-persona-mayor-seguridad\/[\" https:=\"\" data-lazy-info=\"changed src\"\/><\/p>\n<p class=\"paragraph\" id=\"paragraph_6\">\u201cSe han superado todas las previsiones, pero no las vacunas que ten\u00edamos preparadas. <strong>Tenemos unas 600<\/strong>, pero el servicio provincial va trayendo m\u00e1s conforme se vayan gastando las neveras. Hemos duplicado los puntos de vacunaci\u00f3n, de dos a cuatro\u201d, ha apuntado la directora de Enfermer\u00eda del Salud, Mayte Clares.<\/p>\n<p class=\"paragraph\" id=\"paragraph_7\">Este a\u00f1o, la cobertura de vacunaci\u00f3n de <strong>mayores de 80 a\u00f1os<\/strong> se mantiene en niveles similares a los de la campa\u00f1a pasada y en los ni\u00f1os <strong>menores de ocho a\u00f1os<\/strong> ya supera el 35%. Sin embargo, en el tramo de 60 a 80 todav\u00eda se espera dar un empuj\u00f3n durante esta jornada sin cita previa y en las pr\u00f3ximas semanas.<\/p>\n","protected":false},"excerpt":{"rendered":"Los pasillos del Hospital Nuestra Se\u00f1ora de Gracia de Zaragoza se han desbordado este s\u00e1bado en la primera&hellip;\n","protected":false},"author":2,"featured_media":261969,"comment_status":"","ping_status":"","sticky":false,"template":"","format":"standard","meta":{"footnotes":""},"categories":[92],"tags":[517,4499,25,24,7749,165,166,1811,23,1454,491],"class_list":{"0":"post-261968","1":"post","2":"type-post","3":"status-publish","4":"format-standard","5":"has-post-thumbnail","7":"category-salud","8":"tag-actualidad","9":"tag-aragon","10":"tag-es","11":"tag-espana","12":"tag-gripe","13":"tag-health","14":"tag-salud","15":"tag-sanidad","16":"tag-spain","17":"tag-vacunas","18":"tag-zaragoza"},"share_on_mastodon":{"url":"https:\/\/pubeurope.com\/@es\/115632797757662645","error":""},"_links":{"self":[{"href":"https:\/\/www.europesays.com\/es\/wp-json\/wp\/v2\/posts\/261968","targetHints":{"allow":["GET"]}}],"collection":[{"href":"https:\/\/www.europesays.com\/es\/wp-json\/wp\/v2\/posts"}],"about":[{"href":"https:\/\/www.europesays.com\/es\/wp-json\/wp\/v2\/types\/post"}],"author":[{"embeddable":true,"href":"https:\/\/www.europesays.com\/es\/wp-json\/wp\/v2\/users\/2"}],"replies":[{"embeddable":true,"href":"https:\/\/www.europesays.com\/es\/wp-json\/wp\/v2\/comments?post=261968"}],"version-history":[{"count":0,"href":"https:\/\/www.europesays.com\/es\/wp-json\/wp\/v2\/posts\/261968\/revisions"}],"wp:featuredmedia":[{"embeddable":true,"href":"https:\/\/www.europesays.com\/es\/wp-json\/wp\/v2\/media\/261969"}],"wp:attachment":[{"href":"https:\/\/www.europesays.com\/es\/wp-json\/wp\/v2\/media?parent=261968"}],"wp:term":[{"taxonomy":"category","embeddable":true,"href":"https:\/\/www.europesays.com\/es\/wp-json\/wp\/v2\/categories?post=261968"},{"taxonomy":"post_tag","embeddable":true,"href":"https:\/\/www.europesays.com\/es\/wp-json\/wp\/v2\/tags?post=261968"}],"curies":[{"name":"wp","href":"https:\/\/api.w.org\/{rel}","templated":true}]}}