{"id":261970,"date":"2025-11-29T11:40:22","date_gmt":"2025-11-29T11:40:22","guid":{"rendered":"https:\/\/www.europesays.com\/es\/261970\/"},"modified":"2025-11-29T11:40:22","modified_gmt":"2025-11-29T11:40:22","slug":"valle-salvaje-avance-del-capitulo-307-este-lunes-1-de-diciembre","status":"publish","type":"post","link":"https:\/\/www.europesays.com\/es\/261970\/","title":{"rendered":"Valle Salvaje, avance del cap\u00edtulo 307 este lunes 1 de diciembre"},"content":{"rendered":"<p>El duque de <strong>Valle Salvaje<\/strong> es irredento. Jos\u00e9 Luis (Jos\u00e9 Manuel Seda) tiende su mano a Alejo (Mateo Jal\u00f3n) para intentar sacar de la c\u00e1rcel a Luisa (Miren Mairena). A cambio, Luisa deber\u00e1 abandonar de por vida las tierras de <strong>Valle Salvaje<\/strong> y no volver nunca m\u00e1s. Luisa es una ladrona y debe pagar por el robo de la talla grande. Jos\u00e9 Luis pone una condici\u00f3n a su hijo: Alejo se quedar\u00e1 en <strong>Valle Salvaje<\/strong>. \u00bfAceptar\u00e1 el benjam\u00edn de los G\u00e1lvez de Aguirre renunciar al amor de su vida para \u2013precisamente\u2013 salvarla? \u00a1<strong>Valle Salvaje<\/strong> es la <a href=\"https:\/\/www.elindependiente.com\/series-y-television\/2025\/11\/15\/ruth-garcia-guionista-del-fenomeno-televisivo-valle-salvaje-la-muerte-de-julio-no-es-nada-en-comparacion-con-lo-que-viene\/\" rel=\"nofollow noopener\" target=\"_blank\">telenovela<\/a> de las decisiones dif\u00edciles!<\/p>\n<p>Luisa no es el \u00fanico quebradero de cabeza para Jos\u00e9 Luis: Victoria (Sabela Ar\u00e1n) insiste en hacer frente a Mercedes (Miren Arrieta) y D\u00e1maso (<a href=\"https:\/\/www.elindependiente.com\/tendencias\/teatro\/2024\/10\/30\/luces-de-bohemia-no-te-pongas-estupendo\/\" rel=\"nofollow noopener\" target=\"_blank\">Alejandro Sig\u00fcenza<\/a>). El duque de <strong>Valle Salvaje<\/strong> fue cristalino con su esposa: D\u00e1maso no es de su incumbencia. All\u00e1 ella con \u00e9l.<\/p>\n<p>Avance del cap\u00edtulo 307 de Valle Salvaje este 1 de diciembre<\/p>\n<p>B\u00e1rbara (Emma Guilera) e Irene (Marina Sabadell) discrepan sobre su acercamiento a Leonardo (<a href=\"https:\/\/www.elindependiente.com\/series-y-television\/2025\/08\/19\/la-relacion-tras-las-camaras-de-dos-actores-de-valle-salvaje\/\" rel=\"nofollow noopener\" target=\"_blank\">Julen Katzy<\/a>). B\u00e1rbara no se ha tomado con deportividad el beso de Irene a su prometido. La menor de las Salcedo recomend\u00f3 a su amiga hablar con el joven, no besarle. \u00bfPor qu\u00e9 bes\u00f3 Irene a Leonardo? \u00bfSe ha enamorado del hombre con el que debe casarse por imperativo de su padre? Irene quiere casarse con Leonardo. \u00c9l se niega a aceptar un matrimonio concertado, y pondr\u00e1 de su parte para cancelar el enlace.<\/p>\n<p>            <a class=\"articulo-relacionado__media\" href=\"https:\/\/www.elindependiente.com\/series-y-television\/estrenos\/2025\/11\/28\/las-hijas-de-la-criada-estreno-primer-capitulo-atresplayer-domingo-28-noviembr\/\" title=\"Contra todo pron\u00f3stico, &#039;Las hijas de la criada&#039; tiene un buen primer cap\u00edtulo, pero, \u00bfest\u00e1 a la altura la adaptaci\u00f3n televisiva de la novela de Sonsoles \u00d3nega?\" rel=\"nofollow noopener\" target=\"_blank\"><\/p>\n<p>                <img loading=\"lazy\" decoding=\"async\" src=\"data:image\/svg+xml,%3Csvg%20xmlns=\" http:=\"\" width=\"390\" height=\"220\" alt=\"Contra todo pron\u00f3stico, 'Las hijas de la criada' tiene un buen primer cap\u00edtulo, pero, \u00bfest\u00e1 a la altura la adaptaci\u00f3n televisiva de la novela de Sonsoles \u00d3nega?\" data-lazy-src=\"https:\/\/www.europesays.com\/es\/wp-content\/uploads\/2025\/11\/hijas-criada-antena3-390x220.jpg\"\/><\/p>\n<p>\t\t\t            <\/a><\/p>\n<p>Victoria est\u00e1 obsesionada con la alianza entre D\u00e1maso y Mercedes. La duquesa de <strong>Valle Salvaje<\/strong> no gana para disgustos. Ser\u00e1 Alejo quien le cante las cuarenta a su madrastra: Victoria no traga a Luisa, \u00bfpor qu\u00e9 finge preocupaci\u00f3n hacia ella? Quien se morder\u00e1 la lengua es Atanasio (<a href=\"https:\/\/www.instagram.com\/alejandrobordanove\/\" rel=\"nofollow noopener\" target=\"_blank\">Alejandro Bordanove<\/a>), a pesar del enfado de Matilde (Mar\u00eda Redondo). La viuda de Gaspar, sin embargo, irrumpe en la Casa Grande para plantar cara de una vez por todas a su suegra.<\/p>\n<p>Adriana (<a href=\"https:\/\/www.elindependiente.com\/series-y-television\/2025\/03\/27\/rocio-suarez-puga-adriana-valle-salvaje\/\" rel=\"nofollow noopener\" target=\"_blank\">Roc\u00edo Su\u00e1rez de Puga<\/a>) est\u00e1 compungida tras su \u00faltima visita a Luisa en prisi\u00f3n. Ni siquiera el reencuentro con su hijo Evaristo le subi\u00f3 el \u00e1nimo. Adriana y Rafael (Marco Pernas) deben esconder la verdad a Alejo y Pepa (Elena Navarro). \u00bfCumplir\u00e1 Rafael este pacto de silencio? Sin embargo, el benjam\u00edn de los G\u00e1lvez de Aguirre se persona en prisi\u00f3n para comprobar el estado de salud cr\u00edtico de Luisa. La joven se desploma y no reacciona.<\/p>\n<p>            <a class=\"articulo-relacionado__media\" href=\"https:\/\/www.elindependiente.com\/series-y-television\/2025\/11\/28\/la-promesa-avance-del-capitulo-727-este-lunes-1-de-diciembre-maria-fernandez-se-reencuentra-con-el-padre-de-su-bebe-carlo\/\" title=\"La Promesa, avance del cap\u00edtulo 727 este lunes 1 de diciembre: Mar\u00eda Fern\u00e1ndez se reencuentra con el padre de su beb\u00e9, Carlo\" rel=\"nofollow noopener\" target=\"_blank\"><\/p>\n<p>                <img loading=\"lazy\" decoding=\"async\" src=\"data:image\/svg+xml,%3Csvg%20xmlns=\" http:=\"\" width=\"390\" height=\"220\" alt=\"La Promesa, avance del cap\u00edtulo 727 este lunes 1 de diciembre: Mar\u00eda Fern\u00e1ndez se reencuentra con el padre de su beb\u00e9, Carlo\" data-lazy-src=\"https:\/\/www.europesays.com\/es\/wp-content\/uploads\/2025\/11\/carlo-maria-fernandez-la-promesa-390x220.jpg\"\/><\/p>\n<p>\t\t\t            <\/a><\/p>\n<p>PUBLICIDAD<\/p>\n<p><script async src=\"\/\/www.instagram.com\/embed.js\"><\/script><\/p>\n","protected":false},"excerpt":{"rendered":"El duque de Valle Salvaje es irredento. Jos\u00e9 Luis (Jos\u00e9 Manuel Seda) tiende su mano a Alejo (Mateo&hellip;\n","protected":false},"author":2,"featured_media":261971,"comment_status":"","ping_status":"","sticky":false,"template":"","format":"standard","meta":{"footnotes":""},"categories":[91],"tags":[146,147,25,24,23,27808],"class_list":{"0":"post-261970","1":"post","2":"type-post","3":"status-publish","4":"format-standard","5":"has-post-thumbnail","7":"category-entretenimiento","8":"tag-entertainment","9":"tag-entretenimiento","10":"tag-es","11":"tag-espana","12":"tag-spain","13":"tag-valle-salvaje"},"share_on_mastodon":{"url":"https:\/\/pubeurope.com\/@es\/115632801522235124","error":""},"_links":{"self":[{"href":"https:\/\/www.europesays.com\/es\/wp-json\/wp\/v2\/posts\/261970","targetHints":{"allow":["GET"]}}],"collection":[{"href":"https:\/\/www.europesays.com\/es\/wp-json\/wp\/v2\/posts"}],"about":[{"href":"https:\/\/www.europesays.com\/es\/wp-json\/wp\/v2\/types\/post"}],"author":[{"embeddable":true,"href":"https:\/\/www.europesays.com\/es\/wp-json\/wp\/v2\/users\/2"}],"replies":[{"embeddable":true,"href":"https:\/\/www.europesays.com\/es\/wp-json\/wp\/v2\/comments?post=261970"}],"version-history":[{"count":0,"href":"https:\/\/www.europesays.com\/es\/wp-json\/wp\/v2\/posts\/261970\/revisions"}],"wp:featuredmedia":[{"embeddable":true,"href":"https:\/\/www.europesays.com\/es\/wp-json\/wp\/v2\/media\/261971"}],"wp:attachment":[{"href":"https:\/\/www.europesays.com\/es\/wp-json\/wp\/v2\/media?parent=261970"}],"wp:term":[{"taxonomy":"category","embeddable":true,"href":"https:\/\/www.europesays.com\/es\/wp-json\/wp\/v2\/categories?post=261970"},{"taxonomy":"post_tag","embeddable":true,"href":"https:\/\/www.europesays.com\/es\/wp-json\/wp\/v2\/tags?post=261970"}],"curies":[{"name":"wp","href":"https:\/\/api.w.org\/{rel}","templated":true}]}}