{"id":261976,"date":"2025-11-29T11:43:10","date_gmt":"2025-11-29T11:43:10","guid":{"rendered":"https:\/\/www.europesays.com\/es\/261976\/"},"modified":"2025-11-29T11:43:10","modified_gmt":"2025-11-29T11:43:10","slug":"hong-kong-inicia-tres-dias-de-duelo-tras-incendio-que-dejo-al-menos-128-muertos","status":"publish","type":"post","link":"https:\/\/www.europesays.com\/es\/261976\/","title":{"rendered":"Hong Kong inicia tres d\u00edas de duelo tras incendio que dej\u00f3 al menos 128 muertos"},"content":{"rendered":"<p>    <img src=\"https:\/\/www.europesays.com\/es\/wp-content\/uploads\/2025\/11\/1764416590_337_2025-11-28T143A383A39Z-90506585.jpg\" width=\"1024\" height=\"682\" alt=\"\" loading=\"eager\" decoding=\"sync\" fetchpriority=\"high\"\/><\/p>\n<p>            afp_tickers        <\/p>\n<p>        Este contenido fue publicado en    <\/p>\n<p>        29 noviembre 2025 &#8211; 09:28\n<\/p>\n<p>Multitudes de personas rindieron homenaje a las 128 v\u00edctimas del gigantesco incendio que arras\u00f3 un complejo de rascacielos residenciales en Hong Kong y depositaron el s\u00e1bado flores en su memoria, dando inicio a tres d\u00edas de duelo por la tragedia.<\/p>\n<p>El jefe ejecutivo de esa ciudad semiaut\u00f3noma, John Lee, y altos funcionarios guardaron un momento de silencio a las 08H00 (00H00 GMT) frente a la sede del gobierno. Banderas de China y Hong Kong ondeaban a media asta por el siniestro, que tambi\u00e9n dej\u00f3 decenas de desaparecidos.<\/p>\n<p>Periodistas de la AFP vieron a personas llorando a las v\u00edctimas y depositando flores cerca de Wang Fuk Court, el conjunto siniestrado de ocho torres y 2.000 viviendas en el distrito norte de Tai Po.<\/p>\n<p>\u00abQue sus almas en el cielo mantengan siempre viva la alegr\u00eda\u00bb, dec\u00eda una nota colocada en el lugar del peor incendio en d\u00e9cadas.<\/p>\n<p>El gobierno habilit\u00f3 puntos en todo Hong Kong para que el p\u00fablico firmase libros de condolencias.<\/p>\n<p>\u00abNo puedo hacer nada. Solo puedo esperar que descansen en paz\u00bb, declar\u00f3 a la AFP un hombre identificado como Ki, de 52 a\u00f1os, antes de firmar uno de los libros.<\/p>\n<p>Raymond Tang, que tambi\u00e9n estaba en la fila, dijo que su deseo era que los fallecidos pudieran \u00abcruzar el mar del sufrimiento y partir hacia el otro lado\u00bb.<\/p>\n<p>Los familiares, mientras tanto, recorren hospitales y centros de identificaci\u00f3n de v\u00edctimas con la esperanza de encontrar a sus seres queridos, ya que 89 cad\u00e1veres no han podido ser identificados, y un centenar de personas siguen desaparecidas.<\/p>\n<p>El viernes, el organismo anticorrupci\u00f3n de la ciudad detuvo a ocho personas en relaci\u00f3n con el incendio, el peor en un edificio residencial en el mundo desde 1980.<\/p>\n<p>Las llamas se propagaron r\u00e1pidamente por la urbanizaci\u00f3n el mi\u00e9rcoles por la tarde, y afectaron a siete de los ocho rascacielos del conjunto habitacional.<\/p>\n<p>Las investigaciones preliminares sugieren que el fuego comenz\u00f3 en los niveles inferiores, a trav\u00e9s de las mallas pl\u00e1sticas protectoras con las que se suele cubrir los edificios en renovaci\u00f3n en Hong Kong.\u00a0<\/p>\n<p>Los andamios de bamb\u00fa y varios p\u00e1neles de espuma \u00abaltamente inflamables\u00bb habr\u00edan contribuido a su propagaci\u00f3n.<\/p>\n<p>El jefe del departamento de bomberos, Andy Yeung, revel\u00f3 adem\u00e1s que los sistemas de alarma de los ocho bloques de apartamentos \u00abfuncionaban mal\u00bb, y prometi\u00f3 que se tomar\u00e1n medidas contra los contratistas.<\/p>\n<p>La televisi\u00f3n p\u00fablica CCTV anunci\u00f3 a su vez que el pa\u00eds hab\u00eda lanzado una campa\u00f1a de \u00abinspecci\u00f3n y rectificaci\u00f3n\u00bb contra los riesgos de incendio en los rascacielos.<\/p>\n<p>\u2013 \u00abM\u00e1s restos\u00bb \u2013<\/p>\n<p>Residentes del complejo dijeron a la AFP que no oyeron ninguna sirena y que tuvieron que ir puerta por puerta para alertar a los vecinos del peligro.<\/p>\n<p>Un hombre identificado como Fung dijo que visitaba la urbanizaci\u00f3n a diario para cuidar de su suegra de 80 a\u00f1os.<\/p>\n<p>\u00abEst\u00e1 tomando antibi\u00f3ticos, por lo que siempre est\u00e1 durmiendo. No hubo alarma de incendio, por lo que es posible que no se enterara de que hab\u00eda uno\u00bb, cont\u00f3.<\/p>\n<p>El organismo anticorrupci\u00f3n hongkon\u00e9s dijo que entre las ocho personas detenidas se encontraban \u00abconsultores, subcontratistas de andamios y un intermediario del proyecto\u00bb.<\/p>\n<p>El jueves, otros tres hombres fueron arrestados por sospechas de haber dejado negligentemente embalajes de espuma en el lugar del incendio.<\/p>\n<p>El viernes, decenas de personas segu\u00edan hospitalizadas, 11 de ellas en estado cr\u00edtico y 21 en estado grave.<\/p>\n<p>\u00abNo descartamos la posibilidad de que la polic\u00eda encuentre m\u00e1s restos carbonizados al entrar (al complejo) para realizar una investigaci\u00f3n detallada y recoger pruebas\u00bb, dijo el jefe de seguridad de la ciudad, Chris Tang.<\/p>\n<p>En un hospital del barrio Sha Tin, una mujer de 38 a\u00f1os identificada como Wong buscaba desde el jueves a su cu\u00f1ada y a la gemela de esta, sin suerte.<\/p>\n<p>\u00abTodav\u00eda no las encontramos. As\u00ed que vamos a diferentes hospitales para preguntar si tienen buenas noticias\u00bb, cont\u00f3 entre l\u00e1grimas a la AFP.<\/p>\n<p>\u2013 Esfuerzo comunitario \u2013<\/p>\n<p>Este ha sido el incendio m\u00e1s mort\u00edfero de Hong Kong desde 1948, cuando una explosi\u00f3n seguida de una conflagraci\u00f3n caus\u00f3 la muerte de al menos 135 personas.<\/p>\n<p>Los fuegos mortales sol\u00edan ser una lacra habitual en la densamente poblada Hong Kong, especialmente en los barrios m\u00e1s pobres, pero la mejora de las medidas de seguridad los hizo mucho menos frecuentes.<\/p>\n<p>Unas 800 personas damnificadas recibieron alojamiento temporal, inform\u00f3 el gobierno, que ya hab\u00eda anunciado un fondo de 300 millones de d\u00f3lares hongkoneses (38,5 millones USD) de ayudas.<\/p>\n<p>Multitudes conmovidas por la tragedia se han movilizado en apoyo a los afectados.<\/p>\n<p>Se instalaron puestos de suministro de ropa, alimentos y art\u00edculos para el hogar en una plaza cercana a las torres calcinadas, as\u00ed como cabinas que proporcionan atenci\u00f3n m\u00e9dica y psicol\u00f3gica.<\/p>\n<p>hol\/lb\/arm\/atm\/sag\/avl<\/p>\n","protected":false},"excerpt":{"rendered":"afp_tickers Este contenido fue publicado en 29 noviembre 2025 &#8211; 09:28 Multitudes de personas rindieron homenaje a las&hellip;\n","protected":false},"author":2,"featured_media":261977,"comment_status":"","ping_status":"","sticky":false,"template":"","format":"standard","meta":{"footnotes":""},"categories":[42],"tags":[17,18,82,65129,637,638,13,14,5595,11,65130,61,62,63,64,19,20,9,10,15,16,32264,90,12,21,22,65,66,67],"class_list":{"0":"post-261976","1":"post","2":"type-post","3":"status-publish","4":"format-standard","5":"has-post-thumbnail","7":"category-internacional","8":"tag-breaking-news","9":"tag-breakingnews","10":"tag-business","11":"tag-construction-and-property","12":"tag-disaster","13":"tag-disaster-general","14":"tag-featured-news","15":"tag-featurednews","16":"tag-fire","17":"tag-headlines","18":"tag-house-building","19":"tag-internacional","20":"tag-international","21":"tag-international-news","22":"tag-internationalnews","23":"tag-latest-news","24":"tag-latestnews","25":"tag-news","26":"tag-noticias","27":"tag-noticias-destacadas","28":"tag-noticiasdestacadas","29":"tag-relief-and-aid-organisation","30":"tag-ticker","31":"tag-titulares","32":"tag-ultimas-noticias","33":"tag-ultimasnoticias","34":"tag-world","35":"tag-world-news","36":"tag-worldnews"},"share_on_mastodon":{"url":"","error":"Validation failed: Text character limit of 500 exceeded"},"_links":{"self":[{"href":"https:\/\/www.europesays.com\/es\/wp-json\/wp\/v2\/posts\/261976","targetHints":{"allow":["GET"]}}],"collection":[{"href":"https:\/\/www.europesays.com\/es\/wp-json\/wp\/v2\/posts"}],"about":[{"href":"https:\/\/www.europesays.com\/es\/wp-json\/wp\/v2\/types\/post"}],"author":[{"embeddable":true,"href":"https:\/\/www.europesays.com\/es\/wp-json\/wp\/v2\/users\/2"}],"replies":[{"embeddable":true,"href":"https:\/\/www.europesays.com\/es\/wp-json\/wp\/v2\/comments?post=261976"}],"version-history":[{"count":0,"href":"https:\/\/www.europesays.com\/es\/wp-json\/wp\/v2\/posts\/261976\/revisions"}],"wp:featuredmedia":[{"embeddable":true,"href":"https:\/\/www.europesays.com\/es\/wp-json\/wp\/v2\/media\/261977"}],"wp:attachment":[{"href":"https:\/\/www.europesays.com\/es\/wp-json\/wp\/v2\/media?parent=261976"}],"wp:term":[{"taxonomy":"category","embeddable":true,"href":"https:\/\/www.europesays.com\/es\/wp-json\/wp\/v2\/categories?post=261976"},{"taxonomy":"post_tag","embeddable":true,"href":"https:\/\/www.europesays.com\/es\/wp-json\/wp\/v2\/tags?post=261976"}],"curies":[{"name":"wp","href":"https:\/\/api.w.org\/{rel}","templated":true}]}}