{"id":261980,"date":"2025-11-29T11:45:14","date_gmt":"2025-11-29T11:45:14","guid":{"rendered":"https:\/\/www.europesays.com\/es\/261980\/"},"modified":"2025-11-29T11:45:14","modified_gmt":"2025-11-29T11:45:14","slug":"la-comunidad-de-madrid-invierte-16-millones-en-el-centro-de-innovacion-y-gestion-del-transporte-publico","status":"publish","type":"post","link":"https:\/\/www.europesays.com\/es\/261980\/","title":{"rendered":"La Comunidad de Madrid invierte 1,6 millones en el Centro de Innovaci\u00f3n y Gesti\u00f3n del Transporte P\u00fablico"},"content":{"rendered":"<p>El CITRAM, considerado el cerebro del transporte p\u00fablico madrile\u00f1o, supervisa el funcionamiento de la red de Metro, Metro Ligero, EMT, autobuses interurbanos y Cercan\u00edas, a trav\u00e9s de m\u00e1s de 20.000 c\u00e1maras instaladas en estas infraestructuras. Esta inversi\u00f3n permitir\u00e1 mantener su actividad en condiciones \u00f3ptimas durante los pr\u00f3ximos once meses, con posibilidad de extender el servicio hasta un m\u00e1ximo de 33 meses.<\/p>\n<p>Por otra parte, el Gobierno regional ha aprobado destinar 570.000 euros al mantenimiento del Intercambiador de Valdebebas, operativo desde hace un a\u00f1o en el distrito de Hortaleza y situado junto a la futura Ciudad de la Justicia. El objetivo es garantizar el rendimiento de sus instalaciones y equipos, as\u00ed como la conservaci\u00f3n del inmueble y de sus espacios asociados.<\/p>\n<p>El Ejecutivo auton\u00f3mico trabaja en la puesta en marcha de un nuevo Centro de Informaci\u00f3n del Transporte, que sustituir\u00e1 al actual CITRAM, con una inversi\u00f3n de 50 millones de euros, que se ubicar\u00e1 en la sede del CRTM de la capital, coordinar\u00e1 a m\u00e1s de 40 operadores y proporcionar\u00e1 una mayor respuesta ante incidencias ofreciendo notificaciones en tiempo real al usuario.<\/p>\n<p>El Consorcio sigue desarrollando proyectos innovadores como la digitalizaci\u00f3n del abono transporte o el despliegue del sistema de billetaje sin contacto (ABT). Esta tecnolog\u00eda permitir\u00e1 validar los viajes mediante tarjetas bancarias contactless, tel\u00e9fonos m\u00f3viles o c\u00f3digos QR, aplicando al final del d\u00eda la tarifa m\u00e1s econ\u00f3mica seg\u00fan los desplazamientos realizados.<\/p>\n","protected":false},"excerpt":{"rendered":"El CITRAM, considerado el cerebro del transporte p\u00fablico madrile\u00f1o, supervisa el funcionamiento de la red de Metro, Metro&hellip;\n","protected":false},"author":2,"featured_media":261981,"comment_status":"","ping_status":"","sticky":false,"template":"","format":"standard","meta":{"footnotes":""},"categories":[5],"tags":[17,18,25,24,13,14,11,19,20,9,10,15,16,23,12,21,22],"class_list":{"0":"post-261980","1":"post","2":"type-post","3":"status-publish","4":"format-standard","5":"has-post-thumbnail","7":"category-titulares","8":"tag-breaking-news","9":"tag-breakingnews","10":"tag-es","11":"tag-espana","12":"tag-featured-news","13":"tag-featurednews","14":"tag-headlines","15":"tag-latest-news","16":"tag-latestnews","17":"tag-news","18":"tag-noticias","19":"tag-noticias-destacadas","20":"tag-noticiasdestacadas","21":"tag-spain","22":"tag-titulares","23":"tag-ultimas-noticias","24":"tag-ultimasnoticias"},"share_on_mastodon":{"url":"https:\/\/pubeurope.com\/@es\/115632820896503482","error":""},"_links":{"self":[{"href":"https:\/\/www.europesays.com\/es\/wp-json\/wp\/v2\/posts\/261980","targetHints":{"allow":["GET"]}}],"collection":[{"href":"https:\/\/www.europesays.com\/es\/wp-json\/wp\/v2\/posts"}],"about":[{"href":"https:\/\/www.europesays.com\/es\/wp-json\/wp\/v2\/types\/post"}],"author":[{"embeddable":true,"href":"https:\/\/www.europesays.com\/es\/wp-json\/wp\/v2\/users\/2"}],"replies":[{"embeddable":true,"href":"https:\/\/www.europesays.com\/es\/wp-json\/wp\/v2\/comments?post=261980"}],"version-history":[{"count":0,"href":"https:\/\/www.europesays.com\/es\/wp-json\/wp\/v2\/posts\/261980\/revisions"}],"wp:featuredmedia":[{"embeddable":true,"href":"https:\/\/www.europesays.com\/es\/wp-json\/wp\/v2\/media\/261981"}],"wp:attachment":[{"href":"https:\/\/www.europesays.com\/es\/wp-json\/wp\/v2\/media?parent=261980"}],"wp:term":[{"taxonomy":"category","embeddable":true,"href":"https:\/\/www.europesays.com\/es\/wp-json\/wp\/v2\/categories?post=261980"},{"taxonomy":"post_tag","embeddable":true,"href":"https:\/\/www.europesays.com\/es\/wp-json\/wp\/v2\/tags?post=261980"}],"curies":[{"name":"wp","href":"https:\/\/api.w.org\/{rel}","templated":true}]}}