{"id":261987,"date":"2025-11-29T11:54:13","date_gmt":"2025-11-29T11:54:13","guid":{"rendered":"https:\/\/www.europesays.com\/es\/261987\/"},"modified":"2025-11-29T11:54:13","modified_gmt":"2025-11-29T11:54:13","slug":"asi-vivia-jose-antonio-reyes-los-derbis-sevilla-fc","status":"publish","type":"post","link":"https:\/\/www.europesays.com\/es\/261987\/","title":{"rendered":"As\u00ed viv\u00eda Jos\u00e9 Antonio Reyes los derbis Sevilla FC"},"content":{"rendered":"\n<p>M\u00e1s noticias<\/p>\n<p><a class=\"info_masnoticias\" href=\"https:\/\/www.eldesmarque.com\/futbol\/sevilla-fc\/\" rel=\"nofollow noopener\" target=\"_blank\"><br \/>\nM\u00e1s de<br \/>\nM\u00e1s noticias de<br \/>\nSevilla FC<br \/>\n<\/a><\/p>\n<p>Hablar del derbi sevillano desde la \u00f3ptica nervionense es <strong>recordar siempre a Jos\u00e9 Antonio Reyes<\/strong>. El utrerano se convirti\u00f3 en leyenda del Sevilla FC por muchos aspectos, pero quiz\u00e1s el m\u00e1s llamativo era c\u00f3mo afrontaba los partidos de m\u00e1xima rivalidad ante el Real Betis Balompi\u00e9. Especialmente en su segunda etapa, fue protagonista de <a href=\"https:\/\/www.eldesmarque.com\/futbol\/sevilla-fc\/20200608\/todos-los-goles-de-jose-antonio-reyes-al-betis_161209311.html\" rel=\"nofollow noopener\" target=\"_blank\">las mayores goleadas<\/a> que se recuerdan en la parroquia sevillista y ahora, en v\u00edsperas <a href=\"https:\/\/www.eldesmarque.com\/futbol\/liga-1a-division\/20251029\/fecha-horario-derbi-sevilla-betis-jornada-14-laliga-25-26_300795684.html\" rel=\"nofollow noopener\" target=\"_blank\">de un nuevo derbi<\/a>, vuelve a aparecer en el recuerdo.<\/p>\n<p><strong>ElDesmarque<\/strong> ha estado de la mano de Tito Gonz\u00e1lez en un lugar tremendamente especial. La <strong>Pe\u00f1a Sevillista Jos\u00e9 Antonio Reyes Calder\u00f3n<\/strong> de su localidad natal, <a href=\"https:\/\/www.eldesmarque.com\/futbol\/sevilla-fc\/20250626\/padre-jose-antonio-reyes-orgullo-agradecimiento-sevilla-betis_300700043.html\" rel=\"nofollow noopener\" target=\"_blank\">una Utrera<\/a> que no olvida a uno de sus vecinos m\u00e1s ilustres de las \u00faltimas d\u00e9cadas, y un local en el que se ha inaugurado un museo sobre su memoria con todos los recuerdos que guardaba su familia.<\/p>\n<p>All\u00ed, su padre, Curro Reyes, ha explicado c\u00f3mo viv\u00eda los derbis. \u201c<strong>Los derbis a m\u00ed me han tra\u00eddo los mejores recuerdos, porque hemos tenido tambi\u00e9n mucha suerte<\/strong>. Es verdad que entonces todo sal\u00eda bien, a pedir de boca y cuando nos ganaban 4-0, ganaban 3, cuando no eran cinco y siempre, porque era en su campo 0-3, 0-4, que era cualquier partido que jug\u00e1bamos, ten\u00edamos esa ventaja. Sal\u00edan al campo y los jugadores estaban cohibidos\u201d, explica.<\/p>\n<p>\u201cSe motivaba, \u00e9l se motivaba solamente cuando dec\u00edan Betis. Empezaba a tocar las palmas y a bailar y dec\u00eda como siempre, <strong>ma\u00f1ana machacamos a esta gente tambi\u00e9n<\/strong>. \u00c9l lo ten\u00eda ya metido en la cabeza, que es que lo machacaban y lo machacaban y era verdad. Yo al Betis nunca lo hab\u00eda visto as\u00ed, siempre asustado cuando sal\u00eda, no era capaz de echarse al ataque, pero adem\u00e1s tuvo mucha suerte y todo sali\u00f3 bien\u201d, a\u00f1ade Curro Reyes. \u201cEse d\u00eda, \u00e9l no nos echaba cuenta. \u00bfNo vamos a ganar quiz\u00e1s? Siempre dec\u00eda, los vamos a machacar otra vez\u201d, completa.<\/p>\n<p>Tambi\u00e9n recuerda los derbis Enrique de la Vega, miembro de la junta directiva de la pe\u00f1a utrerana. \u201c<strong>No necesitaba ning\u00fan tipo de motivaci\u00f3n en esos partidos, le sal\u00eda del alma<\/strong> y lo disfrutaba y nos lo hac\u00eda disfrutar los sevillistas. En la \u00faltima eliminatoria de la Europa League, el gol que meti\u00f3 con esa calidad, ese toquecito, es que la verdad es que me emociono, la verdad es que me emociono\u201d, rememora.<\/p>\n<p><img decoding=\"async\" src=\"https:\/\/www.europesays.com\/es\/wp-content\/uploads\/2025\/11\/frame_padre_reyes_derbijpg.jpg\" width=\"660\" height=\"370.79\" alt=\"Curro Reyes, en la pe\u00f1a que lleva el nombre de su hijo.\"\/><br \/>\nCurro Reyes, en la pe\u00f1a que lleva el nombre de su hijo.<\/p>\n<p>El museo de Reyes<\/p>\n<p>Reyes tiene un museo de altura en la pe\u00f1a sevillista que lleva su nombre. Inaugurado no hace demasiados meses, no le falta un detalle. \u201cMotivado por el inter\u00e9s que pone Curro, el padre de Jos\u00e9 Antonio, que quer\u00eda que de alguna forma estas cosas no se quedaran en su casa, sino que las viese todo el mundo, que todo el mundo las pudiera disfrutar, no solamente \u00e9l. Y un poco \u00e9l es el que nos pone en el camino\u201d, expone De la Vega.<\/p>\n<p>\u201cAqu\u00ed est\u00e1 la historia de \u00e9l, equipo por equipo, est\u00e1 aqu\u00ed. De todo lo que ha jugado, que la puede ver todo el mundo y sentirse orgulloso, por lo menos yo me siento muy orgulloso\u201d, completa el padre de un jugador que fue leyenda del sevillismo y, desde luego, de los derbis entre el Sevilla FC y el Real Betis Balompi\u00e9.<\/p>\n<p><img decoding=\"async\" src=\"https:\/\/www.europesays.com\/es\/wp-content\/uploads\/2025\/11\/frame_museo_reyesjpg.jpg\" width=\"660\" height=\"370.79\" alt=\"El museo de Jos\u00e9 Antonio Reyes en su pe\u00f1a en Utrera.\"\/><br \/>\nEl museo de Jos\u00e9 Antonio Reyes en su pe\u00f1a en Utrera.<\/p>\n","protected":false},"excerpt":{"rendered":"M\u00e1s noticias M\u00e1s de M\u00e1s noticias de Sevilla FC Hablar del derbi sevillano desde la \u00f3ptica nervionense es&hellip;\n","protected":false},"author":2,"featured_media":261988,"comment_status":"","ping_status":"","sticky":false,"template":"","format":"standard","meta":{"footnotes":""},"categories":[268],"tags":[168,25,24,280,282,281,23,167],"class_list":{"0":"post-261987","1":"post","2":"type-post","3":"status-publish","4":"format-standard","5":"has-post-thumbnail","7":"category-futbol","8":"tag-deportes","9":"tag-es","10":"tag-espana","11":"tag-football","12":"tag-futbol","13":"tag-soccer","14":"tag-spain","15":"tag-sports"},"share_on_mastodon":{"url":"https:\/\/pubeurope.com\/@es\/115632856733550514","error":""},"_links":{"self":[{"href":"https:\/\/www.europesays.com\/es\/wp-json\/wp\/v2\/posts\/261987","targetHints":{"allow":["GET"]}}],"collection":[{"href":"https:\/\/www.europesays.com\/es\/wp-json\/wp\/v2\/posts"}],"about":[{"href":"https:\/\/www.europesays.com\/es\/wp-json\/wp\/v2\/types\/post"}],"author":[{"embeddable":true,"href":"https:\/\/www.europesays.com\/es\/wp-json\/wp\/v2\/users\/2"}],"replies":[{"embeddable":true,"href":"https:\/\/www.europesays.com\/es\/wp-json\/wp\/v2\/comments?post=261987"}],"version-history":[{"count":0,"href":"https:\/\/www.europesays.com\/es\/wp-json\/wp\/v2\/posts\/261987\/revisions"}],"wp:featuredmedia":[{"embeddable":true,"href":"https:\/\/www.europesays.com\/es\/wp-json\/wp\/v2\/media\/261988"}],"wp:attachment":[{"href":"https:\/\/www.europesays.com\/es\/wp-json\/wp\/v2\/media?parent=261987"}],"wp:term":[{"taxonomy":"category","embeddable":true,"href":"https:\/\/www.europesays.com\/es\/wp-json\/wp\/v2\/categories?post=261987"},{"taxonomy":"post_tag","embeddable":true,"href":"https:\/\/www.europesays.com\/es\/wp-json\/wp\/v2\/tags?post=261987"}],"curies":[{"name":"wp","href":"https:\/\/api.w.org\/{rel}","templated":true}]}}