{"id":261989,"date":"2025-11-29T11:55:12","date_gmt":"2025-11-29T11:55:12","guid":{"rendered":"https:\/\/www.europesays.com\/es\/261989\/"},"modified":"2025-11-29T11:55:12","modified_gmt":"2025-11-29T11:55:12","slug":"era-un-encargo-tan-absurdo-que-valia-la-pena-hacerlo","status":"publish","type":"post","link":"https:\/\/www.europesays.com\/es\/261989\/","title":{"rendered":"Era un encargo tan absurdo que val\u00eda la pena hacerlo"},"content":{"rendered":"<p class=\"ft-text ft-helper-closenews\">La de <strong>Irieix<\/strong> es una de las propuestas m\u00e1s marcianas y estimulantes que ha dado el pop catal\u00e1n en los \u00faltimos a\u00f1os. <strong>Irieix no se parece a nada<\/strong>. O, mejor, se parece a muchas cosas que a ning\u00fan m\u00fasico con ambici\u00f3n de tener una carrera exitosa se le ocurrir\u00eda juntar: <strong>Sisa<\/strong>, Pop X, Juan Gabriel, Power Burkas, Guillermina Motta, Chimbala, La Ludwig Band, John Paul Young, Luis Aguil\u00e9, Juan Wauters, Kanye West, Esperit!, El Chuape, Remei Margarit\u2026 Todas esas (y muchas m\u00e1s) son las referencias que alimentan el discurso art\u00edstico de este <strong>cantautor gal\u00e1ctico<\/strong> que ha sido el encargado de componer, junto a <strong>Esteban Navarro<\/strong> (Venga Monjas), <strong>el villancico &#8216;Un cor que batega&#8217;<\/strong>, que, interpretado por una coral de 40 voces, pone banda sonora a <a class=\"ft-link ft-link--decoration\" href=\"https:\/\/www.elperiodico.com\/es\/barcelona\/20251122\/barcelona-vive-encendido-luces-multitudinario-124016194\" target=\"_blank\" rel=\"nofollow noopener\">la campa\u00f1a navide\u00f1a del Ayuntamiento de Barcelona<\/a>. \u00abEra un encargo tan absurdo que val\u00eda la pena hacerlo\u00bb, afirma.<\/p>\n<p class=\"ft-text\">Irieix es, en la vida civil, <strong>Llu\u00eds Margarit Vallcorba<\/strong>, un entusiasta de la procrastinaci\u00f3n nacido en Granollers en 1994 que se gana la vida como sonidista de cine y televisi\u00f3n. \u00abIrieix era <strong>el nombre que me quer\u00eda poner mi madre<\/strong>, porque una prima suya ten\u00eda un hijo que se llamaba as\u00ed -relata-. Pero en el \u00faltimo momento, mi abuela dijo que no, que era muy dif\u00edcil, y que me llamaran Llu\u00eds. Yo ten\u00eda esa espina clavada y me la he quitado adoptando Irieix como nombre art\u00edstico\u00bb.<\/p>\n<p class=\"ft-text\">Desde el principio, Margarit tuvo claro que su proyecto musical iba a estar <strong>basado en el juego y la experimentaci\u00f3n<\/strong>. Lleg\u00f3 a grabar un primer disco solo con una guitarra y las notas de voz del iPhone y lo colg\u00f3 en Spotify, pero lo borr\u00f3 al cabo de dos meses porque le daba verg\u00fcenza. Le faltaba a\u00fan esa <strong>distancia autopar\u00f3dica<\/strong> que ha caracterizado toda su producci\u00f3n posterior. \u00abIrieix convive todo el rato con el &#8216;cringe&#8217;, con la verg\u00fcenza ajena -se\u00f1ala-. Hay <strong>mucha gente haciendo m\u00fasica y tom\u00e1ndoselo todo muy en serio<\/strong> y a m\u00ed eso es una cosa que me parece un poco rid\u00edcula. Me da miedo caer en eso\u00bb.<\/p>\n<p>Un carnaval iconoclasta<\/p>\n<p class=\"ft-text\">Despu\u00e9s de publicar algunas canciones sueltas \u00aba medio producir\u00bb y de protagonizar ca\u00f3ticas pero inspiradoras actuaciones en salas de tama\u00f1o XS, Irieix fue reclutado por <strong>el sello Primavera Labels<\/strong>, que, como no pod\u00eda ser de otra manera, acab\u00f3 inst\u00e1ndole a grabar un disco largo en condiciones. \u00abEs algo que hab\u00eda ido posponiendo, por pereza sobre todo, pero cuando entr\u00f3 el Primavera ya vi que hab\u00eda llegado el momento\u00bb. El resultado es <strong>&#8216;Irieix I, el Geperut&#8217;<\/strong>, un carnaval iconoclasta en el que se mezclan el entoldado de fiesta mayor, los bombos electr\u00f3nicos, el teatro vanguardista, los teclados MIDI, la poes\u00eda trovadoresca, los ritmos latinos, el punk-rock y el &#8216;autotune&#8217;.<\/p>\n<p class=\"ft-text\">Es, tambi\u00e9n, lo que antes se llamaba <strong>un &#8216;\u00e1lbum concepto&#8217;<\/strong>, una colecci\u00f3n de canciones cosidas por un tenue hilo argumental centrado en el personaje que da t\u00edtulo al disco, una \u00abpersona desubicada\u00bb con una triste vida sentimental que recurre al humor para evitar el conflicto y al que, de tanto echarse los problemas a la espalda, <strong>le acaba creciendo una joroba monstruosa<\/strong>. \u00abCreo que lo de la joroba es una met\u00e1fora que funciona muy bien -apunta el artista-. Es el lugar en el que Irieix va escondiendo los problemas emocionales y tambi\u00e9n las tareas pendientes, pero, claro, cuantas m\u00e1s cosas guarda, m\u00e1s grande se hace y m\u00e1s pesa\u00bb.<\/p>\n<p><img decoding=\"async\" src=\"https:\/\/www.europesays.com\/es\/wp-content\/uploads\/2025\/11\/d608e2df-22e0-47ca-a2f9-50ae16f73f66_alta-libre-aspect-ratio_default_0.jpg\" width=\"1200\" height=\"804\" alt=\"Llu\u00eds Margarit, caracterizado como Irieix I, el Geperut\" class=\"ft-helper-img-rd\" loading=\"lazy\"\/><\/p>\n<p class=\"ft-helper-fontColor-quaternary ft-helper-fontSize-body-S ft-helper-spacer-t-xxs\">Llu\u00eds Margarit, caracterizado como Irieix I, el Geperut  \/ Mateo Sanz Rom\u00e1n<\/p>\n<p class=\"ft-text\">Una de las particularidades de Irieix es que <strong>canta tanto en catal\u00e1n como en un castellano de acento latinoamericano<\/strong> -\u00aburuguayo\u00bb, puntualiza- que resulta gracioso y provoca incomodidad al mismo tiempo. \u00abEmpec\u00e9 a escuchar mucha m\u00fasica latinoamericana y me dio por imitar a los cantantes, y vi que <strong>poniendo esa voz me era m\u00e1s f\u00e1cil decir cosas que me quedaban muy lejanas<\/strong> -explica-. Inevitablemente, cuando canto en catal\u00e1n me sale una cosa m\u00e1s personal, aunque lo intente evitar, pero en ese castellano latinoamericano me siento m\u00e1s c\u00f3modo diciendo chorradas. Y tambi\u00e9n me sirve para darle a todo un aire m\u00e1s teatral\u00bb.<\/p>\n<p>Cantautores y guasa<\/p>\n<p class=\"ft-text\">Lo del aire teatral es importante para Irieix, porque nada parece provocarle m\u00e1s rechazo que esos artistas que alardean de haber hecho su \u00abdisco m\u00e1s personal\u00bb. \u00abVeo que en Catalunya la industria &#8216;mainstream&#8217; se aferra a esa idea de que <strong>los cantautores han de tener una narrativa \u00edntima<\/strong>, que han de explicarnos su vida. <strong>Esa figura me da una pereza terrible<\/strong>. Es verdad que la m\u00fasica es algo que sale de dentro, pero <strong>est\u00e1 bien meterle un poco de guasa y de teatro<\/strong>. Si explicas un drama, puedes exagerar el sentimiento y llevarlo a un terreno m\u00e1s par\u00f3dico. A m\u00ed ese es el punto que me gusta\u00bb.<\/p>\n<p class=\"ft-text\">Irieix es consciente de que esa propuesta tan singular y tan alejada del pop en catal\u00e1n que hoy llena estadios y encabeza festivales puede tener una recepci\u00f3n limitada, pero eso no parece importarle ni mucho ni poco. \u00abSiento que a nivel cultural <strong>se est\u00e1 haciendo un poco siempre lo mismo<\/strong>, usando una y otra vez las mismas herramientas, y yo quiero salir de eso. Y a quien le guste, bien. Prefiero tener un grupo de fans, aunque sea reducido, que enloquezcan con el proyecto y conecten y lo hagan suyo que llenar un Sant Jordi de gente a la que le guste un poco pero al d\u00eda siguiente ya est\u00e9 con otra cosa. Creo que <strong>si un d\u00eda tuviera mucho p\u00fablico, eso me generar\u00eda muchas inseguridades<\/strong> y empezar\u00eda a preguntarme si de verdad estoy haciendo lo que quer\u00eda hacer\u00bb.<\/p>\n<p class=\"ft-text\">Quiz\u00e1 ese salto no est\u00e9 tan lejos como \u00e9l mismo piensa, a juzgar por la acogida que est\u00e1 teniendo &#8216;Un cor que batega&#8217;. \u00abS\u00ed, <strong>lo de la canci\u00f3n de Navidad del Ayuntamiento era como un regalo envenenado<\/strong> -asegura-. Yo ten\u00eda muchas dudas, pero fue muy divertido hacerla y ahora veo que ha tenido muy buena recepci\u00f3n y le gusta a la gente mayor y a los ni\u00f1os. Nunca hubiera pensado que una canci\u00f3n de Irieix pudiera generar eso, y mi primera reacci\u00f3n es pensar: &#8216;Igual hemos tocado teclas que no deber\u00edamos haber tocado&#8217; [risas]. Pero estoy muy contento, de verdad\u201d.<\/p>\n<p class=\"ft-text\">Irieix presentar\u00e1 su primer \u00e1lbum en directo el 12 de diciembre en la sala Laut de Barcelona, el 9 de enero en el Caf\u00e8 del Teatre de Lleida y el 30 de enero en la sala Yeah de Girona.<\/p>\n<p data-close=\"closedContent\" class=\"subscribeHideForDisplay\">Suscr\u00edbete para seguir leyendo<\/p>\n","protected":false},"excerpt":{"rendered":"La de Irieix es una de las propuestas m\u00e1s marcianas y estimulantes que ha dado el pop catal\u00e1n&hellip;\n","protected":false},"author":2,"featured_media":261990,"comment_status":"","ping_status":"","sticky":false,"template":"","format":"standard","meta":{"footnotes":""},"categories":[174],"tags":[1830,1697,11436,255,17541,146,147,25,24,256,41359,65354,185,2951,23,51035],"class_list":{"0":"post-261989","1":"post","2":"type-post","3":"status-publish","4":"format-standard","5":"has-post-thumbnail","7":"category-famosos","8":"tag-artista","9":"tag-autor","10":"tag-ayuntamiento-de-barcelona","11":"tag-celebrities","12":"tag-discos","13":"tag-entertainment","14":"tag-entretenimiento","15":"tag-es","16":"tag-espana","17":"tag-famosos","18":"tag-galactico","19":"tag-irieix","20":"tag-musica","21":"tag-navidad","22":"tag-spain","23":"tag-villancico"},"share_on_mastodon":{"url":"https:\/\/pubeurope.com\/@es\/115632860508661135","error":""},"_links":{"self":[{"href":"https:\/\/www.europesays.com\/es\/wp-json\/wp\/v2\/posts\/261989","targetHints":{"allow":["GET"]}}],"collection":[{"href":"https:\/\/www.europesays.com\/es\/wp-json\/wp\/v2\/posts"}],"about":[{"href":"https:\/\/www.europesays.com\/es\/wp-json\/wp\/v2\/types\/post"}],"author":[{"embeddable":true,"href":"https:\/\/www.europesays.com\/es\/wp-json\/wp\/v2\/users\/2"}],"replies":[{"embeddable":true,"href":"https:\/\/www.europesays.com\/es\/wp-json\/wp\/v2\/comments?post=261989"}],"version-history":[{"count":0,"href":"https:\/\/www.europesays.com\/es\/wp-json\/wp\/v2\/posts\/261989\/revisions"}],"wp:featuredmedia":[{"embeddable":true,"href":"https:\/\/www.europesays.com\/es\/wp-json\/wp\/v2\/media\/261990"}],"wp:attachment":[{"href":"https:\/\/www.europesays.com\/es\/wp-json\/wp\/v2\/media?parent=261989"}],"wp:term":[{"taxonomy":"category","embeddable":true,"href":"https:\/\/www.europesays.com\/es\/wp-json\/wp\/v2\/categories?post=261989"},{"taxonomy":"post_tag","embeddable":true,"href":"https:\/\/www.europesays.com\/es\/wp-json\/wp\/v2\/tags?post=261989"}],"curies":[{"name":"wp","href":"https:\/\/api.w.org\/{rel}","templated":true}]}}