{"id":261991,"date":"2025-11-29T11:56:08","date_gmt":"2025-11-29T11:56:08","guid":{"rendered":"https:\/\/www.europesays.com\/es\/261991\/"},"modified":"2025-11-29T11:56:08","modified_gmt":"2025-11-29T11:56:08","slug":"dialogo-entre-la-escultura-y-la-arquitectura","status":"publish","type":"post","link":"https:\/\/www.europesays.com\/es\/261991\/","title":{"rendered":"di\u00e1logo entre la escultura y la arquitectura"},"content":{"rendered":"<p>Alberto Peral es el ganador de la III edici\u00f3n del\u00a0Premio de <a href=\"https:\/\/theobjective.com\/etiqueta\/esculturas\/\" rel=\"nofollow noopener\" target=\"_blank\">Escultura<\/a> Fundaci\u00f3n Bosch Aymerich. <strong>El galard\u00f3n fue otorgado por la intervenci\u00f3n Splashing Mies, obra realizada en el Pabell\u00f3n Alem\u00e1n construido por Mies van der Rohe y Lilly Reich, <\/strong>para la <a href=\"https:\/\/theobjective.com\/etiqueta\/exposiciones\/\" rel=\"nofollow noopener\" target=\"_blank\">Exposici\u00f3n<\/a> Internacional de Barcelona en 1929. <a href=\"https:\/\/theobjective.com\/\" rel=\"nofollow noopener\" target=\"_blank\">THE OBJECTIVE<\/a> se re\u00fane con el escultor vasco en su taller de Barcelona. Adem\u00e1s de su labor como artista, tambi\u00e9n dirige el proyecto Halfhouse, un lugar de encuentro y trabajo de arte multidisciplinar. \u00abDesde siempre he considerado que lo art\u00edstico no solo es una pr\u00e1ctica individual, sino una interrelaci\u00f3n entre personas y referentes, lo cual permite que mi lenguaje se enriquezca\u00bb, nos cuenta.<\/p>\n<p><strong>PREGUNTA.- En Halfhouse cumple la labor de gestor cultural. \u00bfC\u00f3mo surgi\u00f3 el proyecto?<\/strong><\/p>\n<p><strong>RESPUESTA.-<\/strong> Hace a\u00f1os, estuve en la residencia de Capacete en R\u00edo de Janeiro, un programa anual dedicado a la investigaci\u00f3n, la pr\u00e1ctica en artes y pensamiento cr\u00edtico y me gust\u00f3 mucho su esp\u00edritu. Era un lugar de encuentro, muy \u00e1gil y a su vez cercano, casero. Al regresar a casa, me di cuenta de que faltaba algo as\u00ed, y naci\u00f3 Halfhouse. A partir de 2016 colabora con nosotros Eremuak, del Gobierno Vasco, para ofrecer una beca para artistas o residentes en la Comunidad Aut\u00f3noma Vasca, con objeto de apoyar en el contexto de las artes visuales. La residencia tiene lugar entre agosto y octubre en Barcelona y acaba con la exposici\u00f3n del trabajo realizado durante ese periodo e inaugurado en el espacio.\u00a0Este a\u00f1o nos acompa\u00f1\u00f3 la escultora Susana Solano, con la intervenci\u00f3n Lo que supe y olvido, y actualmente se est\u00e1 preparando la obra de la artista Iona Leache.<\/p>\n<p><strong>P.- Usted ha desarrollado casi toda su obra en Barcelona\u2026<\/strong><\/p>\n<p><strong>R.-<\/strong> Estudi\u00e9 escultura en el Pa\u00eds Vasco, pero llegu\u00e9 hace 30 a\u00f1os a Catalu\u00f1a. Recib\u00ed la Beca de la Academia de Roma en 1993 y ese a\u00f1o, viviendo all\u00e1, me hizo tener claro que quer\u00eda regresar, pero a Barcelona. Desde siempre he trabajado con escultura, o m\u00e1s bien dicho, todo mi trabajo parte de esta, la fotograf\u00eda, los videos o dem\u00e1s medios.<\/p>\n<blockquote class=\"wp-block-quote is-layout-flow wp-block-quote-is-layout-flow\">\n<p>\u00abCreo que mis piezas suelen completarse al ser recorridas\u00bb<\/p>\n<\/blockquote>\n<p><strong>P.- En 2023 present\u00f3 la exposici\u00f3n Dar la vuelta en el Museo Patio Herreriano de Valladolid. El proyecto revisaba cualidades arquitect\u00f3nicas, perceptivas o hist\u00f3ricas en la emblem\u00e1tica Capilla de los Condes de Fuensalda\u00f1a y en la Sala Gil de Honta\u00f1\u00f3n\u2026<\/strong><\/p>\n<p>R.- La muestra fue tambi\u00e9n un ejercicio especulativo en torno a la materia, la piedra de Campaspero, con la que fue construido el antiguo Monasterio de San Benito el Real. Tambi\u00e9n tuvo que ver con c\u00f3mo trabajar elementos sencillos o b\u00e1sicos, sobre el espacio, y hacer el trayecto, porque creo que mis piezas suelen completarse, al ser recorridas. En la Capilla, estaba el gran muro construido con sillares de piedra que se yergue en el centro del espacio. Es un elemento exento, lo que nos sit\u00faa ante una arquitectura dentro de otra arquitectura.<\/p>\n<p><strong>P.- Dar la vuelta era una muestra pensada espec\u00edficamente para un lugar ic\u00f3nico, al igual que Splashing Mies, en la cual ha trabajado con el arquitecto David Mesa como comisario y lo ha hecho ganador del Premio de Escultura Fundaci\u00f3n Bosch Aymerich<\/strong>.<\/p>\n<p>R.- Hab\u00eda trabajado anteriormente con David, porque le doy mucha importancia a los espacios y a la arquitectura. Los elementos escult\u00f3ricos con los que trabajo, muchas veces los busco activar y en la b\u00fasqueda de esta disposici\u00f3n, hab\u00edamos colaborado varias veces en temas t\u00e9cnicos, d\u00e1ndome una mirada diferente. Para el concurso de Mies \u00e9l me convoc\u00f3, es tambi\u00e9n un gran investigador. El pabell\u00f3n se interviene cada cierto tiempo por distintos artistas. El Premio de Escultura Fundaci\u00f3n Bosch Aymerich, valora el di\u00e1logo conceptual y formal entre la escultura y la arquitectura y ha sido un gran honor recibirlo.<\/p>\n<p><strong>P.- \u00bfY c\u00f3mo se plante\u00f3 este di\u00e1logo frente a una construcci\u00f3n tan paradigm\u00e1tica como lo es el Pabell\u00f3n alem\u00e1n? Teniendo en cuenta adem\u00e1s los elementos hist\u00f3ricos\u2026<\/strong><\/p>\n<p><strong>R.-<\/strong> El pabell\u00f3n de Mies es una especie de Las se\u00f1oritas de Avignon para la historia de la arquitectura, si ves Montjuic y el MNAC, es incre\u00edble darte cuenta de que es de la misma \u00e9poca. El pabell\u00f3n es una cosa aislada, de una arquitectura de absoluta vanguardia. Pero tambi\u00e9n se dio porque en 1929 con la Exposici\u00f3n, hab\u00eda un esp\u00edritu en Barcelona de modernidad y de bonanza econ\u00f3mica, pero aun as\u00ed Mies y Reich, arriesgaron much\u00edsimo. Lo paradigm\u00e1tico, tambi\u00e9n, es que pese a ser un manifiesto de la modernidad, luego se destruye. La reconstrucci\u00f3n lleg\u00f3 mucho tiempo despu\u00e9s, en los a\u00f1os ochenta.<\/p>\n<p><strong>P.- La emblem\u00e1tica escultura Down del pabell\u00f3n del artista Georg Kolbe, tambi\u00e9n es un contraste importante en el espacio y un punto focal en el patio del estanque\u2026<\/strong><\/p>\n<p><strong>R.-<\/strong> Su elecci\u00f3n ha debido tener que ver con el momento hist\u00f3rico, es el tipo de escultura que se hac\u00eda en la \u00e9poca, en cierto sentido es moderna, por el lenguaje del cuerpo, pero tambi\u00e9n tiene algo de expresionismo alem\u00e1n. Creo que busca contraponer esa especie de pureza arquitect\u00f3nica con la representaci\u00f3n humana en la escultura. Es una pieza que tiene que pensarse desde su \u00e9poca, aunque se vea antigua en contraste con el edificio. Es casi como un residuo de lo no moderno y tambi\u00e9n un inter\u00e9s de introducir arte en el espacio.<\/p>\n<blockquote class=\"wp-block-quote is-layout-flow wp-block-quote-is-layout-flow\">\n<p>\u00abTen\u00eda ganas de hacer algo disruptivo, pero con mucha l\u00f3gica para poder jugar con el propio lenguaje de la arquitectura\u00bb<\/p>\n<\/blockquote>\n<p><strong>P.- \u00bfHacia qu\u00e9 elementos formales del espacio enfoc\u00f3 la intervenci\u00f3n?<\/strong><\/p>\n<p><strong>R.-<\/strong> Hay dos fuentes y dos planos de agua, que Mies coloca como elemento f\u00edsico, es decir, como si fuera un muro y utiliza el agua de esa manera a nivel horizontal. Todos los cristales, que adem\u00e1s para la \u00e9poca eran absolutamente novedosos y sus muros no sostienen nada, no son de carga. Al plano de agua le quise dar movimiento y circularidad, para romper con ese elemento est\u00e1tico, y a su vez darle sonoridad. Al mismo tiempo, la fuente deja varias preguntas abiertas, como el origen del agua. Lo que me gusta de esta intervenci\u00f3n es que, con piezas muy sutiles, intento colocar varias capas. Desde el movimiento, aprovecho la l\u00ednea de agua y le doy la capacidad a su vez, que tiene de reflejo. As\u00ed, pude jugar con la imagen sobre la superficie y lo f\u00edsico.<\/p>\n<p><strong>P.- El comisario David Mesa, se\u00f1ala que la intervenci\u00f3n: \u00abApunta a sus elementos constitutivos m\u00e1s et\u00e9reos: los reflejos presentes en las piedras, vidrios, metales y superficies de agua que diluyen la solidez de sus par\u00e1metros\u2026\u00bb.<\/strong><\/p>\n<p><strong>R.-<\/strong> Al llegar a un lugar con tanta importancia arquitect\u00f3nica, en este caso un punto de partida de la modernidad, me pregunt\u00e9 cu\u00e1l pod\u00eda ser mi aporte. Era fundamental lograr ensamblar un esp\u00edritu de respeto, pero a su vez, vencer mis propios miedos. Ten\u00eda ganas de hacer algo disruptivo, pero con mucha l\u00f3gica para poder jugar con el propio lenguaje de la arquitectura. El di\u00e1logo no es literal ni evidente.<\/p>\n","protected":false},"excerpt":{"rendered":"Alberto Peral es el ganador de la III edici\u00f3n del\u00a0Premio de Escultura Fundaci\u00f3n Bosch Aymerich. El galard\u00f3n fue&hellip;\n","protected":false},"author":2,"featured_media":261992,"comment_status":"","ping_status":"","sticky":false,"template":"","format":"standard","meta":{"footnotes":""},"categories":[173],"tags":[801,229,26329,233,231,230,210,232,234,146,147,25,8426,24,12296,23],"class_list":{"0":"post-261991","1":"post","2":"type-post","3":"status-publish","4":"format-standard","5":"has-post-thumbnail","7":"category-arte-y-diseno","8":"tag-arquitectura","9":"tag-arte","10":"tag-arte-contemporu00e1neo","11":"tag-arte-y-diseno","12":"tag-arts","13":"tag-arts-and-design","14":"tag-barcelona","15":"tag-design","16":"tag-diseno","17":"tag-entertainment","18":"tag-entretenimiento","19":"tag-es","20":"tag-esculturas","21":"tag-espana","22":"tag-gobierno-vasco","23":"tag-spain"},"share_on_mastodon":{"url":"https:\/\/pubeurope.com\/@es\/115632864151547984","error":""},"_links":{"self":[{"href":"https:\/\/www.europesays.com\/es\/wp-json\/wp\/v2\/posts\/261991","targetHints":{"allow":["GET"]}}],"collection":[{"href":"https:\/\/www.europesays.com\/es\/wp-json\/wp\/v2\/posts"}],"about":[{"href":"https:\/\/www.europesays.com\/es\/wp-json\/wp\/v2\/types\/post"}],"author":[{"embeddable":true,"href":"https:\/\/www.europesays.com\/es\/wp-json\/wp\/v2\/users\/2"}],"replies":[{"embeddable":true,"href":"https:\/\/www.europesays.com\/es\/wp-json\/wp\/v2\/comments?post=261991"}],"version-history":[{"count":0,"href":"https:\/\/www.europesays.com\/es\/wp-json\/wp\/v2\/posts\/261991\/revisions"}],"wp:featuredmedia":[{"embeddable":true,"href":"https:\/\/www.europesays.com\/es\/wp-json\/wp\/v2\/media\/261992"}],"wp:attachment":[{"href":"https:\/\/www.europesays.com\/es\/wp-json\/wp\/v2\/media?parent=261991"}],"wp:term":[{"taxonomy":"category","embeddable":true,"href":"https:\/\/www.europesays.com\/es\/wp-json\/wp\/v2\/categories?post=261991"},{"taxonomy":"post_tag","embeddable":true,"href":"https:\/\/www.europesays.com\/es\/wp-json\/wp\/v2\/tags?post=261991"}],"curies":[{"name":"wp","href":"https:\/\/api.w.org\/{rel}","templated":true}]}}