{"id":261993,"date":"2025-11-29T11:58:10","date_gmt":"2025-11-29T11:58:10","guid":{"rendered":"https:\/\/www.europesays.com\/es\/261993\/"},"modified":"2025-11-29T11:58:10","modified_gmt":"2025-11-29T11:58:10","slug":"jorge-gonzalez-volver-al-benidorm-fest-siempre-es-un-si-pero-en-espana-te-cierran-la-puerta-cuando-repites","status":"publish","type":"post","link":"https:\/\/www.europesays.com\/es\/261993\/","title":{"rendered":"Jorge Gonz\u00e1lez: \u201cVolver al Benidorm Fest siempre es un s\u00ed, pero en Espa\u00f1a te cierran la puerta cuando repites\u201d"},"content":{"rendered":"<p>Entrevista a Jorge Gonz\u00e1lez &#8211; Infobae Espa\u00f1a<\/p>\n<p class=\"paragraph\">La segunda edici\u00f3n de <b>Bailando con las estrella<\/b><b>s<\/b> llega a <a href=\"https:\/\/www.infobae.com\/espana\/2025\/11\/23\/bailando-con-las-estrellas-desvela-a-sus-cuatro-finalistas-una-gala-llena-de-tension-reproches-y-dos-emotivas-despedidas\/\" target=\"_blank\" rel=\"noreferrer nofollow noopener\" title=\"https:\/\/www.infobae.com\/espana\/2025\/11\/23\/bailando-con-las-estrellas-desvela-a-sus-cuatro-finalistas-una-gala-llena-de-tension-reproches-y-dos-emotivas-despedidas\/\">su gran final<\/a> este s\u00e1bado 29 de noviembre en el prime time de Telecinco. Uno de los aspirantes a alzarse con la victoria es <b>Jorge Gonz\u00e1lez<\/b>, cantante que, desde que se diera a conocer en Operaci\u00f3n Triunfo, ha pasado por numerosos formatos televisivos, aunque este es su primer talent de baile.<\/p>\n<p class=\"paragraph\">Antes de embarcarse en esta aventura, <a href=\"https:\/\/www.infobae.com\/espana\/2024\/02\/01\/quien-es-jorge-gonzalez-del-benidorm-fest-2024-el-concursante-de-operacion-triunfo-que-ha-conquistado-los-programas-de-talento\/\" target=\"_blank\" rel=\"noreferrer nofollow noopener\" title=\"https:\/\/www.infobae.com\/espana\/2024\/02\/01\/quien-es-jorge-gonzalez-del-benidorm-fest-2024-el-concursante-de-operacion-triunfo-que-ha-conquistado-los-programas-de-talento\/\">el artista<\/a> confesaba a Infobae Espa\u00f1a afrontar el desaf\u00edo \u201ccon much\u00edsima ilusi\u00f3n\u201d, celebrando la suerte de que las televisiones sigan contando con \u00e9l dos d\u00e9cadas despu\u00e9s de su salto a la fama en un plat\u00f3. \u201cQue a d\u00eda de hoy, con todos los que han ido saliendo, sigan contando conmigo, <b>me hace sentir muy afortunado<\/b>\u201d, reconoc\u00eda en la presentaci\u00f3n del concurso de baile en el FesTVal de Vitoria-Gasteiz.<\/p>\n<p class=\"paragraph\">Desde el primer momento, su nombre estaba entre los favoritos para llegar lejos en el concurso. As\u00ed lo planeaba el p\u00fablico y sus propios compa\u00f1eros de programa, aunque para \u00e9l era una presi\u00f3n a\u00f1adida que pod\u00eda crear falsas expectativas: \u201c<b>Me da un poco de ansiedad<\/b> que me vean como el fuerte y me digan que voy a ganar, porque yo no soy bailar\u00edn. Estoy al nivel de los dem\u00e1s, pero voy a ir a por todas\u201d, adelantaba.<\/p>\n<p><img alt=\"Jorge Gonz\u00e1lez, en 'Bailando con\" class=\"global-image\" decoding=\"async\" fetchpriority=\"low\" height=\"1270\" loading=\"lazy\" src=\"https:\/\/www.europesays.com\/es\/wp-content\/uploads\/2025\/11\/TQQHEWXPEREQ3D7HXYUVWU6VTI.jpg\" width=\"2257\"\/>Jorge Gonz\u00e1lez, en &#8216;Bailando con las estrellas&#8217;. (Antonio Guti\u00e9rrez \/ Europa Press)<\/p>\n<p class=\"paragraph\">Este proyecto ha supuesto, adem\u00e1s, el reencuentro televisivo entre Jorge Gonz\u00e1lez y Jes\u00fas V\u00e1zquez, quien precisamente estaba al frente de \u2018OT\u2019 en Telecinco cuando particip\u00f3 el artista. El cantante asegura que, la primera vez que se vieron en Vitoria, se fundieron en un largo abrazo y se dijeron \u201ccosas muy bonitas\u201d. \u201cLe dije: \u2018hace 20 a\u00f1os que me tuviste\u2019, como si me hubiera parido\u201d, bromea el finalista. Y agrega: \u201c<b>\u00c9l me pari\u00f3 art\u00edsticamente<\/b>, porque con 17 a\u00f1os me dio la mano en el mundo de la televisi\u00f3n\u201d.<\/p>\n<p class=\"paragraph\">No solo en Bailando con las estrellas ha sido uno de los firmes candidatos al triunfo. Tambi\u00e9n lo fue en su paso por el <b>Benidorm Fest<\/b>, donde desde el primer momento su tema, Caliente, estuvo en las quinielas para representar a Espa\u00f1a en Eurovisi\u00f3n. De hecho, fue el favorito del voto demosc\u00f3pico y el segundo de los espectadores, pero el voto del jurado, que le dej\u00f3 en quinta posici\u00f3n, acab\u00f3 imponi\u00e9ndose y convirtiendo a Nebulossa en ganadores. <\/p>\n<p class=\"paragraph\">Tras esa experiencia en la que volvi\u00f3 a truncarse su sue\u00f1o de ir al certamen europeo, el artista no descarta volver, al menos si de \u00e9l depende: \u201cEl Benidorm Fest siempre ser\u00e1 un s\u00ed para m\u00ed. <b>Me veo en un buen momento,<\/b> como dec\u00eda Nebulossa, pero en este pa\u00eds a las cadenas no les gusta repetir\u201d, explica, asegurando que, a diferencia de otros festivales con m\u00e1s historia como San Remo en Italia, \u201cen Espa\u00f1a te cierran la puerta cuando vas dos veces\u201d. No obstante, no duda en mandar un mensaje a RTVE: \u201cAbrid la mente e invitadme, que yo vuelvo\u201d.<\/p>\n<p><img alt=\"Jorge Gonz\u00e1lez (RTVE)\" class=\"global-image\" decoding=\"async\" fetchpriority=\"low\" height=\"857\" loading=\"lazy\" src=\"https:\/\/www.europesays.com\/es\/wp-content\/uploads\/2025\/11\/UHJZ5ZYWV5GELL7JSXNTXY4GPY.jpg\" width=\"1417\"\/>Jorge Gonz\u00e1lez (RTVE)<\/p>\n<p class=\"paragraph\">Sobre los motivos por los que regresar\u00eda al festival alicantino, Gonz\u00e1lez recuerda que fue \u201cun gran favorito\u201d y cont\u00f3 con \u201cel apoyo del p\u00fablico\u201d, lo cual le parece \u201cla excusa perfecta para volver\u201d. \u201c<b>No gan\u00e9 por un criterio de un jurado<\/b>, por sus cosas, pero s\u00ed tuve el apoyo del p\u00fablico y por eso volver\u00eda para calentar Europa\u201d, sentencia.<\/p>\n<p class=\"paragraph\">Donde tambi\u00e9n tendr\u00e1 que convencer al jurado es en la final de Bailando con las estrellas, aunque en este caso asegura que las valoraciones no han tenido tanta trascendencia para \u00e9l, ya que vive el formato como una competici\u00f3n que no afecta a su carrera profesional: \u201c<b>Llevo toda mi vida concursando<\/b>, soy el eterno concursante, ya me he llevado cosas buenas y cosas malas, he ganado y he perdido. Como este no es mi trabajo, porque no soy bailar\u00edn, no me va a influir tanto, no me importa\u201d, concluye.<\/p>\n<p class=\"paragraph\">El desenlace del certamen se configura como un aut\u00e9ntico desaf\u00edo para los cuatro duetos finalistas, quienes deber\u00e1n ejecutar <b>tres coreograf\u00edas distintas<\/b> en la \u00faltima gala. La estructura obliga a cada pareja a demostrar versatilidad: una coreograf\u00eda seleccionada por el jurado entre sus actuaciones m\u00e1s destacadas del concurso, otra elegida personalmente por los concursantes dentro de los bailes ya interpretados, y una tercera propuesta in\u00e9dita, pensada y desarrollada junto a sus respectivos maestros para incorporar fusiones de estilos que busquen el asombro tanto del jurado como del p\u00fablico.<\/p>\n<p class=\"paragraph\">En la antesala de la decisi\u00f3n, el recorrido de <b>Jorge Gonz\u00e1lez<\/b> y <b>Gemma Dom\u00ednguez<\/b> destaca por la excelencia, ya que han obtenido calificaciones perfectas en varias ocasiones. Su enfoque para la recta final se centra en presentar nuevas propuestas que les permitan mantener su posici\u00f3n de referencia. En un escenario diferente, <a href=\"https:\/\/www.infobae.com\/espana\/2025\/11\/26\/el-conflicto-familiar-que-enfrenta-anabel-pantoja-la-tensa-relacion-entre-su-madre-merchi-y-su-pareja-david-rodriguez\/\" target=\"_blank\" rel=\"noreferrer nofollow noopener\" title=\"https:\/\/www.infobae.com\/espana\/2025\/11\/26\/el-conflicto-familiar-que-enfrenta-anabel-pantoja-la-tensa-relacion-entre-su-madre-merchi-y-su-pareja-david-rodriguez\/\">Anabel Pantoja<\/a> y <b>\u00c1lvaro Cuenca<\/b> se han fortalecido por el fuerte respaldo de la audiencia, aunque arrastran la necesidad de convencer al jurado mediante una actuaci\u00f3n sobresaliente si aspiran a conquistar el trofeo.<\/p>\n<p class=\"paragraph\">El d\u00fao formado por <b>Nerea Rodr\u00edguez<\/b> y <b>Gen\u00eds Betrian<\/b> encara la final motivado tras haber salido airosos de la denominada Zona de Peligro durante la semifinal, fijando como meta ejecutar una presentaci\u00f3n sin errores que los coloque en la contienda por el primer puesto. Mientras tanto, <b>Nona Sobo<\/b> y <b>Max Stryjski<\/b> arriban a la gran noche en estado de gracia tras dejar una fuerte impresi\u00f3n con sus intervenciones semifinales, lo cual les ha otorgado un impulso de confianza de cara al desenlace.<\/p>\n<p class=\"paragraph\">La mec\u00e1nica de la votaci\u00f3n definir\u00e1 al vencedor: la suma de valoraciones del jurado y la puntuaci\u00f3n otorgada por el p\u00fablico determinar\u00e1n qu\u00e9 pareja lograr\u00e1 alzarse con la victoria definitiva. Uno de los equipos celebrar\u00e1 el resultado final levantando el trofeo sobre el escenario al cierre de una de las ediciones m\u00e1s re\u00f1idas del certamen.<\/p>\n","protected":false},"excerpt":{"rendered":"Entrevista a Jorge Gonz\u00e1lez &#8211; Infobae Espa\u00f1a La segunda edici\u00f3n de Bailando con las estrellas llega a su&hellip;\n","protected":false},"author":2,"featured_media":261994,"comment_status":"","ping_status":"","sticky":false,"template":"","format":"standard","meta":{"footnotes":""},"categories":[171],"tags":[50363,4787,9395,146,147,25,24,256,65355,23,807,214],"class_list":{"0":"post-261993","1":"post","2":"type-post","3":"status-publish","4":"format-standard","5":"has-post-thumbnail","7":"category-tv","8":"tag-antonio-gutierrez","9":"tag-baile","10":"tag-category_code_sho","11":"tag-entertainment","12":"tag-entretenimiento","13":"tag-es","14":"tag-espana","15":"tag-famosos","16":"tag-jorge-gonzalez","17":"tag-spain","18":"tag-television","19":"tag-tv"},"share_on_mastodon":{"url":"https:\/\/pubeurope.com\/@es\/115632872736279008","error":""},"_links":{"self":[{"href":"https:\/\/www.europesays.com\/es\/wp-json\/wp\/v2\/posts\/261993","targetHints":{"allow":["GET"]}}],"collection":[{"href":"https:\/\/www.europesays.com\/es\/wp-json\/wp\/v2\/posts"}],"about":[{"href":"https:\/\/www.europesays.com\/es\/wp-json\/wp\/v2\/types\/post"}],"author":[{"embeddable":true,"href":"https:\/\/www.europesays.com\/es\/wp-json\/wp\/v2\/users\/2"}],"replies":[{"embeddable":true,"href":"https:\/\/www.europesays.com\/es\/wp-json\/wp\/v2\/comments?post=261993"}],"version-history":[{"count":0,"href":"https:\/\/www.europesays.com\/es\/wp-json\/wp\/v2\/posts\/261993\/revisions"}],"wp:featuredmedia":[{"embeddable":true,"href":"https:\/\/www.europesays.com\/es\/wp-json\/wp\/v2\/media\/261994"}],"wp:attachment":[{"href":"https:\/\/www.europesays.com\/es\/wp-json\/wp\/v2\/media?parent=261993"}],"wp:term":[{"taxonomy":"category","embeddable":true,"href":"https:\/\/www.europesays.com\/es\/wp-json\/wp\/v2\/categories?post=261993"},{"taxonomy":"post_tag","embeddable":true,"href":"https:\/\/www.europesays.com\/es\/wp-json\/wp\/v2\/tags?post=261993"}],"curies":[{"name":"wp","href":"https:\/\/api.w.org\/{rel}","templated":true}]}}