{"id":261995,"date":"2025-11-29T11:59:28","date_gmt":"2025-11-29T11:59:28","guid":{"rendered":"https:\/\/www.europesays.com\/es\/261995\/"},"modified":"2025-11-29T11:59:28","modified_gmt":"2025-11-29T11:59:28","slug":"las-guerreras-k-pop-paso-a-paso-para-crear-una-imagen-con-ia-al-estilo-de-la-pelicula-de-netflix","status":"publish","type":"post","link":"https:\/\/www.europesays.com\/es\/261995\/","title":{"rendered":"Las Guerreras K-Pop: paso a paso para crear una imagen con IA al estilo de la pel\u00edcula de Netflix"},"content":{"rendered":"<p><img alt=\"Esta pel\u00edcula toca temas sobre\" class=\"global-image\" decoding=\"async\" fetchpriority=\"high\" height=\"1080\" loading=\"eager\" src=\"https:\/\/www.europesays.com\/es\/wp-content\/uploads\/2025\/11\/1764417564_632_MXUO4LZTDRFWNOO2FWLXYRZKNA.jpg\" width=\"1920\"\/>Esta pel\u00edcula toca temas sobre la amistad, la m\u00fasica, amor y familia. (Netflix)<\/p>\n<p class=\"paragraph\"><a href=\"https:\/\/www.infobae.com\/tag\/las-guerreras-k-pop\/\" target=\"_blank\" rel=\"noreferrer nofollow noopener\" title=\"https:\/\/www.infobae.com\/tag\/las-guerreras-k-pop\/\"><b>Las Guerreras K-Pop<\/b><\/a><b> es la pel\u00edcula m\u00e1s popular de <\/b><a href=\"https:\/\/www.infobae.com\/tag\/netflix\/\" target=\"_blank\" rel=\"noreferrer nofollow noopener\" title=\"https:\/\/www.infobae.com\/tag\/netflix\/\"><b>Netflix <\/b><\/a><b>en este momento y ha conseguido una gran cantidad de seguidores en todo el mundo. <\/b>Ahora, gracias a la inteligencia artificial, es posible transformar una fotograf\u00eda propia para lucir como Rumi, la protagonista de este largometraje animado.<\/p>\n<p class=\"paragraph\">Para crear esta imagen, solo debes ingresar a la aplicaci\u00f3n m\u00f3vil o al sitio web de Gemini, la inteligencia artificial de Google disponible de forma gratuita. Luego, carga una fotograf\u00eda en la que tu rostro se vea claramente y agrega el siguiente prompt, de manera exacta. Puedes copiar y pegarlo:<\/p>\n<p><img alt=\"La aplicaci\u00f3n de Gemini es\" class=\"global-image\" decoding=\"async\" fetchpriority=\"low\" height=\"2257\" loading=\"lazy\" src=\"https:\/\/www.europesays.com\/es\/wp-content\/uploads\/2025\/11\/FJWZNDL42NADJEO6FMOARNN57A.JPG\" width=\"3500\"\/>La aplicaci\u00f3n de Gemini es totalmente gratuita.  REUTERS\/Dado Ruvic\/Illustration\/File Photo<\/p>\n<p class=\"paragraph\">\u201cUna foto de perfil cautivadora inspirada en el K-pop. El sujeto tiene un estilo atrevido y moderno, con toques sutilmente futuristas, pero usando exactamente mis rasgos faciales. Su peinado es una trenza pull-through larga y de un vibrante color p\u00farpura. En lugar de la trenza tradicional de tres mechones, el cabello se va pasando repetidamente por secciones en forma de bucle para crear un acabado m\u00e1s grueso y voluminoso. Las secciones de la trenza se ajustan suavemente o se \u2018aplastan\u2019 para que luzcan m\u00e1s grandes y llenas. El maquillaje es llamativo, con \u00e9nfasis en unos ojos definidos (por ejemplo, delineado marcado y sombras ahumadas) y un color de labios seguro y expresivo. Lleva una chaqueta bomber corta de color amarillo con detalles llamativos sobre un top blanco ajustado, combinada con shorts de mezclilla de tiro alto y botas negras de plataforma. Los accesorios incluyen un collar con dije y anillos \u00fanicos. La pose es din\u00e1mica y carism\u00e1tica, transmitiendo una sensaci\u00f3n de determinaci\u00f3n cool. El fondo muestra una ciudad iluminada con neones o un interior futurista de alta tecnolog\u00eda, reforzando la est\u00e9tica de \u2018cazadora\u2019. La iluminaci\u00f3n es dram\u00e1tica y vibrante, con destellos de luces de colores (como azules el\u00e9ctricos, p\u00farpuras o fucsias) que crean fuertes contrastes y resaltados. Imagen en alta resoluci\u00f3n, fotorrealista, adecuada para una foto de perfil en redes sociales.\u201d<\/p>\n<p><img alt=\"Es importante que la imagen\" class=\"global-image\" decoding=\"async\" fetchpriority=\"low\" height=\"700\" loading=\"lazy\" src=\"https:\/\/www.europesays.com\/es\/wp-content\/uploads\/2025\/11\/L635G2P5NRERVK2LYBCP6R2UWQ.png\" width=\"1200\"\/>Es importante que la imagen propia de referencia sea n\u00edtida y el rostro de la persona se vea muy claro. (Gemini)<\/p>\n<p class=\"paragraph\"><b>Para lograr una transformaci\u00f3n precisa en Rumi, la protagonista de Las Guerreras K-Pop, es fundamental escoger bien la foto que vas a utilizar.<\/b> Elige una imagen en la que tu rostro se vea claramente, con buena iluminaci\u00f3n y fondo neutro. <\/p>\n<p class=\"paragraph\">Evita fotos tomadas desde lejos, con filtros, varias personas, o con objetos que cubran la cara. Procura mirar de frente y mantener una expresi\u00f3n natural, para que la inteligencia artificial de Gemini capture mejor tus rasgos. Cuanta m\u00e1s calidad y nitidez tenga la imagen, m\u00e1s realista y fiel ser\u00e1 el resultado final al personaje.<\/p>\n<p><img alt=\"Es clave utilizar una foto\" class=\"global-image\" decoding=\"async\" fetchpriority=\"low\" height=\"1080\" loading=\"lazy\" src=\"https:\/\/www.europesays.com\/es\/wp-content\/uploads\/2025\/11\/1764417567_264_3TGIH5LFKZCBZDNJ2A5EHU63LM.png\" width=\"1920\"\/>Es clave utilizar una foto en la que el rostro del usuario se vea de forma muy clara.  (Netflix)<\/p>\n<p class=\"paragraph\">Las Guerreras K-Pop narra la historia de Rumi, Mira y Zoey, l\u00edderes del grupo ficticio de k-pop HUNTR\/X. <\/p>\n<p class=\"paragraph\"><b>Adem\u00e1s de destacarse como estrellas del pop coreano, estas j\u00f3venes llevan una doble vida como cazadoras de demonios. <\/b>En el universo de la pel\u00edcula, la m\u00fasica de HUNTR\/X tiene la capacidad de generar un campo de energ\u00eda que protege a la humanidad de los esp\u00edritus malignos.<\/p>\n<p class=\"paragraph\">El conflicto central se desencadena con la aparici\u00f3n de los Saja Boys, una boy band rival integrada en realidad por demonios y encabezada por el carism\u00e1tico y peligroso Jinu. La trama combina acci\u00f3n, fantas\u00eda y m\u00fasica, lo que ha despertado un notable inter\u00e9s en el p\u00fablico.<\/p>\n<p><img alt=\"\u00danicamente en Netflix se encuentra\" class=\"global-image\" decoding=\"async\" fetchpriority=\"low\" height=\"1744\" loading=\"lazy\" src=\"https:\/\/www.europesays.com\/es\/wp-content\/uploads\/2025\/11\/1764417568_566_OG7VUSCUERE3BMKTW5Y7WSC3BQ.JPG\" width=\"2624\"\/>\u00danicamente en Netflix se encuentra disponible esta pel\u00edcula animada. REUTERS\/Claudia Greco<\/p>\n<p class=\"paragraph\"><b>Las Guerreras K-Pop est\u00e1 disponible en espa\u00f1ol en Netflix. <\/b>Se recomienda a los usuarios verla exclusivamente en esta plataforma oficial, lo que garantiza una experiencia legal, segura y con la mejor calidad de imagen y sonido.<\/p>\n<p class=\"paragraph\"><b>La canci\u00f3n principal de Las Guerreras K-Pop es \u2019Golden\u2019 de HUNTR\/X<\/b>, un tema que refleja el esp\u00edritu de la pel\u00edcula al motivar a superar los miedos, aceptar qui\u00e9nes somos y brillar con confianza.<\/p>\n<p class=\"paragraph\">Otra canci\u00f3n destacada es \u2019Soda Pop\u2019, interpretada por los Saja Boys, la banda rival de HUNTR\/X.<\/p>\n","protected":false},"excerpt":{"rendered":"Esta pel\u00edcula toca temas sobre la amistad, la m\u00fasica, amor y familia. (Netflix) Las Guerreras K-Pop es la&hellip;\n","protected":false},"author":2,"featured_media":55052,"comment_status":"","ping_status":"","sticky":false,"template":"","format":"standard","meta":{"footnotes":""},"categories":[170],"tags":[146,147,25,24,406,184,185,23],"class_list":{"0":"post-261995","1":"post","2":"type-post","3":"status-publish","4":"format-standard","5":"has-post-thumbnail","7":"category-musica","8":"tag-entertainment","9":"tag-entretenimiento","10":"tag-es","11":"tag-espana","12":"tag-europe","13":"tag-music","14":"tag-musica","15":"tag-spain"},"share_on_mastodon":{"url":"https:\/\/pubeurope.com\/@es\/115632876731743620","error":""},"_links":{"self":[{"href":"https:\/\/www.europesays.com\/es\/wp-json\/wp\/v2\/posts\/261995","targetHints":{"allow":["GET"]}}],"collection":[{"href":"https:\/\/www.europesays.com\/es\/wp-json\/wp\/v2\/posts"}],"about":[{"href":"https:\/\/www.europesays.com\/es\/wp-json\/wp\/v2\/types\/post"}],"author":[{"embeddable":true,"href":"https:\/\/www.europesays.com\/es\/wp-json\/wp\/v2\/users\/2"}],"replies":[{"embeddable":true,"href":"https:\/\/www.europesays.com\/es\/wp-json\/wp\/v2\/comments?post=261995"}],"version-history":[{"count":0,"href":"https:\/\/www.europesays.com\/es\/wp-json\/wp\/v2\/posts\/261995\/revisions"}],"wp:featuredmedia":[{"embeddable":true,"href":"https:\/\/www.europesays.com\/es\/wp-json\/wp\/v2\/media\/55052"}],"wp:attachment":[{"href":"https:\/\/www.europesays.com\/es\/wp-json\/wp\/v2\/media?parent=261995"}],"wp:term":[{"taxonomy":"category","embeddable":true,"href":"https:\/\/www.europesays.com\/es\/wp-json\/wp\/v2\/categories?post=261995"},{"taxonomy":"post_tag","embeddable":true,"href":"https:\/\/www.europesays.com\/es\/wp-json\/wp\/v2\/tags?post=261995"}],"curies":[{"name":"wp","href":"https:\/\/api.w.org\/{rel}","templated":true}]}}