{"id":261996,"date":"2025-11-29T12:00:16","date_gmt":"2025-11-29T12:00:16","guid":{"rendered":"https:\/\/www.europesays.com\/es\/261996\/"},"modified":"2025-11-29T12:00:16","modified_gmt":"2025-11-29T12:00:16","slug":"la-cineasta-mallorquina-charli-bujosa-coproduce-la-pelicula-flores-para-antonio-protagonizada-por-alba-flores","status":"publish","type":"post","link":"https:\/\/www.europesays.com\/es\/261996\/","title":{"rendered":"La cineasta mallorquina Charli Bujosa coproduce la pel\u00edcula \u2018Flores para Antonio\u2019, protagonizada por Alba Flores"},"content":{"rendered":"<p class=\"ft-text ft-helper-closenews\">\u00abNo hay <strong>ninguna familia como los Flores<\/strong>, aunque todas se parecen a la hora de arrastrar silencios, al no hablar de ciertas cosas. En todas hay asuntos que se han quedado enquistados y a menudo generan mucho dolor\u00bb.<\/p>\n<p class=\"ft-text\">Lo cuenta <a class=\"ft-link ft-link--decoration\" href=\"https:\/\/www.diariodemallorca.es\/cultura\/2024\/02\/09\/premios-goya-2024-mallorquines-nominados-97934491.html\" rel=\"nofollow noopener\" target=\"_blank\"><strong>Charli Bujosa Cort\u00e9s<\/strong><\/a> sobre el documental <strong>Flores para Antonio<\/strong>, que se estren\u00f3 este viernes en cines y recorre la vida y la obra del cantante y compositor de la mano de su hija, la actriz <strong>Alba Flores<\/strong>.<\/p>\n<p class=\"ft-text\">Es tambi\u00e9n la productora creativa junto a un equipo de siete personas en el que se encuentra la cineasta mallorquina nominada a un <strong>Goya<\/strong> en 2024.<\/p>\n<p class=\"ft-text\">\u00ab\u00c9ramos como un engranaje donde cada pieza se sosten\u00eda con la otra en una labor esencial\u00bb, compara Bujosa, que conoc\u00eda a Alba Flores desde hace mucho tiempo y entr\u00f3 a formar parte del proyecto hace dos a\u00f1os \u00abpara ayudar a coordinar, ya que hac\u00edan falta <strong>m\u00e1s mentes, manos y corazones<\/strong> a medida que el proceso fue desarroll\u00e1ndose\u00bb.<\/p>\n<p><img decoding=\"async\" src=\"https:\/\/www.europesays.com\/es\/wp-content\/uploads\/2025\/11\/3cc29f60-f708-40af-bc48-7e244cab471e_alta-libre-aspect-ratio_default_0.jpg\" width=\"1200\" height=\"800\" alt=\"Una imagen antigua de padre e hija\" class=\"ft-helper-img-rd\" loading=\"lazy\"\/><\/p>\n<p class=\"ft-helper-fontColor-quaternary ft-helper-fontSize-body-S ft-helper-spacer-t-xxs\">Una imagen antigua de padre e hija  \/ Flores para Antonio<\/p>\n<p>Muerte hace 30 a\u00f1os<\/p>\n<p class=\"ft-text\">La pel\u00edcula, que ha sido dirigida por <strong>Isaki Lacuesta<\/strong> y <strong>Elena Molina<\/strong>, \u00abest\u00e1 hecha con mucho amor y servir\u00e1 para cerrar una herida que es com\u00fan a todo un pa\u00eds que hace tres d\u00e9cadas comparti\u00f3 el dolor de una familia \u00fanica\u00bb, en palabras de la mallorquina.<\/p>\n<p class=\"ft-text\">Considera que la historia \u00abes muy extrapolable\u00bb, no solo por los citados silencios, sino tambi\u00e9n por ser <strong>intergeneracional<\/strong>.<\/p>\n<p class=\"ft-text\">\u00abHay gente joven que ha venido a verla al preestreno porque conoc\u00eda a Alba Flores (protagoniz\u00f3 <a class=\"ft-link ft-link--decoration\" href=\"https:\/\/www.diariodemallorca.es\/tags\/la-casa-de-papel\/\" rel=\"nofollow noopener\" target=\"_blank\"><strong>La casa de papel<\/strong><\/a> y <a class=\"ft-link ft-link--decoration\" href=\"https:\/\/www.diariodemallorca.es\/tags\/vis-a-vis\/\" rel=\"nofollow noopener\" target=\"_blank\"><strong>Vis a vis<\/strong><\/a>), padres que les atra\u00eda por Antonio Flores y gente mayor que se acerc\u00f3 por la figura de <strong>Lola Flores<\/strong>. Les ha interpelado por razones diferentes, aunque al final todos descubren cosas de la historia de esta familia y parece que est\u00e1 impactando, seg\u00fan las primeras impresiones\u00bb, tal como destaca Charli Bujosa.<\/p>\n<p><img decoding=\"async\" src=\"https:\/\/www.europesays.com\/es\/wp-content\/uploads\/2025\/11\/c06b1b0f-b33b-44ab-9310-725b32bb5d73_alta-libre-aspect-ratio_default_0.jpg\" width=\"1200\" height=\"675\" alt=\"El cartel promocional de la pel\u00edcula\" class=\"ft-helper-img-rd\" loading=\"lazy\"\/><\/p>\n<p class=\"ft-helper-fontColor-quaternary ft-helper-fontSize-body-S ft-helper-spacer-t-xxs\">El cartel promocional de la pel\u00edcula  \/ .<\/p>\n<p>Homenaje<\/p>\n<p class=\"ft-text\">Desde el primer momento, la intenci\u00f3n del equipo creativo era \u00abhacer una pel\u00edcula art\u00edstica, ya que se homenajea a un artista, y que a la vez fuese <strong>llana, accesible y muy sincera<\/strong>\u00bb.<\/p>\n<p class=\"ft-text\">Siente que es su proyecto <strong>\u00abm\u00e1s emotivo\u00bb<\/strong>, pero no el m\u00e1s dif\u00edcil porque han tenido \u00abtodas las puertas abiertas\u00bb, una ingente cantidad de material para documentar la historia y \u00abtiempo para reflexionar sobre c\u00f3mo guiar y montar el documental\u00bb.<\/p>\n<p class=\"ft-text\">Esto ha sido b\u00e1sico, resalta, porque en un principio Isaki Lacuesta y Elena Molina \u00abten\u00edan un guion centrado en Antonio y donde la presencia de Alba era mucho m\u00e1s anecd\u00f3tica. Sin embargo, cuando empezamos a rodar nos dimos cuenta de que <strong>la b\u00fasqueda de una hija para conocer y entender a su padre<\/strong> era un hilo conductor muy l\u00f3gico, honesto y bello\u00bb, detalla sobre un proceso que ha sido un descubrimiento en tiempo real de la figura inmortal de Antonio Flores.<\/p>\n<p class=\"ft-text\">Adem\u00e1s de las grabaciones de la familia, allegados y la televisi\u00f3n, protagonizan el documental las charlas de Alba con sus t\u00edas, <strong>Lolita y Rosario<\/strong>, y quienes conocieron a su padre.<\/p>\n<p class=\"ft-text\">\u00abEl nivel de emotividad era enorme porque grab\u00e1bamos lo que ella averiguaba y, a medida que suced\u00eda, nos \u00edbamos dando cuenta de <strong>lo importante que era romper ese silencio<\/strong> que se hab\u00eda quedado ah\u00ed 30 a\u00f1os\u00bb, desde su muerte dos semanas despu\u00e9s del fallecimiento de la matriarca, <a class=\"ft-link ft-link--decoration\" href=\"https:\/\/www.diariodemallorca.es\/tags\/lola-flores\/\" rel=\"nofollow noopener\" target=\"_blank\"><strong>Lola Flores<\/strong><\/a>.<\/p>\n<p><img decoding=\"async\" src=\"https:\/\/www.europesays.com\/es\/wp-content\/uploads\/2025\/11\/b5d2c8f4-96ca-4d4e-9ba9-cd786f0be15c_alta-libre-aspect-ratio_default_0.jpg\" width=\"1200\" height=\"649\" alt=\"Lola Flores y su hijo\" class=\"ft-helper-img-rd\" loading=\"lazy\"\/><\/p>\n<p class=\"ft-helper-fontColor-quaternary ft-helper-fontSize-body-S ft-helper-spacer-t-xxs\">Lola Flores y su hijo  \/ Flores para Antonio<\/p>\n<p data-close=\"closedContent\" class=\"subscribeHideForDisplay\">Suscr\u00edbete para seguir leyendo<\/p>\n","protected":false},"excerpt":{"rendered":"\u00abNo hay ninguna familia como los Flores, aunque todas se parecen a la hora de arrastrar silencios, al&hellip;\n","protected":false},"author":2,"featured_media":261997,"comment_status":"","ping_status":"","sticky":false,"template":"","format":"standard","meta":{"footnotes":""},"categories":[169],"tags":[1247,65357,1013,65356,177,65358,10773,146,147,25,24,176,9646,175,23],"class_list":{"0":"post-261996","1":"post","2":"type-post","3":"status-publish","4":"format-standard","5":"has-post-thumbnail","7":"category-cine","8":"tag-antonio","9":"tag-bujosa","10":"tag-cartelera","11":"tag-charli","12":"tag-cine","13":"tag-coproduce","14":"tag-critica-de-cine","15":"tag-entertainment","16":"tag-entretenimiento","17":"tag-es","18":"tag-espana","19":"tag-film","20":"tag-flores","21":"tag-movies","22":"tag-spain"},"share_on_mastodon":{"url":"https:\/\/pubeurope.com\/@es\/115632880143409478","error":""},"_links":{"self":[{"href":"https:\/\/www.europesays.com\/es\/wp-json\/wp\/v2\/posts\/261996","targetHints":{"allow":["GET"]}}],"collection":[{"href":"https:\/\/www.europesays.com\/es\/wp-json\/wp\/v2\/posts"}],"about":[{"href":"https:\/\/www.europesays.com\/es\/wp-json\/wp\/v2\/types\/post"}],"author":[{"embeddable":true,"href":"https:\/\/www.europesays.com\/es\/wp-json\/wp\/v2\/users\/2"}],"replies":[{"embeddable":true,"href":"https:\/\/www.europesays.com\/es\/wp-json\/wp\/v2\/comments?post=261996"}],"version-history":[{"count":0,"href":"https:\/\/www.europesays.com\/es\/wp-json\/wp\/v2\/posts\/261996\/revisions"}],"wp:featuredmedia":[{"embeddable":true,"href":"https:\/\/www.europesays.com\/es\/wp-json\/wp\/v2\/media\/261997"}],"wp:attachment":[{"href":"https:\/\/www.europesays.com\/es\/wp-json\/wp\/v2\/media?parent=261996"}],"wp:term":[{"taxonomy":"category","embeddable":true,"href":"https:\/\/www.europesays.com\/es\/wp-json\/wp\/v2\/categories?post=261996"},{"taxonomy":"post_tag","embeddable":true,"href":"https:\/\/www.europesays.com\/es\/wp-json\/wp\/v2\/tags?post=261996"}],"curies":[{"name":"wp","href":"https:\/\/api.w.org\/{rel}","templated":true}]}}