{"id":262024,"date":"2025-11-29T12:23:20","date_gmt":"2025-11-29T12:23:20","guid":{"rendered":"https:\/\/www.europesays.com\/es\/262024\/"},"modified":"2025-11-29T12:23:20","modified_gmt":"2025-11-29T12:23:20","slug":"zootropolis-2-podria-ser-el-ultimo-gran-taquillazo-del-ano","status":"publish","type":"post","link":"https:\/\/www.europesays.com\/es\/262024\/","title":{"rendered":"&#8216;Zootr\u00f3polis 2&#8217; podr\u00eda ser el \u00faltimo gran taquillazo del a\u00f1o"},"content":{"rendered":"<p>Como cada viernes, la cartelera recibe <strong>nuevos y estimulantes estrenos<\/strong> con los que las salas intentar\u00e1n atraer al mayor n\u00famero de espectadores posible. En esta ocasi\u00f3n y tras la resaca triunfal de la primera semana en cines de <a href=\"https:\/\/okdiario.com\/trailer\/wicked-2-vuelve-reinar-taquilla-logra-mas-200-millones-dolares-primer-fin-semana-15815336\" rel=\"nofollow noopener\" target=\"_blank\">Wicked: Parrte dos<\/a>, hoy el patio de butacas acoge con cierto entusiasmo una de las secuelas m\u00e1s esperadas de Disney:<strong> Zootr\u00f3polis 2<\/strong>. Una continuaci\u00f3n que llega casi una d\u00e9cada despu\u00e9s de la primera parte y que seg\u00fan los analistas podr\u00eda convertirse en el \u00faltimo <strong>gran taquillazo del 2025<\/strong> (con el permiso de <a href=\"https:\/\/okdiario.com\/trailer\/james-cameron-tiene-plan-b-si-avatar-3-fracasa-cines-culminacion-arco-argumental-15838589\/amp\" rel=\"nofollow noopener\" target=\"_blank\">Avatar: Fuego y ceniza<\/a>). A continuaci\u00f3n, repasamos <strong>las novedades m\u00e1s relevantes<\/strong> que ya est\u00e1n disponibles en la gran pantalla:<\/p>\n<p>Los estrenos m\u00e1s relevantes del fin de semana\u2018Zootr\u00f3polis 2\u2019<\/p>\n<p><img loading=\"lazy\" decoding=\"async\" class=\"wp-image-15835121 size-medium\" alt=\"Zootr\u00f3polis 2\" width=\"620\" height=\"349\"  src=\"https:\/\/www.europesays.com\/es\/wp-content\/uploads\/2025\/11\/zootropolis-2-pelicula-critica-opinion-6925859884a84_cropped-620x349.jpg\" \/> \u2018Zootr\u00f3polis 2\u2019 (Disney).<\/p>\n<p><strong>Judy y Nick<\/strong> vuelven con un nuevo caso en el que deben seguir la retorcida pista de un reptil que pone patas arriba la ciudad de los mam\u00edferos. Para resolver el misterio, ambos tendr\u00e1n que <strong>recorrer juntos de inc\u00f3gnito<\/strong> algunos de los rincones m\u00e1s inesperados de la ciudad, poniendo a prueba de nuevo su capacidad para trabajar en equipo. Con unos datos de preventa incre\u00edbles, Zootr\u00f3polis 2 aspira a ser el mejor estreno del a\u00f1o.<\/p>\n<p>\u2018N\u00faremberg\u2019<\/p>\n<p><img loading=\"lazy\" decoding=\"async\" class=\"size-medium wp-image-15843275\" alt=\"\" width=\"620\" height=\"349\"  src=\"https:\/\/www.europesays.com\/es\/wp-content\/uploads\/2025\/11\/bkkgya2q3fcpviiwtggiaqmvii_cropped-620x349.jpg\" \/> \u2018N\u00faremberg\u2019 (Sony Pictures Classics).<\/p>\n<p>Tras finalizar la II Guerra mundial, en los juicios de los Aliados contra el derrotado r\u00e9gimen se dio una batalla intelectual entre el psiquiatra estadounidense <strong>Douglas Kelley<\/strong> y <a href=\"https:\/\/okdiario.com\/historia\/quien-fue-hermann-goring-como-libro-horca-8471754\" rel=\"nofollow noopener\" target=\"_blank\"><strong>Hermann G\u00f6ring<\/strong><\/a>, la mano derecha de Hitler. En la contienda se trataba de determinar si los oficiales nazis eran aptos de ser juzgados por sus cr\u00edmenes de guerra.<\/p>\n<p>\u2018Flores para Antonio\u2019<\/p>\n<p><img loading=\"lazy\" decoding=\"async\" class=\"size-medium wp-image-15584694\" alt=\"Flores para Antonio\" width=\"620\" height=\"349\"  src=\"https:\/\/www.europesays.com\/es\/wp-content\/uploads\/2025\/11\/01758905665466_cropped-620x349.jpg\" \/> \u2018Flores para Antonio\u2019 (A Contracorriente Films y Movistar Plus).<\/p>\n<p>Documental dirigido por <strong>Elena Molina e Isaki Lacuesta<\/strong> dedicado a la figura de Antonio Flores. Desde la perspectiva de su hija, Alba Flores, la cinta retrata la b\u00fasqueda y la reconstrucci\u00f3n de qui\u00e9n fue realmente su padre, el cual<strong> falleci\u00f3 a los 33 a\u00f1os<\/strong> cuando ella ten\u00eda s\u00f3lo 8 a\u00f1os.<\/p>\n<p>\u2018La voz de Hind\u2019<\/p>\n<p><img loading=\"lazy\" decoding=\"async\" class=\"size-medium wp-image-15353994\" alt=\"La voz de Hind\" width=\"620\" height=\"349\"  src=\"https:\/\/www.europesays.com\/es\/wp-content\/uploads\/2025\/11\/5_hind_stills_cropped-620x349.jpg\" \/> \u2018La voz de Hind\u2019 (Tanit Films).<\/p>\n<p>Fue una de las grandes revelaciones del <strong>Festival de Venecia<\/strong>. Su apuesta, fervientemente pol\u00edtica, se basa en las grabaciones de una llamada de emergencia de una ni\u00f1a de 6 a\u00f1os que se encuentra atrapada en un coche bajo el fuego de Gaza. Los <strong>voluntarios de la Media Luna Roja<\/strong> har\u00e1n todo lo posible por conseguirle una ambulancia.<\/p>\n<p>\u2018Pu\u00f1ales por la espalda: De entre los muertos\u2019<\/p>\n<p><img loading=\"lazy\" decoding=\"async\" class=\"size-medium wp-image-15794103\" alt=\"Pu\u00f1ales por la espalda 4\" width=\"620\" height=\"349\"  src=\"https:\/\/www.europesays.com\/es\/wp-content\/uploads\/2025\/11\/punales-por-espalda-3_cropped-620x349.jpg\" \/> \u2018Pu\u00f1ales por la espalda: De entre los muertos\u2019 (Netflix).<\/p>\n<p>Tercera entrega de la saga detectivesca de <strong>Rian Johnson<\/strong> en la que el detective Benoit Blanc deber\u00e1 resolver el crimen completamente imposible del l\u00edder espiritual de una iglesia en un peque\u00f1o pueblo y oscuro pueblo g\u00f3tico. Como viene siendo habitual, la franquicia liderada por Daniel Craig se vuelve a conformar con un buen n\u00famero de caras conocidas como <strong>Josh O\u2019Connor, Glenn Close o Jeremy Renner<\/strong>.<\/p>\n<p>\u2018Blue Moon\u2019<\/p>\n<p><img loading=\"lazy\" decoding=\"async\" class=\"wp-image-15843279 size-medium\" alt=\"Zootr\u00f3polis 2\" width=\"620\" height=\"349\"  src=\"https:\/\/www.europesays.com\/es\/wp-content\/uploads\/2025\/11\/blue-moon-pelicula-richard-linklater-ethan-hawke-critica-692486a5e9dc9_cropped-620x349.jpg\" \/> \u2018Blue Moon\u2019 (Sony Pictures Classics).<\/p>\n<p>El magn\u00edfico cineasta Richard Linklater vuelve para regalarnos un drama biogr\u00e1fico sobre el legendario letrista, <strong>Lorenz Hart<\/strong>, quien se enfrenta a su da\u00f1ada autoestima en los a\u00f1os 40, en una noche en la que reflexiona sobre un mundo que ya no valora su talento. El reparto se configura con nombres ilustres de la escena como Ethan Hawke, Margaret Qualley, Bobby Cannavale y Andrew Scott.<\/p>\n","protected":false},"excerpt":{"rendered":"Como cada viernes, la cartelera recibe nuevos y estimulantes estrenos con los que las salas intentar\u00e1n atraer al&hellip;\n","protected":false},"author":2,"featured_media":262025,"comment_status":"","ping_status":"","sticky":false,"template":"","format":"standard","meta":{"footnotes":""},"categories":[169],"tags":[177,146,147,25,24,176,175,23],"class_list":{"0":"post-262024","1":"post","2":"type-post","3":"status-publish","4":"format-standard","5":"has-post-thumbnail","7":"category-cine","8":"tag-cine","9":"tag-entertainment","10":"tag-entretenimiento","11":"tag-es","12":"tag-espana","13":"tag-film","14":"tag-movies","15":"tag-spain"},"share_on_mastodon":{"url":"https:\/\/pubeurope.com\/@es\/115632971115951330","error":""},"_links":{"self":[{"href":"https:\/\/www.europesays.com\/es\/wp-json\/wp\/v2\/posts\/262024","targetHints":{"allow":["GET"]}}],"collection":[{"href":"https:\/\/www.europesays.com\/es\/wp-json\/wp\/v2\/posts"}],"about":[{"href":"https:\/\/www.europesays.com\/es\/wp-json\/wp\/v2\/types\/post"}],"author":[{"embeddable":true,"href":"https:\/\/www.europesays.com\/es\/wp-json\/wp\/v2\/users\/2"}],"replies":[{"embeddable":true,"href":"https:\/\/www.europesays.com\/es\/wp-json\/wp\/v2\/comments?post=262024"}],"version-history":[{"count":0,"href":"https:\/\/www.europesays.com\/es\/wp-json\/wp\/v2\/posts\/262024\/revisions"}],"wp:featuredmedia":[{"embeddable":true,"href":"https:\/\/www.europesays.com\/es\/wp-json\/wp\/v2\/media\/262025"}],"wp:attachment":[{"href":"https:\/\/www.europesays.com\/es\/wp-json\/wp\/v2\/media?parent=262024"}],"wp:term":[{"taxonomy":"category","embeddable":true,"href":"https:\/\/www.europesays.com\/es\/wp-json\/wp\/v2\/categories?post=262024"},{"taxonomy":"post_tag","embeddable":true,"href":"https:\/\/www.europesays.com\/es\/wp-json\/wp\/v2\/tags?post=262024"}],"curies":[{"name":"wp","href":"https:\/\/api.w.org\/{rel}","templated":true}]}}