{"id":262026,"date":"2025-11-29T12:24:11","date_gmt":"2025-11-29T12:24:11","guid":{"rendered":"https:\/\/www.europesays.com\/es\/262026\/"},"modified":"2025-11-29T12:24:11","modified_gmt":"2025-11-29T12:24:11","slug":"previa-real-valladolid-malaga-cf-real-valladolid-cf","status":"publish","type":"post","link":"https:\/\/www.europesays.com\/es\/262026\/","title":{"rendered":"Previa: Real Valladolid &#8211; M\u00e1laga CF | Real Valladolid CF"},"content":{"rendered":"<p class=\"MsoNormal\">Abrir el arco es el principal objetivo de un\u00a0<strong>Real Valladolid<\/strong> atascado en ese sentido. Y es que el Pucela genera, pero no culmina. Por ello, este <strong>s\u00e1bado<\/strong>, desde las <strong>21.00 horas<\/strong>, buscar\u00e1 afinar su punter\u00eda en <strong>Zorrilla<\/strong>, donde recibir\u00e1 a un <strong>M\u00e1laga CF<\/strong> que ya cort\u00f3 su mala racha la jornada pasada.<\/p>\n<p class=\"MsoNormal\">Los de <strong>Guillermo Almada<\/strong> afrontan este duelo con ganas de <strong>levantarse tras las dos \u00faltimas derrotas<\/strong>, por las que contin\u00faa con 20 puntos. La <strong>escuadra malacitana<\/strong> llega a esta <strong>jornada 16 de LaLiga Hypermotion<\/strong> con 18 y tras conseguir una <strong>victoria (3-2) contra el CD Mirand\u00e9s en el minuto 95<\/strong>.<\/p>\n<p class=\"MsoNormal\">El Pucela tratar\u00e1 de dar un paso adelante en casa para hacer de <strong>Zorrilla<\/strong> un <strong>fort\u00edn<\/strong> en el que lograr victorias junto a su afici\u00f3n. Mientras, el <strong>M\u00e1laga CF<\/strong> intentar\u00e1 ponerle las cosas dif\u00edciles, aunque <a href=\"https:\/\/www.realvalladolid.es\/noticias\/cara-a-cara-or-real-valladolid-vs-malaga-cf-25-26\" target=\"_blank\" rel=\"noopener nofollow\"><strong>encadena seis derrotas como visitante<\/strong><\/a>. Por ello, los blanquivioleta deber\u00e1n estar alerta para frenar las acometidas de un rival que tambi\u00e9n buscar\u00e1 cortar esa racha.<\/p>\n<p class=\"MsoNormal\">La <a href=\"https:\/\/www.realvalladolid.es\/noticias\/historia-real-valladolid-malaga-25-26\" target=\"_blank\" rel=\"noopener nofollow\"><strong>historia<\/strong><\/a> entre ambos favorece al <strong>Real Valladolid<\/strong>, que buscar\u00e1 <strong>ampliar su dominio en casa<\/strong>. Sus caminos se cruzaron m\u00e1s en Primera que en <strong>Segunda<\/strong>, donde tan solo hay <strong>dos precedentes en Zorrilla<\/strong>. En ellos, <strong>el Pucela se mantiene invicto merced a una victoria (1-0) en la temporada 2006\/07 y a un empate (1-1) en el duelo m\u00e1s reciente -campa\u00f1a 2021\/22-<\/strong>.<\/p>\n<p class=\"MsoNormal\"><strong>Homenaje a Isa Rivero<\/strong><br \/>Un duelo que ser\u00e1 especial desde los proleg\u00f3menos, cuando <a href=\"https:\/\/www.realvalladolid.es\/noticias\/zorrilla-rinde-homenaje-a-isa-rivero\" target=\"_blank\" rel=\"noopener nofollow\"><strong>Isa Rivero<\/strong><\/a> tenga su merecido homenaje. <strong>La boxeadora vallisoletana, campeona del mundo de peso \u00e1tomo, recibir\u00e1 el cari\u00f1o del p\u00fablico blanquivioleta<\/strong>, a quien ofrecer\u00e1 su cintur\u00f3n obtenido el pasado fin de semana.<\/p>\n<p class=\"MsoNormal\">Un aliciente m\u00e1s para los de <a href=\"https:\/\/www.realvalladolid.es\/noticias\/almada-previa-j16-real-valladolid-malaga-25-26\" target=\"_blank\" rel=\"noopener nofollow\"><strong>Guillermo Almada<\/strong><\/a>, quien dese\u00f3 en la previa lograr el triunfo. \u201c<strong>Queremos ganar y dar una alegr\u00eda a nuestra afici\u00f3n y a nuestras familias<\/strong>. Seguimos tratando de mejorar la l\u00ednea de juego y de ser certeros. <strong>Precisamos ganar y unirnos todos para salir de este momento dif\u00edcil<\/strong>\u201d, se\u00f1al\u00f3.<\/p>\n<p class=\"MsoNormal\">El t\u00e9cnico uruguayo, cuyo segundo <strong>Darwin Quintana cumplir\u00e1 el \u00faltimo partido de sanci\u00f3n<\/strong>, no recupera a ninguno de los lesionados. La <strong>lista de convocados<\/strong> es la siguiente: Aceves, Guilherme, Trilli, Guille Bueno, Torres, Javi S\u00e1nchez, Lachuer, Ten\u00e9s, Meseguer, Latasa, Marcos Andr\u00e9, Amath, Alani, Iv\u00e1n Alejo, Tomeo, Maroto, Biuk, Arnu, Chuki, Ponceau, Peter, Jaouab y Juri\u0107.<\/p>\n<p class=\"MsoNormal\"><strong>Alonso de Ena (Comit\u00e9 Aragon\u00e9s)<\/strong> ser\u00e1 el encargado de dirigir el encuentro, en el que estar\u00e1 <strong>asistido en las bandas por Rub\u00e9n Porras y Silvia Fern\u00e1ndez<\/strong>, y en la <strong>Sala VOR<\/strong> por <strong>Ra\u00fal Mart\u00edn Gonz\u00e1lez<\/strong>. El colegiado, nacido en Zaragoza en 1992, <strong>afronta su primer a\u00f1o en Segunda y nunca ha coincidido con el Real Valladolid<\/strong>, aunque s\u00ed <strong>arbitr\u00f3 al Promesas en El Sardinero frente al Real Racing Club en el curso 2021\/22<\/strong>.<\/p>\n","protected":false},"excerpt":{"rendered":"Abrir el arco es el principal objetivo de un\u00a0Real Valladolid atascado en ese sentido. Y es que el&hellip;\n","protected":false},"author":2,"featured_media":262027,"comment_status":"","ping_status":"","sticky":false,"template":"","format":"standard","meta":{"footnotes":""},"categories":[93],"tags":[168,25,24,23,167],"class_list":{"0":"post-262026","1":"post","2":"type-post","3":"status-publish","4":"format-standard","5":"has-post-thumbnail","7":"category-deportes","8":"tag-deportes","9":"tag-es","10":"tag-espana","11":"tag-spain","12":"tag-sports"},"share_on_mastodon":{"url":"https:\/\/pubeurope.com\/@es\/115632974417661846","error":""},"_links":{"self":[{"href":"https:\/\/www.europesays.com\/es\/wp-json\/wp\/v2\/posts\/262026","targetHints":{"allow":["GET"]}}],"collection":[{"href":"https:\/\/www.europesays.com\/es\/wp-json\/wp\/v2\/posts"}],"about":[{"href":"https:\/\/www.europesays.com\/es\/wp-json\/wp\/v2\/types\/post"}],"author":[{"embeddable":true,"href":"https:\/\/www.europesays.com\/es\/wp-json\/wp\/v2\/users\/2"}],"replies":[{"embeddable":true,"href":"https:\/\/www.europesays.com\/es\/wp-json\/wp\/v2\/comments?post=262026"}],"version-history":[{"count":0,"href":"https:\/\/www.europesays.com\/es\/wp-json\/wp\/v2\/posts\/262026\/revisions"}],"wp:featuredmedia":[{"embeddable":true,"href":"https:\/\/www.europesays.com\/es\/wp-json\/wp\/v2\/media\/262027"}],"wp:attachment":[{"href":"https:\/\/www.europesays.com\/es\/wp-json\/wp\/v2\/media?parent=262026"}],"wp:term":[{"taxonomy":"category","embeddable":true,"href":"https:\/\/www.europesays.com\/es\/wp-json\/wp\/v2\/categories?post=262026"},{"taxonomy":"post_tag","embeddable":true,"href":"https:\/\/www.europesays.com\/es\/wp-json\/wp\/v2\/tags?post=262026"}],"curies":[{"name":"wp","href":"https:\/\/api.w.org\/{rel}","templated":true}]}}