{"id":262028,"date":"2025-11-29T12:25:08","date_gmt":"2025-11-29T12:25:08","guid":{"rendered":"https:\/\/www.europesays.com\/es\/262028\/"},"modified":"2025-11-29T12:25:08","modified_gmt":"2025-11-29T12:25:08","slug":"filas-de-mas-de-una-hora-en-la-vacunacion-frente-a-la-gripe-sin-cita-previa-en-zaragoza-con-la-vacuna-ya-no-hay-fiebres-en-casa-heraldo-es","status":"publish","type":"post","link":"https:\/\/www.europesays.com\/es\/262028\/","title":{"rendered":"Filas de m\u00e1s de una hora en la vacunaci\u00f3n frente a la gripe sin cita previa en Zaragoza: &quot;Con la vacuna ya no hay fiebres en casa&quot; &#8211; heraldo.es"},"content":{"rendered":"<ol>\n<li><a href=\"https:\/\/news.google.com\/rss\/articles\/CBMi6AFBVV95cUxQdUdZTm42TWkwV0RUalNkTXhhaDRfSE9nenRKSUNITGIzY21WLTBjTk5hUzJMd1c3bm1FcFd2YlM5d0k4UU9vQUdjMlJIak9BR0hGekwxdUotNGo3TmUwSWhOT1BhcUVhdVBqTGVjUF9UQjlzYTNDV213akNKc2k5RWdBMkRnQzdLYVR3dEFuTktJaHNOSjdsSXJVVncxVTdJOUJXQXJsbGpoNVpoVkowUGRVU3JBeXV0c1JsR3NOdlNwSmZNN3FoMFBOM3hfM2JUZmZUeUpXNGtka3NzcVhRQVM1WVZlOGcw?oc=5\" target=\"_blank\" rel=\"nofollow noopener\">Filas de m\u00e1s de una hora en la vacunaci\u00f3n frente a la gripe sin cita previa en Zaragoza: \u00abCon la vacuna ya no hay fiebres en casa\u00bb<\/a>&nbsp;&nbsp;heraldo.es<\/li>\n<li><a href=\"https:\/\/news.google.com\/rss\/articles\/CBMijgJBVV95cUxPX1k2VFNYVUVzc1hweXlqZGZTOUZoNlNXbEd5cVFqbFlabE03VlhWeVF4T0FHNTl6NXh1ZmFjZk9Cbjk5S0dVbWdlV1JuVmk1Rmw0aDdTR0VQWWNCd2prQkdOMGcyMC1RLXR3ZFhrQkdLb0dYTzlyX05sYTVVaUhzV3R2LTNlRVVwNFJqVzkzczFabDBaak1vTW5GMVdLTTUtV1BMZGhrQnpJYVV1RndnbzRmbm15T3cwMno3WmlSYTJZcUpSbEZyc2VNUFVSeE1kWUtHQUJTZHROZE1vWVRJRGk1NnBidkFsX2JTMTBhWTZEVjExNTFIc2Npc251eVktdlpWX0k4VVoyWjQzU1HSAY4CQVVfeXFMUHFOSjNKaDBTVWlsR3B3MmVZZlFHbFdiV1dISE9uQWItZHpmbmVvV1p4WTBKMm4wN0FMdm5jcGlPQVVRMUVTSl9KT2VBeU5POTVmWHVHWFRZcFVCT2wzM1h6ZFMzUGtNdnRFWk5aVDZwc2x0ejNFRWNVdFdvUi0zZF91ZjMyWEFZa3UzNFhiSl80dDd5cW84LVRjU0J4cEUySGVxVENXbndfY3RsWklrQ1lKZ3Y2b2JUY01fSjJYTkpQTndid24xX3dfOTVVV0pCNkxscmpPUmZyek50T3RtN0NEbXlHSnozMTJWa19zdFM4Wjk5b1c4TnJjMGFJZnNOTkcwWThmMTBYRF9Qd0N3?oc=5\" target=\"_blank\" rel=\"nofollow noopener\">La gripe ya es epidemia en Espa\u00f1a: Galicia y Valencia se suman a la recomendaci\u00f3n de Arag\u00f3n de usar<\/a>&nbsp;&nbsp;LaSexta<\/li>\n<li><a href=\"https:\/\/news.google.com\/rss\/articles\/CBMikAFBVV95cUxNbm5KSFNLbUFYUWhxVnRfMk1Td1ptUlJabzlWMWsyRHUxSW1uM0MzYllRQnNyU1VyeGR0QzUwbnBuNWF3Z3YtRjNib0thcEw2VG1WZzhGQWloSnVLQXE4c2ZXbzlxby1SeWUzVFg5Q3BpS2RLRk9pX094dFNVa3FVd1FWd0lZa24xdE5fRmhJWGzSAZYBQVVfeXFMUDQ2UmxWWE1mU3V2LXZ1LTZMUkctWVI5ejd3cVBBS2hlVHVVMUlPcGxObXQ1VHRfbFRLUUJEb0VkMGM2amlyNkk5d043VkUybWVYMnpkMlg5SkY4ZXZOYTRDU2U3Nksyb29HZ3ZQWGh0aV9IVllsRTJrVzZXMWJTcjNXOEphd2xvdlN1OVZzUENSd3ZJNGRn?oc=5\" target=\"_blank\" rel=\"nofollow noopener\">La mascarilla vuelve a Espa\u00f1a: Arag\u00f3n la convierte en obligatoria en centros sanitarios para frenar la gripe<\/a>&nbsp;&nbsp;El Confidencial<\/li>\n<li><a href=\"https:\/\/news.google.com\/rss\/articles\/CBMiygFBVV95cUxPb1FCZ1RydEpPbEZCQVAzeE53RFpXck12Vkc2MmhUU0JXS3FaaVB1SmlHYTJLa3liRDlaOExoTzdxblR2enNaTFVwNEVpekNfRXVSRzY3MFNZOFFRZ2VaZEFhbldraDhQa05WdzRScGJLdFltenEzcTJYUHp4MmRLSU1DSWpwckkxUUIyemlLT01jckdRZmREeXRKTksyTkhkTHZ3NVJJUFQzU1I5ZHVlNzNreUxkWWhxWWd2RWZ1aC1VVVkxU182bjNn0gHPAUFVX3lxTE45ZkYxMzQwSjlwTl84akhfeTh4UjZSWTVyMnRKUlhsU3B6dFlKVlgxaXRIN0xXZEQ1Z082ZGo4V1dlZnVJQ1A2NGRZdEhxRjhkZ3J5Z3VUVlpCN2Zlb0tEaWhOaDFoaXBUaVVYa0UtclZFT05oTGRkQXQ2YmJzZ0FoSVd5TWhJZEVXd1kzRDVScHk5ZUtnZ0JIdGVSU1BfMFBad2lFcUlKc0FqS1QxNmtNRXV5b00yY0R5dU05X0RpZjg4UlN4TE5ldmcxcnFZNA?oc=5\" target=\"_blank\" rel=\"nofollow noopener\">M\u00e1s de una hora de espera para vacunarse contra la gripe: \u00abVivo con una persona mayor y es seguridad para los dos\u00bb<\/a>&nbsp;&nbsp;El Espa\u00f1ol<\/li>\n<li><a href=\"https:\/\/news.google.com\/rss\/articles\/CBMipAFBVV95cUxQSDk4UnZoVURtaXY0ZUNiN1g5Y1hqNmV5a3FCODZudU9zRkZXV1hRQzJqc2ZvVFB5ZmZ6NzI0a0Fqb2RIb0k2ckswN0Nxa1dGVjljTDVjZXZCY3ZCdnVaaGJqWDNreUwwQWhMMGg5RElPZGpyNHo5OFpKTWpNSDRZR25NYkFTWFVMakU1RlR6UHJQejFpQWRrRlk5cmRmQmM4N0lRR9IBqgFBVV95cUxNTWdWQlhkS1pHR0ZUSUdaaFhzNDRpWEVuR2lZNzJZU1cyNVF4clFwMFEwcU1qcVJ4RmtsdTViWVc0Zlo5MmtEQkFsQlNKRlV3dWp5WGVvYUVPU0xMRDd6VTlIdzAyMkZSWmFTNktoS1ZOMnRCa1RyVDRpUGZLS013OS1aWHpiSktsczBQV25Jc01nRDNBV2M5alg2Rk53YThpYVZoQzZ6UTV5Zw?oc=5\" target=\"_blank\" rel=\"nofollow noopener\">Los efectos de la epidemia de la gripe en Arag\u00f3n: 250 urgencias en los hospitales y un brote en una residencia con 14 afectados<\/a>&nbsp;&nbsp;El Peri\u00f3dico de Arag\u00f3n<\/li>\n<\/ol>\n","protected":false},"excerpt":{"rendered":"Filas de m\u00e1s de una hora en la vacunaci\u00f3n frente a la gripe sin cita previa en Zaragoza:&hellip;\n","protected":false},"author":2,"featured_media":262029,"comment_status":"","ping_status":"","sticky":false,"template":"","format":"standard","meta":{"footnotes":""},"categories":[92],"tags":[25,24,3419,165,4033,22611,166,23,7589,491],"class_list":{"0":"post-262028","1":"post","2":"type-post","3":"status-publish","4":"format-standard","5":"has-post-thumbnail","7":"category-salud","8":"tag-es","9":"tag-espana","10":"tag-frente","11":"tag-health","12":"tag-largas","13":"tag-previa","14":"tag-salud","15":"tag-spain","16":"tag-vacunacion","17":"tag-zaragoza"},"share_on_mastodon":{"url":"https:\/\/pubeurope.com\/@es\/115632978157169702","error":""},"_links":{"self":[{"href":"https:\/\/www.europesays.com\/es\/wp-json\/wp\/v2\/posts\/262028","targetHints":{"allow":["GET"]}}],"collection":[{"href":"https:\/\/www.europesays.com\/es\/wp-json\/wp\/v2\/posts"}],"about":[{"href":"https:\/\/www.europesays.com\/es\/wp-json\/wp\/v2\/types\/post"}],"author":[{"embeddable":true,"href":"https:\/\/www.europesays.com\/es\/wp-json\/wp\/v2\/users\/2"}],"replies":[{"embeddable":true,"href":"https:\/\/www.europesays.com\/es\/wp-json\/wp\/v2\/comments?post=262028"}],"version-history":[{"count":0,"href":"https:\/\/www.europesays.com\/es\/wp-json\/wp\/v2\/posts\/262028\/revisions"}],"wp:featuredmedia":[{"embeddable":true,"href":"https:\/\/www.europesays.com\/es\/wp-json\/wp\/v2\/media\/262029"}],"wp:attachment":[{"href":"https:\/\/www.europesays.com\/es\/wp-json\/wp\/v2\/media?parent=262028"}],"wp:term":[{"taxonomy":"category","embeddable":true,"href":"https:\/\/www.europesays.com\/es\/wp-json\/wp\/v2\/categories?post=262028"},{"taxonomy":"post_tag","embeddable":true,"href":"https:\/\/www.europesays.com\/es\/wp-json\/wp\/v2\/tags?post=262028"}],"curies":[{"name":"wp","href":"https:\/\/api.w.org\/{rel}","templated":true}]}}