{"id":262034,"date":"2025-11-29T12:28:16","date_gmt":"2025-11-29T12:28:16","guid":{"rendered":"https:\/\/www.europesays.com\/es\/262034\/"},"modified":"2025-11-29T12:28:16","modified_gmt":"2025-11-29T12:28:16","slug":"despidos-en-cadena-punto-y-25","status":"publish","type":"post","link":"https:\/\/www.europesays.com\/es\/262034\/","title":{"rendered":"Despidos en cadena | Punto y 25"},"content":{"rendered":"<p class=\"loc\">Madrid<\/p>\n<p>Internet lleg\u00f3 a nuestras vidas cotidianas en la d\u00e9cada de los noventa del siglo pasado. Todav\u00eda hay jubilados que vieron pasar de refil\u00f3n la digitalizaci\u00f3n en su etapa activa, aunque luego se hayan integrado en ella queriendo o no queriendo.<\/p>\n<p>Los milennials y los centennials no conciben c\u00f3mo sus padres y sus abuelos pod\u00edan trabajar en un mundo anal\u00f3gico, rodeados de papeles.Hasta ahora sab\u00edamos que pese a todo lo que se hab\u00eda avanzado permanec\u00edamos en la etapa de adolescencia de internet.<\/p>\n<p>De repente ha llegado entre nosotros la inteligencia artificial, que puede realizar tareas que al menos aparentemente requieren de la inteligencia humana. Aunque en realidad no fue de repente sino que conviv\u00edamos con ella cada vez m\u00e1s sin darnos cuenta, y ha penetrado como un tif\u00f3n en nuestras vidas.<\/p>\n<p>En este tiempo nos toca hacer balance todos los d\u00edas sobre los efectos positivos y negativos de la inteligencia artificial. Por ejemplo, en la interpretaci\u00f3n del trabajo como forma de vivir.<\/p>\n<p>Mientras administramos esas reflexiones, las grandes compa\u00f1\u00edas tecnol\u00f3gicas como Amazon, Meta, Apple, HP (y aqu\u00ed en Espa\u00f1a, Telef\u00f3nica, aunque tambi\u00e9n por otros motivos) han iniciado una cadena de despidos por la introducci\u00f3n de herramientas vinculadas a la inteligencia artificial.<\/p>\n<p>As\u00ed que por un lado la utilizamos, y por el otro nos resulta profundamente antip\u00e1tica.<\/p>\n","protected":false},"excerpt":{"rendered":"Madrid Internet lleg\u00f3 a nuestras vidas cotidianas en la d\u00e9cada de los noventa del siglo pasado. Todav\u00eda hay&hellip;\n","protected":false},"author":2,"featured_media":262035,"comment_status":"","ping_status":"","sticky":false,"template":"","format":"standard","meta":{"footnotes":""},"categories":[80],"tags":[82,95,94,25,24,23],"class_list":{"0":"post-262034","1":"post","2":"type-post","3":"status-publish","4":"format-standard","5":"has-post-thumbnail","7":"category-economia","8":"tag-business","9":"tag-economia","10":"tag-economy","11":"tag-es","12":"tag-espana","13":"tag-spain"},"share_on_mastodon":{"url":"https:\/\/pubeurope.com\/@es\/115632990133880787","error":""},"_links":{"self":[{"href":"https:\/\/www.europesays.com\/es\/wp-json\/wp\/v2\/posts\/262034","targetHints":{"allow":["GET"]}}],"collection":[{"href":"https:\/\/www.europesays.com\/es\/wp-json\/wp\/v2\/posts"}],"about":[{"href":"https:\/\/www.europesays.com\/es\/wp-json\/wp\/v2\/types\/post"}],"author":[{"embeddable":true,"href":"https:\/\/www.europesays.com\/es\/wp-json\/wp\/v2\/users\/2"}],"replies":[{"embeddable":true,"href":"https:\/\/www.europesays.com\/es\/wp-json\/wp\/v2\/comments?post=262034"}],"version-history":[{"count":0,"href":"https:\/\/www.europesays.com\/es\/wp-json\/wp\/v2\/posts\/262034\/revisions"}],"wp:featuredmedia":[{"embeddable":true,"href":"https:\/\/www.europesays.com\/es\/wp-json\/wp\/v2\/media\/262035"}],"wp:attachment":[{"href":"https:\/\/www.europesays.com\/es\/wp-json\/wp\/v2\/media?parent=262034"}],"wp:term":[{"taxonomy":"category","embeddable":true,"href":"https:\/\/www.europesays.com\/es\/wp-json\/wp\/v2\/categories?post=262034"},{"taxonomy":"post_tag","embeddable":true,"href":"https:\/\/www.europesays.com\/es\/wp-json\/wp\/v2\/tags?post=262034"}],"curies":[{"name":"wp","href":"https:\/\/api.w.org\/{rel}","templated":true}]}}