{"id":262042,"date":"2025-11-29T12:36:31","date_gmt":"2025-11-29T12:36:31","guid":{"rendered":"https:\/\/www.europesays.com\/es\/262042\/"},"modified":"2025-11-29T12:36:31","modified_gmt":"2025-11-29T12:36:31","slug":"espana-sigue-sonando-despierta-en-la-copa-davis-y-se-mete-en-la-final","status":"publish","type":"post","link":"https:\/\/www.europesays.com\/es\/262042\/","title":{"rendered":"Espa\u00f1a sigue so\u00f1ando despierta en la Copa Davis y se mete en la final"},"content":{"rendered":"<p class=\"paragraph\">Despu\u00e9s de un camino arduo, casi incre\u00edble, Espa\u00f1a sigue so\u00f1ando despierta en la Copa Davis. Pelear\u00e1 con Italia en la gran final, la \u00fand\u00e9cima de su historia, la primera en seis a\u00f1os, desde aquel 2019 en el que la &#8216;Armada&#8217; levant\u00f3 su \u00faltima &#8216;Ensaladera&#8217;.<\/p>\n<p class=\"paragraph\">Sin Carlos Alcaraz, con la pol\u00e9mica de Alejandro Davidovich de por medio, con la mayor remontada de la historia en la clasificaci\u00f3n ante Dinamarca en la que levant\u00f3 un punto de partido&#8230; El arduo camino de la &#8216;Armada&#8217; termina en la gran final de la Copa Davis de Bolonia. Partido por el que pocos apostaron, pero que este grupo se ha ganado a pulso.<\/p>\n<p class=\"paragraph\">Rep\u00fablica Checa y Alemania, las v\u00edctimas que desataron la ilusi\u00f3n en otra jornada para el recuerdo. Del &#8216;tie-break&#8217; \u00e9pico de Carre\u00f1o en el primer duelo a la alegr\u00eda colectiva por el triunfo de Marcel Granollers y Pedro Mart\u00ednez. La Copa Davis del Pueblo, ha sido bautizada.<\/p>\n<p class=\"paragraph\"><b>Carre\u00f1o dispara la ilusi\u00f3n<\/b><\/p>\n<p class=\"paragraph\">Con un 6-1 en contra en el &#8216;tie-break&#8217; del segundo set, todo pareci\u00f3 volverse oscuro. Struff estaba creciendo y una victoria en el segundo set pudo haber cambiado las tornas de todo el partido. Pero si algo tiene esta selecci\u00f3n, si algo le sobra a la &#8216;Armada&#8217;, es la fe. Tanto a David Ferrer como al resto. Por supuesto a Carre\u00f1o, ganador de la &#8216;Ensaladera&#8217; en 2019 y bestial en este primer enfrentamiento que coloca el 1-0 en el marcador. Siete puntos seguidos para salvar 5 bolas de set. Una locura. Sin ceder un solo envite (6-4 y 7-6(6)).<\/p>\n<p class=\"paragraph\">Carre\u00f1o volvi\u00f3 a vestirse de h\u00e9roe. Como en Marbella, donde rubric\u00f3 el punto decisivo de la clasificaci\u00f3n para sellar el billete a este final a 8 de Bolonia. Extramotivado por su derrota ante Rep\u00fablica Checa y por ejercer de nuevo como n\u00famero 2 de la &#8216;Armada&#8217;, a la que lleg\u00f3 como quinto hombre, se redimi\u00f3 con una victoria gigante ante los martillazos de Jan-Lennard Struff. Regal\u00f3 a Espa\u00f1a un triunfo que desat\u00f3 las esperanzas de volver a la gran final tras 6 a\u00f1os de ausencia.<\/p>\n<p class=\"paragraph\"><b>Munar topa con Zverev<\/b><\/p>\n<p class=\"paragraph\">Cuando Pablo Carre\u00f1o gan\u00f3 su partido, Munar ya calentaba para enfrentarse al mejor jugador del torneo, el \u00fanico top-10 en Bolonia. Se mentaliz\u00f3 de lo complicado de una victoria que hubiera alcanzado cotas de gesta, pero tener la final tan cerca, a un solo paso, le dio un extra de energ\u00eda con el que exprimi\u00f3 a Zverev, obligado a sobrevivir en dos &#8216;tie-breaks.<\/p>\n<p class=\"paragraph\">Pele\u00f3 con todo el &#8216;M\u00e1gico&#8217; Munar, pero se qued\u00f3 a orillas de lo que hubiera sido una victoria tremenda. Volvi\u00f3 a exhibir su gran nivel en el mejor a\u00f1o de su carrera, pero top\u00f3 con la frialdad y la calidad de un Zverev que jug\u00f3 sin red, obligado a ganar para no quedar eliminado.<\/p>\n<p class=\"paragraph\">Dos &#8216;tie-brekas&#8217; decantaron la balanza a favor del germano (7-6(2) y 7-6(5)). Marcel Granollers y Pedro Mart\u00ednez, como ante Rep\u00fablica Checa, tuvieron el pase a la gran final en sus manos. Enfrente, una pareja establecida, ganadora de la Copa de Maestros en 2024 y participante en este \u00faltima edici\u00f3n, formada por Tim Puetz y Kevin Krawietz.<\/p>\n<p class=\"paragraph\"><b>Granollers y Pedro<\/b><\/p>\n<p class=\"paragraph\">Otra vez, el destino de la &#8216;Armada&#8217; qued\u00f3 en sus manos. El orden de los factores no cambi\u00f3 el resultado. De la derrota de Carre\u00f1o y victoria de Munar ante Rep\u00fablica Checa, se pas\u00f3 a la victoria del asturiano y la derrota del balear ante Alemania. El partido decisivo, siempre el suyo.<\/p>\n<p class=\"paragraph\">Lo iniciaron por todo lo alto. Con la energ\u00eda de quien encara la posibilidad de una final que nadie esperaba. Con el recuerdo de Marbella en la retina. Con el aplomo de quien afronta un reto tan complicado como Alemania. Con Granollers, ganador de dos &#8216;Grand Slam&#8217; este curso, Roland Garros y Estados Unidos; y Mart\u00ednez, el talism\u00e1n de la &#8216;Armada&#8217;, ganador siempre que se puso la camiseta de la selecci\u00f3n este 2025 pese a que no ganaba desde septiembre.<\/p>\n<p class=\"paragraph\">Con ese poso, con ese pasado, con esa necesidad, En poco m\u00e1s de 15 minutos, Granollers y Mart\u00ednez se colocaron 4-0 arriba. Se agenciaron el set con facilidad. Alemania se llev\u00f3 el segundo. Y en el tercero, Pedro Mart\u00ednez, el hombre m\u00e1s fiable con la camiseta de Espa\u00f1a, finiquit\u00f3 la gesta en la red, con un mate que torn\u00f3 r\u00e1pidamente en un abrazo colectivo.<\/p>\n<p class=\"paragraph\">Jaume Munar, Pablo Carre\u00f1o, Marcel Granollers y Pedro Mart\u00ednez. Los nombres propios de la Copa Davis que pelear\u00e1n con la gran campeona, Italia, por la &#8216;Ensaladera&#8217;.<\/p>\n","protected":false},"excerpt":{"rendered":"Despu\u00e9s de un camino arduo, casi incre\u00edble, Espa\u00f1a sigue so\u00f1ando despierta en la Copa Davis. Pelear\u00e1 con Italia&hellip;\n","protected":false},"author":2,"featured_media":262043,"comment_status":"","ping_status":"","sticky":false,"template":"","format":"standard","meta":{"footnotes":""},"categories":[274],"tags":[1660,13877,168,25,24,9582,3313,23,167,327,326],"class_list":{"0":"post-262042","1":"post","2":"type-post","3":"status-publish","4":"format-standard","5":"has-post-thumbnail","7":"category-tenis","8":"tag-alemania","9":"tag-copa-davis","10":"tag-deportes","11":"tag-es","12":"tag-espana","13":"tag-pablo-carreno","14":"tag-republica-checa","15":"tag-spain","16":"tag-sports","17":"tag-tenis","18":"tag-tennis"},"share_on_mastodon":{"url":"https:\/\/pubeurope.com\/@es\/115633021434222617","error":""},"_links":{"self":[{"href":"https:\/\/www.europesays.com\/es\/wp-json\/wp\/v2\/posts\/262042","targetHints":{"allow":["GET"]}}],"collection":[{"href":"https:\/\/www.europesays.com\/es\/wp-json\/wp\/v2\/posts"}],"about":[{"href":"https:\/\/www.europesays.com\/es\/wp-json\/wp\/v2\/types\/post"}],"author":[{"embeddable":true,"href":"https:\/\/www.europesays.com\/es\/wp-json\/wp\/v2\/users\/2"}],"replies":[{"embeddable":true,"href":"https:\/\/www.europesays.com\/es\/wp-json\/wp\/v2\/comments?post=262042"}],"version-history":[{"count":0,"href":"https:\/\/www.europesays.com\/es\/wp-json\/wp\/v2\/posts\/262042\/revisions"}],"wp:featuredmedia":[{"embeddable":true,"href":"https:\/\/www.europesays.com\/es\/wp-json\/wp\/v2\/media\/262043"}],"wp:attachment":[{"href":"https:\/\/www.europesays.com\/es\/wp-json\/wp\/v2\/media?parent=262042"}],"wp:term":[{"taxonomy":"category","embeddable":true,"href":"https:\/\/www.europesays.com\/es\/wp-json\/wp\/v2\/categories?post=262042"},{"taxonomy":"post_tag","embeddable":true,"href":"https:\/\/www.europesays.com\/es\/wp-json\/wp\/v2\/tags?post=262042"}],"curies":[{"name":"wp","href":"https:\/\/api.w.org\/{rel}","templated":true}]}}