{"id":262044,"date":"2025-11-29T12:39:12","date_gmt":"2025-11-29T12:39:12","guid":{"rendered":"https:\/\/www.europesays.com\/es\/262044\/"},"modified":"2025-11-29T12:39:12","modified_gmt":"2025-11-29T12:39:12","slug":"asi-esta-la-carrera-por-el-mvp-de-la-liga-endesa","status":"publish","type":"post","link":"https:\/\/www.europesays.com\/es\/262044\/","title":{"rendered":"As\u00ed est\u00e1 la carrera por el MVP de la Liga Endesa"},"content":{"rendered":"<p>Repasamos los jugadores m\u00e1s destacados y candidatos al MVP tras los primeros meses de Liga Endesa<\/p>\n<p>La Liga Endesa ha llegado a su primer par\u00f3n de la temporada por la disputa de las ventanas FIBA de clasificaci\u00f3n para el Mundial 2027. Un buen momento para pasar revista a los dos primeros meses de temporada y las 8 jornadas disputadas destacando a aquellos jugadores que pueden considerarse como principales aspirantes a MVP de la temporada.<\/p>\n<p>\u00bfQu\u00e9 jugadores est\u00e1n siendo los m\u00e1s destacados del arranque de la temporada? \u00bfQui\u00e9nes son los principales aspirantes a MVP? Repasamos los distintos candidatos, n\u00fameros y puntos a favor para sus candidaturas.<\/p>\n<p>MVP Liga Endesa 25\/26<\/p>\n<p>Ante Tomic<\/p>\n<p>Uno de los finalistas del MVP de la pasada temporada que vuelve a pujar fuerte por llevarse el galard\u00f3n. Ante Tomic ha iniciado la temporada con su regularidad habitual siendo capaz de firmar 6 de los 8 primeros partidos con una valoraci\u00f3n de 20 o m\u00e1s coloc\u00e1ndose 3\u00ba en el ranking y sumando al Joventut Badalona <strong>14.1 puntos, 6.3 rebotes y 2.5 asistencias<\/strong>. Sus media rivalizan con las de su brillante pasada campa\u00f1a\u2026 <strong>jugando 5 minutos menos<\/strong> de media y no habiendo sigo titular en ninguno de los encuentros. Sobresaliente.<\/p>\n<p>Giorgi Shermadini<\/p>\n<p>Despu\u00e9s de un a\u00f1o habiendo cedido el testigo a Marcelinho Huertas, el georgiano vuelve a ser en este arranque de temporada 25\/26 una de las referencias de la Liga Endesa. El dos veces MVP es tras las primeras 8 jornadas el <strong>jugador m\u00e1s valorado de la competici\u00f3n (22.8), es el 4\u00ba en anotaci\u00f3n (16.3)<\/strong> y el jugador de la competici\u00f3n que m\u00e1s canastas de 2 anota (5.8). Todo ello con un <strong>salvaje 77% en tiros de 2 y un 90% en tiros libres<\/strong>. Si mantiene este nivel de valoraci\u00f3n ser\u00eda la mejor campa\u00f1a de su carrera en la Liga Endesa (22.6 en la 19\/20 con La Laguna Tenerife) <\/p>\n<p>Jaime Pradilla<\/p>\n<p>El Valencia Basket descansa en el liderato de la Liga Endesa durante este par\u00f3n gracias a su formidable balance de 7-1 con un +123 (empatado con el Madrid al que pr\u00e1cticamente dobla en el average con +67) y con un destacado juego en equipo, pero si hubiese que destacar a un jugador en este arranque de temporada ser\u00eda Jaime Pradilla. El ala-p\u00edvot es el 6\u00ba jugador m\u00e1s valorado de la Liga Endesa con <strong>11.8 puntos, 5.4 rebotes y 2.9 asistencias en apenas 22 minutos de juego con un 77% en tiros de 2, un 50% en triples y 18.1 de valoraci\u00f3n<\/strong> media. Sus partidos m\u00e1s destacados fueron en las primeras jornadas antes de la llegada de Key, pero la lesi\u00f3n de este puede volver a darle un plus para poder brillar en su rendimiento individual. <\/p>\n<p>David DeJulius<\/p>\n<p>El arranque de temporada del UCAM Murcia, 3\u00bas en el par\u00f3n de las ventanas FIBA es una de las grandes noticias del inicio de la 25\/26. Y parte de ese gran rendimiento hasta la fecha la tiene David DeJulius. El base est\u00e1 siendo algo irregular en su anotaci\u00f3n, pero cuando tiene el d\u00eda ha demostrado ser imparable con 26 puntos contra La Laguna Tenerife, 25 frente a Baskonia o 22 con 25 de valoraci\u00f3n contra el BAXI Manresa. Si el UCAM Murcia se mantiene arriba y el base es capaz de mantener o incluso mejorar sus 15.8 puntos, 4.1 asistencias y 15.5 de valoraci\u00f3n puede ser un serio candidato a estar en la pelea. <\/p>\n<p>Edy Tavares<\/p>\n<p>MVP de la jornada 4 de la Liga Endesa, 5\u00ba jugador m\u00e1s valorado, l\u00edder en tapones (3.3) doblando en media a todos sus rivales salvo Kur Kuath (2), 4\u00ba en rebotes\u2026 Tavares vuelve a ser el claro favorito a llevarse el mejor defensor de la Liga Endesa pero quiz\u00e1 pueda aspirar tambi\u00e9n a ser el MVP de la competici\u00f3n. Est\u00e1 siendo el jugador m\u00e1s regular del Real Madrid, col\u00edder junto al Valencia Basket mientras que otros compa\u00f1eros como Maledon se ha llevado el MVP del mes de noviembre en la Liga Endesa. <\/p>\n<p>El top 10 lo completar\u00edan:<\/p>\n<p><strong>Santi Yusta<\/strong> -&gt; Por rendimiento individual, co-l\u00edder en las categor\u00edas de m\u00e1s valorado (22.8) y m\u00e1ximo anotador (18.8), Yusta podr\u00eda ser perfectamente uno de los candidatos a MVP de la Liga Endesa pero el balance del Casademont Zaragoza con un 2-6 hasta la fecha en el puesto 16\u00ba merma notablemente sus opciones de poder pelear por el mismo. Recordemos que en los \u00faltimos 23 a\u00f1os solo Dzanan Musa se ha llevado el MVP de la Liga Endesa sin que su equipo entrase en los playoffs.<\/p>\n<p><strong>Ricky Rubio<\/strong> -&gt; Regreso a casa e impacto inmediato el de Ricky Rubio en la Penya. 13.5 puntos, 5 asistencias, 3.5 rebotes y 17.5 de valoraci\u00f3n en 21 minutos de juego. Tomic est\u00e1 siendo un seguro de vida para el Joventut pero el base no se queda lejos.<\/p>\n<p><strong>Marcelinho Huertas<\/strong> -&gt; El MVP de la pasada campa\u00f1a ha arrancado este a\u00f1o con un notable rendimiento individual: 16.6 puntos por partido, 6.6 asistencias (l\u00edder de la Liga Endesa) y 18 de valoraci\u00f3n. Como en el caso de Ricky algo por detr\u00e1s de la aportaci\u00f3n de su compa\u00f1ero Shermadini, pero pudiendo unirse a la pelea.<\/p>\n<p><strong>Olek Balcerowski<\/strong> -&gt; El Unicaja no ha arrancado la temporada con tanta solvencia como otras temporadas pasadas, pero se ha metido 6\u00ba en la clasificaci\u00f3n como \u00fanico equipo con un balance de 5-3 y con un Balcerowski muy s\u00f3lido en su segundo a\u00f1o con los malague\u00f1os. 12.4 puntos, 14.6 de valoraci\u00f3n, 67% en tiros de campo y un paso adelante muy necesario ante la lesi\u00f3n de David Kravish y antes de la <a href=\"https:\/\/www.gigantes.com\/liga-endesa\/quien-es-augustine-rubit\/\" rel=\"nofollow noopener\" target=\"_blank\">llegada de Rubit<\/a>. <\/p>\n<p><strong>Tornike Shengelia<\/strong> -&gt; Muy abierto el 10\u00ba puesto de la lista entre jugadores con buenos n\u00fameros y un balance negativo en lo colectivo (Bozic o Melwin Pantzar) o un jugador en puesto de playoffs y con margen de mejora por delante (Shengelia). El georgiano no ha terminado de ser el jugador m\u00e1s regular de los cul\u00e9s hasta la fecha pero le vale para rozar el top 10 en valoraci\u00f3n de la Liga Endesa (15.3) sumando 13.8 puntos por encuentro y habiendo sido diferencial en victorias del Bar\u00e7a como ante el Unicaja (18 puntos) o el Baskonia (20 de valoraci\u00f3n). <\/p>\n<p class=\"has-text-align-right\">acb Photo<\/p>\n<p>\t\t\t\t\t\t<a href=\"https:\/\/www.gigantes.com\/tienda\/hemeroteca\/especial-40-aniversario-gigantes-del-basket-no-1-562-noviembre-2025\/\" target=\"_blank\" rel=\"noopener nofollow\"><br \/>\n\t\t\t\t\t\t\t<img decoding=\"async\" src=\"https:\/\/www.europesays.com\/es\/wp-content\/uploads\/2025\/11\/cropped-40.jpg\" alt=\"cropped-40.jpg\"\/><br \/>\n\t\t\t\t\t\t<\/a><\/p>\n<p class=\"magazine-meta\">\n\t\t\t\t\t\t\t\t\t\t\t\t\t\t\t\t\t1562<br \/>\n\t\t\t\t\t\t\t\t\t\t\t\t\t\t\t\t\t\t\t\t\t\t\t\t\t |<br \/>\n\t\t\t\t\t\t\t\t\t\t\t\t\t\t\t\t\t\t\t\t\t\t\t\t\tNoviembre 2025\n\t\t\t\t\t\t\t\t\t\t\t\t\t\t\t<\/p>\n<p class=\"magazine-description\">Testigos del baloncesto. Cumplimos 40 a\u00f1os. Una edici\u00f3n diferente, llena de curiosidades, opiniones, gui\u00f1os, historia y cari\u00f1o. Cuatro d\u00e9cadas fusionando basket y papel.<\/p>\n<p>\t\t\t\t\t<a href=\"https:\/\/www.gigantes.com\/tienda\/hemeroteca\/especial-40-aniversario-gigantes-del-basket-no-1-562-noviembre-2025\/\" class=\"btn-primary\" target=\"_blank\" rel=\"noopener nofollow\">Comprar<\/a><\/p>\n<p><img decoding=\"async\" src=\"https:\/\/www.europesays.com\/es\/wp-content\/uploads\/2025\/09\/1757543349_382_mtracking.gif\" alt=\"Etiquetas de Mautic\" style=\"display:none;\"\/><\/p>\n","protected":false},"excerpt":{"rendered":"Repasamos los jugadores m\u00e1s destacados y candidatos al MVP tras los primeros meses de Liga Endesa La Liga&hellip;\n","protected":false},"author":2,"featured_media":262045,"comment_status":"","ping_status":"","sticky":false,"template":"","format":"standard","meta":{"footnotes":""},"categories":[269],"tags":[299,298,168,25,24,23,167],"class_list":{"0":"post-262044","1":"post","2":"type-post","3":"status-publish","4":"format-standard","5":"has-post-thumbnail","7":"category-baloncesto","8":"tag-baloncesto","9":"tag-basketball","10":"tag-deportes","11":"tag-es","12":"tag-espana","13":"tag-spain","14":"tag-sports"},"share_on_mastodon":{"url":"https:\/\/pubeurope.com\/@es\/115633033722933354","error":""},"_links":{"self":[{"href":"https:\/\/www.europesays.com\/es\/wp-json\/wp\/v2\/posts\/262044","targetHints":{"allow":["GET"]}}],"collection":[{"href":"https:\/\/www.europesays.com\/es\/wp-json\/wp\/v2\/posts"}],"about":[{"href":"https:\/\/www.europesays.com\/es\/wp-json\/wp\/v2\/types\/post"}],"author":[{"embeddable":true,"href":"https:\/\/www.europesays.com\/es\/wp-json\/wp\/v2\/users\/2"}],"replies":[{"embeddable":true,"href":"https:\/\/www.europesays.com\/es\/wp-json\/wp\/v2\/comments?post=262044"}],"version-history":[{"count":0,"href":"https:\/\/www.europesays.com\/es\/wp-json\/wp\/v2\/posts\/262044\/revisions"}],"wp:featuredmedia":[{"embeddable":true,"href":"https:\/\/www.europesays.com\/es\/wp-json\/wp\/v2\/media\/262045"}],"wp:attachment":[{"href":"https:\/\/www.europesays.com\/es\/wp-json\/wp\/v2\/media?parent=262044"}],"wp:term":[{"taxonomy":"category","embeddable":true,"href":"https:\/\/www.europesays.com\/es\/wp-json\/wp\/v2\/categories?post=262044"},{"taxonomy":"post_tag","embeddable":true,"href":"https:\/\/www.europesays.com\/es\/wp-json\/wp\/v2\/tags?post=262044"}],"curies":[{"name":"wp","href":"https:\/\/api.w.org\/{rel}","templated":true}]}}