{"id":262050,"date":"2025-11-29T12:42:10","date_gmt":"2025-11-29T12:42:10","guid":{"rendered":"https:\/\/www.europesays.com\/es\/262050\/"},"modified":"2025-11-29T12:42:10","modified_gmt":"2025-11-29T12:42:10","slug":"el-museo-del-louvre-aumentara-un-45-el-precio-de-la-entrada-para-visitantes-no-europeos","status":"publish","type":"post","link":"https:\/\/www.europesays.com\/es\/262050\/","title":{"rendered":"El Museo del Louvre aumentar\u00e1 un 45 % el precio de la entrada para visitantes no europeos"},"content":{"rendered":"<p>      CNN<br \/>\n        \u00a0\u2014\u00a0<\/p>\n<p class=\"paragraph inline-placeholder vossi-paragraph\" data-uri=\"es.cms.cnn.com\/_components\/paragraph\/instances\/cmik2qokb00f926qf6puu0btx@published\" data-editable=\"text\" data-component-name=\"paragraph\" data-article-gutter=\"true\">\n            La visita al <a href=\"https:\/\/www.cnn.com\/2025\/10\/23\/europe\/france-louvre-director-heist-intl-hnk\" rel=\"nofollow noopener\" target=\"_blank\">museo del Louvre<\/a> en <a href=\"https:\/\/cnn.com\/2025\/11\/19\/europe\/louvre-heist-robbery-suspects-thieves\" rel=\"nofollow noopener\" target=\"_blank\">Par\u00eds<\/a> ser\u00e1 significativamente m\u00e1s cara para los viajeros de fuera de Europa, seg\u00fan un anuncio de las autoridades de que planean aumentar el precio de las entradas en un 45 %.\n    <\/p>\n<p class=\"paragraph inline-placeholder vossi-paragraph\" data-uri=\"es.cms.cnn.com\/_components\/paragraph\/instances\/cmik2skvp0005356nkwntrwu8@published\" data-editable=\"text\" data-component-name=\"paragraph\" data-article-gutter=\"true\">\n            A partir del 14 de enero de 2026, una entrada individual para visitantes de fuera del Espacio Econ\u00f3mico Europeo (EEE) \u2014un grupo de naciones que incluye a los estados miembros de la Uni\u00f3n Europea m\u00e1s Islandia, Liechtenstein y Noruega\u2014 costar\u00e1 32 euros (US$ 37), inform\u00f3 un portavoz del Louvre a CNN el viernes.\n    <\/p>\n<p class=\"paragraph inline-placeholder vossi-paragraph\" data-uri=\"es.cms.cnn.com\/_components\/paragraph\/instances\/cmik2skvp0006356nsxzv00z7@published\" data-editable=\"text\" data-component-name=\"paragraph\" data-article-gutter=\"true\">\n            Quienes visiten el lugar en grupo con gu\u00eda deber\u00e1n pagar 28 euros (US$ 32,40) por persona.\n    <\/p>\n<p>       <img decoding=\"async\" src=\"https:\/\/www.europesays.com\/es\/wp-content\/uploads\/2025\/11\/gettyimages-2156728348-20251129092827337.jpg\" alt=\"El Louvre es el museo m\u00e1s visitado del mundo.\" class=\"image__dam-img image__dam-img--loading\" onload=\"this.classList.remove('image__dam-img--loading')\" onerror=\"imageLoadError(this)\" height=\"574\" width=\"860\" loading=\"lazy\"\/><\/p>\n<p class=\"paragraph inline-placeholder vossi-paragraph\" data-uri=\"es.cms.cnn.com\/_components\/paragraph\/instances\/cmik2skvq0009356ncvr9bd7h@published\" data-editable=\"text\" data-component-name=\"paragraph\" data-article-gutter=\"true\">\n            Se espera que los aumentos de precios aporten entre 15 y 20 millones de euros adicionales (alrededor de US$ 17 y US$ 23 millones) al a\u00f1o, que se invertir\u00e1n en \u201cmodernizar y mejorar el Louvre para abordar los problemas estructurales que enfrenta el museo\u201d, dijo el portavoz.\n    <\/p>\n<p class=\"paragraph inline-placeholder vossi-paragraph\" data-uri=\"es.cms.cnn.com\/_components\/paragraph\/instances\/cmik2skvq000a356neir7bg07@published\" data-editable=\"text\" data-component-name=\"paragraph\" data-article-gutter=\"true\">\n            Construido a partir de finales del siglo XII, el Palacio del Louvre fue la residencia oficial de los reyes de Francia durante siglos. La decisi\u00f3n de Luis XIV de trasladar su corte a Versalles, a las afueras de la capital francesa, permiti\u00f3 la fundaci\u00f3n del Museo del Louvre en 1793.\n    <\/p>\n<p class=\"paragraph inline-placeholder vossi-paragraph\" data-uri=\"es.cms.cnn.com\/_components\/paragraph\/instances\/cmik2skvq000b356n7x1eqvfn@published\" data-editable=\"text\" data-component-name=\"paragraph\" data-article-gutter=\"true\">\n            Desde entonces, se ha convertido en el museo m\u00e1s visitado del mundo y en un punto cultural destacado de cualquier estancia en Par\u00eds.\n    <\/p>\n<p class=\"paragraph inline-placeholder vossi-paragraph\" data-uri=\"es.cms.cnn.com\/_components\/paragraph\/instances\/cmik2skvq000e356nw6nsvpbi@published\" data-editable=\"text\" data-component-name=\"paragraph\" data-article-gutter=\"true\">\n            El a\u00f1o pasado, el Louvre recibi\u00f3 8,7 millones de visitantes, de los cuales los turistas estadounidenses representaron el 13 % del total, s\u00f3lo superados por los franceses.\n    <\/p>\n<p class=\"paragraph inline-placeholder vossi-paragraph\" data-uri=\"es.cms.cnn.com\/_components\/paragraph\/instances\/cmik2skvq000f356ndzkzpuir@published\" data-editable=\"text\" data-component-name=\"paragraph\" data-article-gutter=\"true\">\n            Pero las grandes multitudes que entran por las puertas del museo cada d\u00eda han puesto a prueba el edificio centenario y a su personal.\n    <\/p>\n<p class=\"paragraph inline-placeholder vossi-paragraph\" data-uri=\"es.cms.cnn.com\/_components\/paragraph\/instances\/cmik2skvq000g356ng76ii7pd@published\" data-editable=\"text\" data-component-name=\"paragraph\" data-article-gutter=\"true\">\n            Otros problemas incluyen medidas de seguridad inadecuadas, que quedaron expuestas de manera espectacular el 19 de octubre durante un audaz robo a plena luz del d\u00eda en el que cuatro hombres sustrajeron joyas hist\u00f3ricas de valor incalculable.\n    <\/p>\n<p class=\"paragraph inline-placeholder vossi-paragraph\" data-uri=\"es.cms.cnn.com\/_components\/paragraph\/instances\/cmik2skvq000h356nq1s1ppnn@published\" data-editable=\"text\" data-component-name=\"paragraph\" data-article-gutter=\"true\">\n            Estas deficiencias fueron descritas en un informe publicado por un tribunal franc\u00e9s el 6 de noviembre, que critic\u00f3 a la direcci\u00f3n del Louvre por centrarse en compras que acaparan titulares y proyectos de renovaci\u00f3n en lugar de mantener la seguridad de uno de los museos m\u00e1s grandes del mundo.\n    <\/p>\n<p class=\"paragraph inline-placeholder vossi-paragraph\" data-uri=\"es.cms.cnn.com\/_components\/paragraph\/instances\/cmik2skvq000k356n1okonqlr@published\" data-editable=\"text\" data-component-name=\"paragraph\" data-article-gutter=\"true\">\n            Pierre Moscovici, presidente del Tribunal de Cuentas, autor del informe, declar\u00f3 a los periodistas que el robo fue una \u201cse\u00f1al de alarma ensordecedora\u201d para el museo.\n    <\/p>\n<p class=\"paragraph inline-placeholder vossi-paragraph\" data-uri=\"es.cms.cnn.com\/_components\/paragraph\/instances\/cmik2skvq000l356nbzrrcqyv@published\" data-editable=\"text\" data-component-name=\"paragraph\" data-article-gutter=\"true\">\n            Sin embargo, el plan de introducir precios de entradas m\u00e1s altos para los visitantes no pertenecientes al EEE es anterior al robo, tal como lo anunci\u00f3 la ministra de cultura francesa, Rachida Dati, a principios de este a\u00f1o.<strong\/>\n    <\/p>\n<p class=\"paragraph inline-placeholder vossi-paragraph\" data-uri=\"es.cms.cnn.com\/_components\/paragraph\/instances\/cmik2skvq000m356n7t293155@published\" data-editable=\"text\" data-component-name=\"paragraph\" data-article-gutter=\"true\">\n            Medidas similares se aplicar\u00e1n tambi\u00e9n en otras atracciones, como el Palacio de Versalles, la Sainte Chapelle de Par\u00eds y el Castillo de Chambord en el Valle del Loira, seg\u00fan el portavoz.\n    <\/p>\n<p class=\"paragraph inline-placeholder vossi-paragraph\" data-uri=\"es.cms.cnn.com\/_components\/paragraph\/instances\/cmik2skvq000n356ni1ej81qy@published\" data-editable=\"text\" data-component-name=\"paragraph\" data-article-gutter=\"true\">\n            Joseph Ataman, Caitlin Danaher y Camille Knight de CNN contribuyeron a este informe.\n    <\/p>\n","protected":false},"excerpt":{"rendered":"CNN \u00a0\u2014\u00a0 La visita al museo del Louvre en Par\u00eds ser\u00e1 significativamente m\u00e1s cara para los viajeros de&hellip;\n","protected":false},"author":2,"featured_media":262051,"comment_status":"","ping_status":"","sticky":false,"template":"","format":"standard","meta":{"footnotes":""},"categories":[173],"tags":[229,233,231,230,232,234,146,4401,147,25,24,41530,23,65361],"class_list":{"0":"post-262050","1":"post","2":"type-post","3":"status-publish","4":"format-standard","5":"has-post-thumbnail","7":"category-arte-y-diseno","8":"tag-arte","9":"tag-arte-y-diseno","10":"tag-arts","11":"tag-arts-and-design","12":"tag-design","13":"tag-diseno","14":"tag-entertainment","15":"tag-entradas","16":"tag-entretenimiento","17":"tag-es","18":"tag-espana","19":"tag-museo-del-louvre","20":"tag-spain","21":"tag-visitantes-no-europeos"},"share_on_mastodon":{"url":"https:\/\/pubeurope.com\/@es\/115633045133521443","error":""},"_links":{"self":[{"href":"https:\/\/www.europesays.com\/es\/wp-json\/wp\/v2\/posts\/262050","targetHints":{"allow":["GET"]}}],"collection":[{"href":"https:\/\/www.europesays.com\/es\/wp-json\/wp\/v2\/posts"}],"about":[{"href":"https:\/\/www.europesays.com\/es\/wp-json\/wp\/v2\/types\/post"}],"author":[{"embeddable":true,"href":"https:\/\/www.europesays.com\/es\/wp-json\/wp\/v2\/users\/2"}],"replies":[{"embeddable":true,"href":"https:\/\/www.europesays.com\/es\/wp-json\/wp\/v2\/comments?post=262050"}],"version-history":[{"count":0,"href":"https:\/\/www.europesays.com\/es\/wp-json\/wp\/v2\/posts\/262050\/revisions"}],"wp:featuredmedia":[{"embeddable":true,"href":"https:\/\/www.europesays.com\/es\/wp-json\/wp\/v2\/media\/262051"}],"wp:attachment":[{"href":"https:\/\/www.europesays.com\/es\/wp-json\/wp\/v2\/media?parent=262050"}],"wp:term":[{"taxonomy":"category","embeddable":true,"href":"https:\/\/www.europesays.com\/es\/wp-json\/wp\/v2\/categories?post=262050"},{"taxonomy":"post_tag","embeddable":true,"href":"https:\/\/www.europesays.com\/es\/wp-json\/wp\/v2\/tags?post=262050"}],"curies":[{"name":"wp","href":"https:\/\/api.w.org\/{rel}","templated":true}]}}