{"id":262052,"date":"2025-11-29T12:44:08","date_gmt":"2025-11-29T12:44:08","guid":{"rendered":"https:\/\/www.europesays.com\/es\/262052\/"},"modified":"2025-11-29T12:44:08","modified_gmt":"2025-11-29T12:44:08","slug":"david-bisbal-cuela-a-broncano-en-su-entrevista-con-pablo-motos-en-el-hormiguero-ahora-tu-tambien","status":"publish","type":"post","link":"https:\/\/www.europesays.com\/es\/262052\/","title":{"rendered":"David Bisbal &#8216;cuela&#8217; a Broncano en su entrevista con Pablo Motos en &#8216;El Hormiguero&#8217;: \u00ab\u00bfAhora t\u00fa tambi\u00e9n&#8230;?\u00bb"},"content":{"rendered":"<p class=\"c-paragraph\">El cantante <a href=\"https:\/\/www.20minutos.es\/tags\/personas\/david-bisbal.html\" title=\"David Bisbal\" rel=\"nofollow noopener\" target=\"_blank\">David Bisbal<\/a> no dej\u00f3 a nadie indiferente tras su paso esta semana por <a href=\"https:\/\/www.20minutos.es\/tags\/instituciones-empresas\/el-hormiguero.html\" title=\"El hormiguero\" rel=\"nofollow noopener\" target=\"_blank\">El Hormiguero<\/a>, donde comparti\u00f3 con el presentador del programa, <a href=\"https:\/\/www.20minutos.es\/tags\/personas\/pablo-motos.html\" title=\"Pablo Motos\" rel=\"nofollow noopener\" target=\"_blank\">Pablo Motos<\/a>, momentos emotivos sobre la Navidad en su ni\u00f1ez y alguna que otra <b>an\u00e9cdota<\/b>, como cuando <b>le contrataron para cantar en una boda<\/b>.<\/p>\n<p class=\"c-paragraph\">\u00abActuaste en una boda en Rep\u00fablica Dominicana. Dame detalles, \u00bfc\u00f3mo te contratan para una boda?\u00bb, le pregunt\u00f3 Pablo Motos. El cantante ha confesado que \u00abalg\u00fan v\u00eddeo ha salido\u00bb de esa boda, y ha confirmado que solamente <b>ha cantado en dos bodas<\/b> a lo largo de su trayectoria profesional.<\/p>\n<p class=\"c-paragraph\">\u00abEsta \u00faltima <b>fue muy curiosa<\/b>\u00ab, ha explicado Bisbal, que ha querido enviar\u00a0 \u00abun abrazo a toda la familia y a los novios\u00bb antes de entrar en detalles de lo que ocurri\u00f3.<\/p>\n<p class=\"c-paragraph\">\u00abEn alg\u00fan momento nos dijeron que los reci\u00e9n casados se iban a subir al escenario\u00bb, ha indicado el artista, que no contaba con que el novio le quitara el micro para ponerse a cantar. \u00ab<b>Me agarr\u00f3 el micr\u00f3fono<\/b> durante Mi princesa y se cant\u00f3 toda la canci\u00f3n \u00e9l, tipo karaoke&#8230; No cant\u00f3 un verso, <b>cant\u00f3 la canci\u00f3n entera<\/b>\u00ab, ha relatado.<\/p>\n<p class=\"c-paragraph\">\u00abYo le dije: &#8216;Esc\u00fachame, <b>ma\u00f1ana ver\u00e1s el v\u00eddeo<\/b>\u00ab, ha comentado entre risas. \u00abDesde aqu\u00ed le mando un abrazo\u00bb, ha a\u00f1adido dirigi\u00e9ndose al novio de aquella boda.<\/p>\n<p class=\"c-paragraph\">Fue entonces cuando Motos quiso conocer un poco m\u00e1s sobre la participaci\u00f3n del cantante en bodas. \u00abSin hablar mucho de dinero, en una boda de estas <b>se cobra como en un concierto<\/b>, para que te contraten y vayas&#8230; \u00bfSe gana m\u00e1s?\u00bb, pregunt\u00f3.<\/p>\n<p class=\"c-paragraph\">La cuesti\u00f3n de Motos hizo que Bisbal reaccionase mencionando a David Broncano y las habituales preguntas que realiza a todos sus invitados. \u00ab<b>\u00bfAhora t\u00fa tambi\u00e9n me est\u00e1s haciendo las preguntas cl\u00e1sicas?<\/b>\u00ab, ha bromeado el almeriense.<\/p>\n<p class=\"c-paragraph\">La cuesti\u00f3n del extriunfito puso por segundos en un aprieto al presentador, que <b>no supo c\u00f3mo reaccionar<\/b> y se excus\u00f3 de la siguiente manera: \u00abNo, no, te pregunto si se cobra bastante en una boda\u00bb, dijo, sin entrar al trapo.<\/p>\n<p class=\"c-paragraph\">\u00abEs <b>como un concierto m\u00e1s de la gira<\/b> y haces una suma, pero te lo pasas muy bien. Vamos a dejarlo ah\u00ed\u00bb, zanj\u00f3 entonces Bisbal.<\/p>\n","protected":false},"excerpt":{"rendered":"El cantante David Bisbal no dej\u00f3 a nadie indiferente tras su paso esta semana por El Hormiguero, donde&hellip;\n","protected":false},"author":2,"featured_media":262053,"comment_status":"","ping_status":"","sticky":false,"template":"","format":"standard","meta":{"footnotes":""},"categories":[171],"tags":[13289,4411,5813,146,147,25,24,5812,23,214],"class_list":{"0":"post-262052","1":"post","2":"type-post","3":"status-publish","4":"format-standard","5":"has-post-thumbnail","7":"category-tv","8":"tag-broncano","9":"tag-david-bisbal","10":"tag-el-hormiguero","11":"tag-entertainment","12":"tag-entretenimiento","13":"tag-es","14":"tag-espana","15":"tag-pablo-motos","16":"tag-spain","17":"tag-tv"},"share_on_mastodon":{"url":"https:\/\/pubeurope.com\/@es\/115633052837479245","error":""},"_links":{"self":[{"href":"https:\/\/www.europesays.com\/es\/wp-json\/wp\/v2\/posts\/262052","targetHints":{"allow":["GET"]}}],"collection":[{"href":"https:\/\/www.europesays.com\/es\/wp-json\/wp\/v2\/posts"}],"about":[{"href":"https:\/\/www.europesays.com\/es\/wp-json\/wp\/v2\/types\/post"}],"author":[{"embeddable":true,"href":"https:\/\/www.europesays.com\/es\/wp-json\/wp\/v2\/users\/2"}],"replies":[{"embeddable":true,"href":"https:\/\/www.europesays.com\/es\/wp-json\/wp\/v2\/comments?post=262052"}],"version-history":[{"count":0,"href":"https:\/\/www.europesays.com\/es\/wp-json\/wp\/v2\/posts\/262052\/revisions"}],"wp:featuredmedia":[{"embeddable":true,"href":"https:\/\/www.europesays.com\/es\/wp-json\/wp\/v2\/media\/262053"}],"wp:attachment":[{"href":"https:\/\/www.europesays.com\/es\/wp-json\/wp\/v2\/media?parent=262052"}],"wp:term":[{"taxonomy":"category","embeddable":true,"href":"https:\/\/www.europesays.com\/es\/wp-json\/wp\/v2\/categories?post=262052"},{"taxonomy":"post_tag","embeddable":true,"href":"https:\/\/www.europesays.com\/es\/wp-json\/wp\/v2\/tags?post=262052"}],"curies":[{"name":"wp","href":"https:\/\/api.w.org\/{rel}","templated":true}]}}