{"id":262054,"date":"2025-11-29T12:46:21","date_gmt":"2025-11-29T12:46:21","guid":{"rendered":"https:\/\/www.europesays.com\/es\/262054\/"},"modified":"2025-11-29T12:46:21","modified_gmt":"2025-11-29T12:46:21","slug":"un-documental-recupera-la-historia-de-amilcar-cabral-el-che-guevara-africano-nortes","status":"publish","type":"post","link":"https:\/\/www.europesays.com\/es\/262054\/","title":{"rendered":"Un documental recupera la historia de Am\u00edlcar Cabral, el \u00abChe Guevara africano\u00bb &#8211; Nortes"},"content":{"rendered":"<p>La gran crisis de 2008 llev\u00f3 al cineasta <a href=\"https:\/\/migueleek.com\/\" rel=\"nofollow noopener\" target=\"_blank\"><strong>Miguel Eek <\/strong>a hacer las maletas y buscar trabajo fuera de Espa\u00f1a<\/a>. El empleo apareci\u00f3 en <strong>Guinea<\/strong> <strong>Bissau<\/strong>, y all\u00ed descubri\u00f3 a un personaje hist\u00f3rico del que hasta entonces no hab\u00eda tenido noticia, <strong>Am\u00edlcar Cabral<\/strong>. Le fascin\u00f3 tanto que en 2025 termin\u00f3 produciendo una pel\u00edcula documental, <strong>\u201cAmilcar\u201d<\/strong>, sobre el que muchos consideran el Che Guevara africano. La semana pasada tuvo su estreno en el <strong>FICX<\/strong>, donde la pel\u00edcula se llev\u00f3 el premio al mejor montaje. La pel\u00edcula todav\u00eda no se ha visto en Guinea Bissau, pa\u00eds que vuelve a estar de actualidad por el golpe de Estado vivido esta semana. <\/p>\n<p>Considerado una de las figuras m\u00e1s destacadas de los procesos de liberaci\u00f3n nacional en <strong>\u00c1frica<\/strong> durante el siglo XX, Cabral naci\u00f3 en 1924 en <strong>Bafat\u00e1<\/strong>, en la entonces <strong>Guinea Portuguesa<\/strong>, en el seno de una familia caboverdiana, detalle no menor, explica Eek, a tenor de las hist\u00f3ricas rivalidades entre ambas colonias portuguesas. En comparaci\u00f3n con el interior de Guinea la poblaci\u00f3n caboverdiana se encontraba mucho m\u00e1s \u201casimilada\u201d culturalmente con el colonialismo portugu\u00e9s.  <\/p>\n<p>Gracias a una beca Cabral pudo formarse en <strong>Lisboa<\/strong> como ingeniero agr\u00f3nomo, disciplina que marc\u00f3 sus primeros a\u00f1os profesionales y que influy\u00f3 en su aproximaci\u00f3n anal\u00edtica a las estructuras sociales y econ\u00f3micas del colonialismo. En la metr\u00f3poli entr\u00f3 en contacto con el clandestino<strong> Partido Comunista Portugu\u00e9s<\/strong> y conoci\u00f3 a su primera mujer, <strong>Maria Helena Rodrigues<\/strong>, tambi\u00e9n ingeniera agr\u00f3noma. Durante su etapa como t\u00e9cnico agr\u00edcola realiz\u00f3 estudios sobre producci\u00f3n, suelo y organizaci\u00f3n rural que le permitieron observar con detalle las desigualdades presentes en la administraci\u00f3n colonial portuguesa.<\/p>\n<p>En 1956, junto con otros j\u00f3venes marcados por el antocolonialismo y los procesos revolucionarios que se viv\u00edan en \u00c1frica y el resto del planeta, fund\u00f3 el <strong>Partido Africano para la Independencia de Guinea y Cabo Verde (PAIGC)<\/strong>. Esta organizaci\u00f3n se convirti\u00f3 en el eje de la resistencia anticolonial en el territorio, combinando tareas de movilizaci\u00f3n popular, campa\u00f1as educativas y un progresivo desarrollo de estructuras pol\u00edtico-administrativas en zonas bajo control insurgente. <\/p>\n<p>Los inicios del PAIGC fueron duros. Tras fracasar en su primer intento por organizarse en las zonas urbanas, el partido decidi\u00f3 volcarse en el mundo rural y el campesinado. La tarea no fue f\u00e1cil, ya que la mayor\u00eda de sus dirigentes no eran originarios del mundo campesino, pero a medio plazo termin\u00f3 dando sus frutos. <\/p>\n<blockquote class=\"wp-block-quote is-layout-flow wp-block-quote-is-layout-flow\">\n<p>A partir de 1963 la organizaci\u00f3n estuvo en codiciones de lanzar un desaf\u00edo violento al r\u00e9gimen colonial<\/p>\n<\/blockquote>\n<p>Apoyada militar y econ\u00f3micamente por el bloque socialista, a partir de 1963 la organizaci\u00f3n estuvo en codiciones de lanzar un desaf\u00edo armado al r\u00e9gimen colonial. Cabral impuls\u00f3 entonces una estrategia que integraba la lucha militar con un intenso trabajo de base, orientado a fortalecer la cohesi\u00f3n social y la conciencia pol\u00edtica antes y durante el conflicto con un colonialismo portugu\u00e9s que se resisti\u00f3 con todos los medios a permitir la autodeterminaci\u00f3n de sus pobaciones. <\/p>\n<p>Adem\u00e1s de su labor organizativa, Cabral adquiri\u00f3 relevancia como te\u00f3rico del anticolonialismo y del panafricanismo, cuestiones que Eek aborda en un documental muy po\u00e9tico, en el que se combina material de archivo en formatos como el Super 8 con filmaciones nuevas que tratan de imitar las im\u00e1genes de la \u00e9poca. \u201cRecuperamos su correspondencia con sus esposas, hablamos de sus dudas pol\u00edticas y personales\u201d explica este cineasta nacido en <strong>Madrid <\/strong>en 1982, criado entre<strong> Mallorca<\/strong>, <strong>Estocolmo<\/strong> y <strong>Barcelona<\/strong>, y para el que el colonialismo europeo \u201csigue siendo un herida abierta\u201d en buena parte del mundo.  <\/p>\n<p>Para el documentalista, una de las virtudes del revolucionario africano como te\u00f3rico y escritor fue \u201csu estilo sencillo, claro y elocuente\u201d. Los discursos y escritos de Cabral abordaron cuestiones como el papel de las mujeres y de la cultura en los procesos de emancipaci\u00f3n o la necesidad de adaptar las estrategias pol\u00edticas a las condiciones concretas de cada territorio. Sus an\u00e1lisis pusieron \u00e9nfasis en la relaci\u00f3n entre desigualdad econ\u00f3mica, explotaci\u00f3n colonial e identidad cultural, y han sido estudiados posteriormente en \u00e1mbitos acad\u00e9micos vinculados a los estudios africanos, la teor\u00eda pol\u00edtica y la historia de la descolonizaci\u00f3n.<\/p>\n<p><img loading=\"lazy\" decoding=\"async\" width=\"1024\" height=\"710\" src=\"https:\/\/www.europesays.com\/es\/wp-content\/uploads\/2025\/11\/image-253-1024x710.png\" alt=\"\" class=\"wp-image-110023\"  \/><\/p>\n<p><img loading=\"lazy\" decoding=\"async\" width=\"1024\" height=\"575\" src=\"https:\/\/www.europesays.com\/es\/wp-content\/uploads\/2025\/11\/image-252-1024x575.png\" alt=\"\" class=\"wp-image-110022\"  \/><\/p>\n<p><img loading=\"lazy\" decoding=\"async\" width=\"1024\" height=\"575\" src=\"https:\/\/www.europesays.com\/es\/wp-content\/uploads\/2025\/11\/image-251-1024x575.png\" alt=\"\" class=\"wp-image-110021\"  \/><\/p>\n<p><img loading=\"lazy\" decoding=\"async\" width=\"1024\" height=\"576\" src=\"https:\/\/www.europesays.com\/es\/wp-content\/uploads\/2025\/11\/image-249-1024x576.png\" alt=\"\" class=\"wp-image-110019\"  \/>Amilcar Cabral en varios momentos de su vida.<\/p>\n<p><strong>Un asesinato nunca aclarado<\/strong><\/p>\n<p>Durante la d\u00e9cada de 1960, el PAIGC, con el apoyo de la <strong>Uni\u00f3n Sovi\u00e9tica<\/strong> y de tropas cubanas, logr\u00f3 establecer un control significativo sobre extensas \u00e1reas rurales de Guinea, creando redes de escuelas, servicios sanitarios b\u00e1sicos y mecanismos locales de administraci\u00f3n votados en elecciones, si bien muy condicionadas en su pluralismo por la din\u00e1mica de la guerra. Esta capacidad organizativa y militar le vali\u00f3 un amplio reconocimiento internacional y un creciente apoyo diplom\u00e1tico de pa\u00edses como<strong> Suecia<\/strong>, e incluso de congresistas norteamericanos. En este per\u00edodo, Cabral actu\u00f3 tambi\u00e9n como representante en foros multilaterales y mantuvo contactos con movimientos afines, gobiernos de pa\u00edses reci\u00e9n independizados y organizaciones internacionales.<\/p>\n<p>El 20 de enero de 1973 Cabral fue asesinado por personas de su confianza en <strong>Guinea Conakry<\/strong>, donde se encontraba la direcci\u00f3n en el exilio del PAIGC. En la operaci\u00f3n, no del todo aclarada, pudieron estar implicados los servicios secretos portugueses en colaboraci\u00f3n con agentes del presidente de la antigua colonia francesa, <strong>Ahmed S\u00e9kou Tour\u00e9<\/strong>. Sin embargo, la estructura creada bajo su direcci\u00f3n se mantuvo activa, y tanto Guinea-Bissau como Cabo Verde avanzaron hacia la independencia poco despu\u00e9s, en el contexto de la transformaci\u00f3n pol\u00edtica ocurrida en <strong>Portugal<\/strong> tras la <strong>Revoluci\u00f3n de los Claveles<\/strong> en abril de 1974.<\/p>\n","protected":false},"excerpt":{"rendered":"La gran crisis de 2008 llev\u00f3 al cineasta Miguel Eek a hacer las maletas y buscar trabajo fuera&hellip;\n","protected":false},"author":2,"featured_media":262055,"comment_status":"","ping_status":"","sticky":false,"template":"","format":"standard","meta":{"footnotes":""},"categories":[169],"tags":[35379,5404,65362,177,146,147,25,24,59319,176,175,922,23,35384],"class_list":{"0":"post-262054","1":"post","2":"type-post","3":"status-publish","4":"format-standard","5":"has-post-thumbnail","7":"category-cine","8":"tag-actualidad_cabecera","9":"tag-africa","10":"tag-amilcar-cabral","11":"tag-cine","12":"tag-entertainment","13":"tag-entretenimiento","14":"tag-es","15":"tag-espana","16":"tag-ficx","17":"tag-film","18":"tag-movies","19":"tag-revolucion","20":"tag-spain","21":"tag-temes_cabecera"},"share_on_mastodon":{"url":"https:\/\/pubeurope.com\/@es\/115633061720246135","error":""},"_links":{"self":[{"href":"https:\/\/www.europesays.com\/es\/wp-json\/wp\/v2\/posts\/262054","targetHints":{"allow":["GET"]}}],"collection":[{"href":"https:\/\/www.europesays.com\/es\/wp-json\/wp\/v2\/posts"}],"about":[{"href":"https:\/\/www.europesays.com\/es\/wp-json\/wp\/v2\/types\/post"}],"author":[{"embeddable":true,"href":"https:\/\/www.europesays.com\/es\/wp-json\/wp\/v2\/users\/2"}],"replies":[{"embeddable":true,"href":"https:\/\/www.europesays.com\/es\/wp-json\/wp\/v2\/comments?post=262054"}],"version-history":[{"count":0,"href":"https:\/\/www.europesays.com\/es\/wp-json\/wp\/v2\/posts\/262054\/revisions"}],"wp:featuredmedia":[{"embeddable":true,"href":"https:\/\/www.europesays.com\/es\/wp-json\/wp\/v2\/media\/262055"}],"wp:attachment":[{"href":"https:\/\/www.europesays.com\/es\/wp-json\/wp\/v2\/media?parent=262054"}],"wp:term":[{"taxonomy":"category","embeddable":true,"href":"https:\/\/www.europesays.com\/es\/wp-json\/wp\/v2\/categories?post=262054"},{"taxonomy":"post_tag","embeddable":true,"href":"https:\/\/www.europesays.com\/es\/wp-json\/wp\/v2\/tags?post=262054"}],"curies":[{"name":"wp","href":"https:\/\/api.w.org\/{rel}","templated":true}]}}