{"id":262056,"date":"2025-11-29T12:47:16","date_gmt":"2025-11-29T12:47:16","guid":{"rendered":"https:\/\/www.europesays.com\/es\/262056\/"},"modified":"2025-11-29T12:47:16","modified_gmt":"2025-11-29T12:47:16","slug":"jaime-fernandez-no-jugara-ante-georgia-por-lesion","status":"publish","type":"post","link":"https:\/\/www.europesays.com\/es\/262056\/","title":{"rendered":"Jaime Fern\u00e1ndez no jugar\u00e1 ante Georgia por lesi\u00f3n"},"content":{"rendered":"<p>                        <img decoding=\"async\" class=\"photograph\" src=\"https:\/\/www.europesays.com\/es\/wp-content\/uploads\/2025\/11\/263252_4.jpg\"\/>  <\/p>\n<p>La nueva Espa\u00f1a de Chus Mateo ha arrancado con buen pie el camino hacia la Copa del Mundo 2027 en Catar, con un triunfo solvente en su visita a Dinamarca (64-74). El partido ha supuesto asimismo el de &#8230;<\/p>\n<p>                        <img decoding=\"async\" class=\"photograph\" src=\"https:\/\/www.europesays.com\/es\/wp-content\/uploads\/2025\/11\/263217_4.jpg\"\/>  <\/p>\n<p>El historial de enfrentamientos oficiales entre Espa\u00f1a y Dinamarca no es muy extenso: s\u00f3lo 4 partidos, todos ellos correspondientes a fases de clasificaci\u00f3n pare Eurobasket. De la \u00faltima visita de la  &#8230;<\/p>\n<p>                        <img decoding=\"async\" class=\"photograph\" src=\"https:\/\/www.europesays.com\/es\/wp-content\/uploads\/2025\/11\/263257_4.jpg\"\/>  <\/p>\n<p>Con su debut de este jueves en Dinamarca, Chus Mateo se ha unido a la tradici\u00f3n de la historia del equipo: hacerlo con una victoria. De todos los seleccionadores absolutos masculinos que ha tenido Esp &#8230;<\/p>\n<p>                        <img decoding=\"async\" class=\"photograph\" src=\"https:\/\/www.europesays.com\/es\/wp-content\/uploads\/2025\/11\/263242_4.jpg\"\/>  <\/p>\n<p>En los pr\u00f3ximos siete d\u00edas la LF Endesa jugar\u00e1 tres jornadas, con la intersemanal del pr\u00f3ximo mi\u00e9rcoles. Una semana donde los equipos pueden dar un golpe de efecto en la clasificaci\u00f3n y que comienza c &#8230;<\/p>\n<p>                        <img decoding=\"async\" class=\"photograph\" src=\"https:\/\/www.europesays.com\/es\/wp-content\/uploads\/2025\/11\/261822_4.jpg\"\/>  <\/p>\n<p>Con la Primera FEB y la Segunda FEB afrontando un fin de semana de par\u00f3n competitivo con motivo de la Ventana FIBA, las competiciones femeninas asumir\u00e1n este fin de semana el mando de las retransmisio &#8230;<\/p>\n<p>                        <img decoding=\"async\" class=\"photograph\" src=\"https:\/\/www.europesays.com\/es\/wp-content\/uploads\/2025\/11\/263227_4.jpg\"\/>  <\/p>\n<p>Estren\u00f3 su carrera profesional en la Liga Femenina 2 seis a\u00f1os atr\u00e1s y, en este nuevo curso, Mareme Diop ha regresado a territorio nacional para poner toda su experiencia interior al servicio del Horb &#8230;<\/p>\n<p>                        <img decoding=\"async\" class=\"photograph\" src=\"https:\/\/www.europesays.com\/es\/wp-content\/uploads\/2025\/11\/263247_4.jpg\"\/>  <\/p>\n<p>A sus 20 a\u00f1os y tras una experiencia fuera de casa, Carlos Alberto Luis ha regresado a las Islas Canarias, con cuya selecci\u00f3n fue campe\u00f3n de Espa\u00f1a Mini e Infantil. Y all\u00ed ha vuelto a recuperar su niv &#8230;<\/p>\n<p>                        <img decoding=\"async\" class=\"photograph\" src=\"https:\/\/www.europesays.com\/es\/wp-content\/uploads\/2025\/11\/263282_4.jpg\"\/>  <\/p>\n<p>El club informa que, durante la presente temporada, Marie Man\u00e9, Ruth Sherrill y Caroline Heriaud han causado baja y dejan de formar parte de nuestra plantilla. Las jugadoras han concluido su etapa en  &#8230;<\/p>\n<p>                        <img decoding=\"async\" class=\"photograph\" src=\"https:\/\/www.europesays.com\/es\/wp-content\/uploads\/2025\/11\/263277_4.jpg\"\/>  <\/p>\n<p>La alero de Azerbaiy\u00e1n llega al conjunto vitoriano para sumar puntos y experiencia en la liga.<\/p>\n<p>                        <img decoding=\"async\" class=\"photograph\" src=\"https:\/\/www.europesays.com\/es\/wp-content\/uploads\/2025\/11\/263272_4.jpg\"\/>  <\/p>\n<p>Valencia Basket ha llegado a un acuerdo con la exterior Hind Ben Abdelkader (30 a\u00f1os, B\u00e9lgica, 1.72m) para prolongar su contrato temporal y que contin\u00fae en el primer equipo femenino taronja hasta el f &#8230;<\/p>\n","protected":false},"excerpt":{"rendered":"La nueva Espa\u00f1a de Chus Mateo ha arrancado con buen pie el camino hacia la Copa del Mundo&hellip;\n","protected":false},"author":2,"featured_media":262057,"comment_status":"","ping_status":"","sticky":false,"template":"","format":"standard","meta":{"footnotes":""},"categories":[93],"tags":[4605,299,1918,4597,4613,4616,4609,4608,4610,168,4603,4606,25,24,4120,4598,4614,2713,4601,830,4599,4600,4602,4615,4617,4607,4604,23,167,4611,4612],"class_list":{"0":"post-262056","1":"post","2":"type-post","3":"status-publish","4":"format-standard","5":"has-post-thumbnail","7":"category-deportes","8":"tag-arbitros-baloncesto","9":"tag-baloncesto","10":"tag-basket","11":"tag-basquet","12":"tag-canalfeb","13":"tag-clasificacion","14":"tag-copa-princesa","15":"tag-copa-principe","16":"tag-copa-reina","17":"tag-deportes","18":"tag-eba","19":"tag-entrenadores-baloncesto","20":"tag-es","21":"tag-espana","22":"tag-estadisticas","23":"tag-federacion-baloncesto","24":"tag-jornada-virtual","25":"tag-jugadores","26":"tag-laeb-plata","27":"tag-leb-oro","28":"tag-liga-espana","29":"tag-liga-espanola-baloncesto","30":"tag-liga-femenina","31":"tag-marcadores-baloncesto","32":"tag-rankings","33":"tag-reglas-baloncesto","34":"tag-seleccion-baloncesto","35":"tag-spain","36":"tag-sports","37":"tag-supercopa","38":"tag-television-baloncesto"},"share_on_mastodon":{"url":"https:\/\/pubeurope.com\/@es\/115633065032723132","error":""},"_links":{"self":[{"href":"https:\/\/www.europesays.com\/es\/wp-json\/wp\/v2\/posts\/262056","targetHints":{"allow":["GET"]}}],"collection":[{"href":"https:\/\/www.europesays.com\/es\/wp-json\/wp\/v2\/posts"}],"about":[{"href":"https:\/\/www.europesays.com\/es\/wp-json\/wp\/v2\/types\/post"}],"author":[{"embeddable":true,"href":"https:\/\/www.europesays.com\/es\/wp-json\/wp\/v2\/users\/2"}],"replies":[{"embeddable":true,"href":"https:\/\/www.europesays.com\/es\/wp-json\/wp\/v2\/comments?post=262056"}],"version-history":[{"count":0,"href":"https:\/\/www.europesays.com\/es\/wp-json\/wp\/v2\/posts\/262056\/revisions"}],"wp:featuredmedia":[{"embeddable":true,"href":"https:\/\/www.europesays.com\/es\/wp-json\/wp\/v2\/media\/262057"}],"wp:attachment":[{"href":"https:\/\/www.europesays.com\/es\/wp-json\/wp\/v2\/media?parent=262056"}],"wp:term":[{"taxonomy":"category","embeddable":true,"href":"https:\/\/www.europesays.com\/es\/wp-json\/wp\/v2\/categories?post=262056"},{"taxonomy":"post_tag","embeddable":true,"href":"https:\/\/www.europesays.com\/es\/wp-json\/wp\/v2\/tags?post=262056"}],"curies":[{"name":"wp","href":"https:\/\/api.w.org\/{rel}","templated":true}]}}