{"id":262058,"date":"2025-11-29T12:48:11","date_gmt":"2025-11-29T12:48:11","guid":{"rendered":"https:\/\/www.europesays.com\/es\/262058\/"},"modified":"2025-11-29T12:48:11","modified_gmt":"2025-11-29T12:48:11","slug":"exito-de-convocatoria-para-vacunacion-de-gripe-sin-cita-para-grupos-recomendados","status":"publish","type":"post","link":"https:\/\/www.europesays.com\/es\/262058\/","title":{"rendered":"\u00c9xito de convocatoria para vacunaci\u00f3n de gripe sin cita para grupos recomendados"},"content":{"rendered":"<p><img id=\"fotoPrincipalNoticia\" src=\"https:\/\/www.europesays.com\/es\/wp-content\/uploads\/2025\/11\/fotonoticia_20251129134149_690.jpg\" loading=\"eager\" decoding=\"async\" style=\"view-transition-name: fechor_20251129134149;\" border=\"0\" alt=\"Colas en el Hospital Nuestra Se\u00f1ora de Gracia de Zaragoza este s\u00e1bado 29 de noviembre en la convocatoria de vacuna sin cita previa para los grupos recomendados.\" fetchpriority=\"high\" title=\"\u00c9xito de convocatoria para vacunaci\u00f3n de gripe sin cita para grupos recomendados\" width=\"690\" height=\"342\" itemprop=\"image\"\/><\/p>\n<p>Colas en el Hospital Nuestra Se\u00f1ora de Gracia de Zaragoza este s\u00e1bado 29 de noviembre en la convocatoria de vacuna sin cita previa para los grupos recomendados. &#8211; GOBIERNO DE ARAG\u00d3N<\/p>\n<p>   ZARAGOZA 29 Nov. (EUROPA PRESS) &#8211; <\/p>\n<p>   La ciudadan\u00eda ha vuelto a responder a la convocatoria de vacunaci\u00f3n sin cita para grupos recomendados que se celebra durante este s\u00e1bado en el Hospital Nuestra Se\u00f1ora de Gracia de Zaragoza con cuatro puntos de vacunaci\u00f3n de gripe y covid. Desde las 9.00 horas las colas se han sucedido en los pasillos del centro hospitalario con personas de todas las edades que aguardaban su turno para recibir el pinchazo protector.<\/p>\n<p>    Cuatro equipos de profesionales de Enfermer\u00eda est\u00e1n administrando simult\u00e1neamente la vacuna a los ciudadanos que se acercan a los espacios que se ha habilitado para ello en el c\u00e9ntrico hospital zaragozano, en horario de 9.00 horas a 19.00 horas.<\/p>\n<p>   La vacunaci\u00f3n est\u00e1 indicada a la poblaci\u00f3n que pertenece a los grupos recomendados donde se incluyen los ni\u00f1os de 6 meses a 8 a\u00f1os, mayores de 60 a\u00f1os, fumadores y todas aquellas personas de menos de 60 a\u00f1os que presentan un alto riesgo de complicaciones derivadas de la gripe.<\/p>\n<p>   Tambi\u00e9n se ha administrado la vacuna covid a aquellas personas mayores de 70 a\u00f1os o pacientes de riesgo.<\/p>\n<p>    Numerosos ciudadanos de todas las edades se han acercado a este punto hoy desde primera hora de la ma\u00f1ana. Una quincena de profesionales est\u00e1n atendiendo a la poblaci\u00f3n a lo largo de todo el d\u00eda.<\/p>\n<p>    La Comunidad Aut\u00f3noma de Arag\u00f3n ha superado el umbral epid\u00e9mico de gripe, con una incidencia de 63,4 casos cada 100.000 habitantes en la semana del 17 al 23 de noviembre, frente a 40,63 casos en la semana anterior, del 10 al 16 de noviembre. El umbral epid\u00e9mico est\u00e1 fijado en 59,64 casos cada 100.000 habitantes.<\/p>\n<p>   La provincia de Zaragoza es la que ha experimentado un ascenso m\u00e1s importante de casos de gripe, con una incidencia de 76,1 casos cada 100.000 habitantes, mientras que las provincias de Huesca y Teruel todav\u00eda est\u00e1n lejos de alcanzar el umbral epid\u00e9mico, con 28,9 y 30,7 casos cada 100.000 habitantes, respectivamente.<\/p>\n<p>   La habilitaci\u00f3n de puntos extraordinarios de vacunaci\u00f3n sin cita ya se realiz\u00f3 el a\u00f1o pasado para facilitar la accesibilidad a vacunarse de los ciudadanos a los que se les recomienda esta medida preventiva, la mejor para evitar el contagio de la gripe y su transmisi\u00f3n.<\/p>\n<p>GRUPOS RECOMENDADOS<\/p>\n<p>   Entre los grupos de poblaci\u00f3n a los que se recomienda la vacunaci\u00f3n de la gripe se encuentran, adem\u00e1s de los mayores de 60 a\u00f1os y los ni\u00f1os hasta cumplir los 8 a\u00f1os, y los grupos de riesgos por otras patolog\u00edas que padezcan, las embarazadas en cualquier trimestre de gestaci\u00f3n y mujeres durante el puerperio (hasta los 6 meses tras el parto y que no se hayan vacunado durante el embarazo); trabajadores de centros sanitarios y sociosanitarios; personal de guarder\u00edas y centros de educaci\u00f3n infantil (hasta los 6 a\u00f1os).<\/p>\n<p>    Tambi\u00e9n aquellas personas que trabajan en servicios p\u00fablicos esenciales, con especial \u00e9nfasis en los subgrupos de los Fuerzas y Cuerpos de Seguridad del Estado, con dependencia nacional, auton\u00f3mica o local; Bomberos; Servicios de protecci\u00f3n civil o personas con exposici\u00f3n laboral directa a animales o a sus secreciones en granjas o explotaciones av\u00edcolas, porcinas o de visones o a fauna silvestre (aves, jabal\u00edes o must\u00e9lidos), como ganaderos, veterinarios, trabajadores de granjas, cazadores, ornit\u00f3logos, agentes de medioambiente o personal de zool\u00f3gicos, entre otros grupos.<\/p>\n<p>    Para la campa\u00f1a de gripe de este a\u00f1o, Arag\u00f3n ha adquirido un total de 419.000 dosis por valor de 3,8 millones de euros. <\/p>\n","protected":false},"excerpt":{"rendered":"Colas en el Hospital Nuestra Se\u00f1ora de Gracia de Zaragoza este s\u00e1bado 29 de noviembre en la convocatoria&hellip;\n","protected":false},"author":2,"featured_media":262059,"comment_status":"","ping_status":"","sticky":false,"template":"","format":"standard","meta":{"footnotes":""},"categories":[92],"tags":[25,24,165,166,23],"class_list":{"0":"post-262058","1":"post","2":"type-post","3":"status-publish","4":"format-standard","5":"has-post-thumbnail","7":"category-salud","8":"tag-es","9":"tag-espana","10":"tag-health","11":"tag-salud","12":"tag-spain"},"share_on_mastodon":{"url":"https:\/\/pubeurope.com\/@es\/115633069005973756","error":""},"_links":{"self":[{"href":"https:\/\/www.europesays.com\/es\/wp-json\/wp\/v2\/posts\/262058","targetHints":{"allow":["GET"]}}],"collection":[{"href":"https:\/\/www.europesays.com\/es\/wp-json\/wp\/v2\/posts"}],"about":[{"href":"https:\/\/www.europesays.com\/es\/wp-json\/wp\/v2\/types\/post"}],"author":[{"embeddable":true,"href":"https:\/\/www.europesays.com\/es\/wp-json\/wp\/v2\/users\/2"}],"replies":[{"embeddable":true,"href":"https:\/\/www.europesays.com\/es\/wp-json\/wp\/v2\/comments?post=262058"}],"version-history":[{"count":0,"href":"https:\/\/www.europesays.com\/es\/wp-json\/wp\/v2\/posts\/262058\/revisions"}],"wp:featuredmedia":[{"embeddable":true,"href":"https:\/\/www.europesays.com\/es\/wp-json\/wp\/v2\/media\/262059"}],"wp:attachment":[{"href":"https:\/\/www.europesays.com\/es\/wp-json\/wp\/v2\/media?parent=262058"}],"wp:term":[{"taxonomy":"category","embeddable":true,"href":"https:\/\/www.europesays.com\/es\/wp-json\/wp\/v2\/categories?post=262058"},{"taxonomy":"post_tag","embeddable":true,"href":"https:\/\/www.europesays.com\/es\/wp-json\/wp\/v2\/tags?post=262058"}],"curies":[{"name":"wp","href":"https:\/\/api.w.org\/{rel}","templated":true}]}}