{"id":262066,"date":"2025-11-29T12:52:08","date_gmt":"2025-11-29T12:52:08","guid":{"rendered":"https:\/\/www.europesays.com\/es\/262066\/"},"modified":"2025-11-29T12:52:08","modified_gmt":"2025-11-29T12:52:08","slug":"indulto-a-expresidente-de-honduras-estremece-elecciones-dw","status":"publish","type":"post","link":"https:\/\/www.europesays.com\/es\/262066\/","title":{"rendered":"Indulto a expresidente de Honduras estremece elecciones &#8211; DW"},"content":{"rendered":"<ol>\n<li><a href=\"https:\/\/news.google.com\/rss\/articles\/CBMikgFBVV95cUxNQ05sSmFJVFRtbjVqTEZJZHVYNHVKcWxPRjVCUUlVUVFfdElfV0FWem9EZy1oSVl6QTlmbFVVMEMzT1p1UWhtN28yNzJSalpZaTNmRC1DZ24tU1JYNG1sdnBIWDlUbUhNZHJmMmMwZHF0M3pvRWFma3Fjdl9ISlROUnMyTXV2clRLMVpSMTR3eGZBQdIBkgFBVV95cUxPNlpMYldPRk02Nm1IcWVaaExEQnBSRmFldVN6WGI1eEtZZGdjRkRWTVUwb1RzX2s0TjkyU1hZcEdMeXVheFF1YmpGT2duRXpuN1VoM0pYWU9FZnBfdDdScl9BdkszUzRGYmlyZ2Z2X192WXZSckFQQ0RvS3FFVzdzR1ZRTHR1UFd3WjVBOFhNajJOUQ?oc=5\" target=\"_blank\" rel=\"nofollow noopener\">Indulto a expresidente de Honduras estremece elecciones<\/a>&nbsp;&nbsp;DW<\/li>\n<li><a href=\"https:\/\/news.google.com\/rss\/articles\/CBMi0gFBVV95cUxOYXo2aHlUTFNKLWYwNDBVNDNmWkxVd18xYVdjTnJUSWVCREdpcnFIWnUteUh2MV9NSDBvRFhtOVhlZEdhMUttcjUtRmxwZm1sRWNEQTF2cmFUYWRxWno0YmtZaDNXb2tnTFJCVDBCVEdFV0U2a29ZZkdBWUN6WVFHME9ha2xYR2lWdmkxNkMwT1dEWHhkRENWdFU1WXphNjVNV2ZrOEwwZnFtRW5MMEhBOTVLS3d5NjdUNjlrdUhISHZRVUo0d1JfcWJUakNzMzhqVFE?oc=5\" target=\"_blank\" rel=\"nofollow noopener\">Trump indultar\u00e1 al expresidente hondure\u00f1o Juan Orlando Hern\u00e1ndez, preso por narcotr\u00e1fico<\/a>&nbsp;&nbsp;EL PA\u00cdS<\/li>\n<li><a href=\"https:\/\/news.google.com\/rss\/articles\/CBMixAFBVV95cUxOUmx2czhwM19VY00yMDMzSXVSNHotV2NzcE9TVnpSWDV4dDQ2NzN0cUZZQm1BMHYtdUtRVTdxd3BDV0NYQ0xWaUtDRDVfQUlqWVd2MWVDakd1SnhKX2R6OFE1TTNlcnF5RElIYTMyeUlRLWswVFpJbXNxd19SdVUtSE5BeUoxWHpHWjN3MGdTVUdlQUgtOHNKUXA3VW5mQ0dBZlRJSjBaczlWWlNrSE16T0ZwWXVUcUdIcFZEYmp2SkROMzFS?oc=5\" target=\"_blank\" rel=\"nofollow noopener\">Trump conmociona a Honduras al indultar al expresidente condenado por narcotr\u00e1fico<\/a>&nbsp;&nbsp;ABC<\/li>\n<li><a href=\"https:\/\/news.google.com\/rss\/articles\/CBMigwFBVV95cUxOdFJCSDZhek1jMEh2OTloZllabmtNLVZxb255dzdpS1gzckFGNnZhMFVQcTY5cmlYYlZtU1Q2NlFmcEsybnZYQmZOX2hSY2RaanRlQnpzN0szczQ3TTV5VlhVd1ZoYmo4T0lPSm8yam5lXzIyVVVoX0thbWNISzNsTnowNNIBgwFBVV95cUxPS1UyVjNoS2JmZmlMa0Y1OG5LLWFlMlVmLXNmZFVBVWFINjJJWXZUeGswZ1pkcDJMYVotZldIcDFycmdUR1NZSzZxMDRGQWhNb0lRMTFFc2t1YjFwd3BEa3FDNTBudG9tMkxkSnN5Vnc2ZGFLdV9YVTJlQWk4MlRBc2N6NA?oc=5\" target=\"_blank\" rel=\"nofollow noopener\">Trump indulta al ex presidente narco de Honduras<\/a>&nbsp;&nbsp;El Mundo<\/li>\n<li><a href=\"https:\/\/news.google.com\/rss\/articles\/CBMiW0FVX3lxTFBHNVp6QVVkc1JWLXNmVFBSNVVsMUJZd2JWdllVX2d2TkNwYnNNNDhYZm1NYXFfNUR4SzR0Z2JMUlBtRllOdDE3TnVvMTZ4U19Qdm1LS2libmpGSzg?oc=5\" target=\"_blank\" rel=\"nofollow noopener\">Trump anuncia que indultar\u00e1 al expresidente Juan Orlando Hern\u00e1ndez a dos d\u00edas de las presidenciales en Honduras<\/a>&nbsp;&nbsp;BBC<\/li>\n<\/ol>\n","protected":false},"excerpt":{"rendered":"Indulto a expresidente de Honduras estremece elecciones&nbsp;&nbsp;DW Trump indultar\u00e1 al expresidente hondure\u00f1o Juan Orlando Hern\u00e1ndez, preso por narcotr\u00e1fico&nbsp;&nbsp;EL&hellip;\n","protected":false},"author":2,"featured_media":248356,"comment_status":"","ping_status":"","sticky":false,"template":"","format":"standard","meta":{"footnotes":""},"categories":[42],"tags":[17,18,13,14,11,61,62,63,64,19,20,9,10,15,16,12,21,22,65,66,67],"class_list":{"0":"post-262066","1":"post","2":"type-post","3":"status-publish","4":"format-standard","5":"has-post-thumbnail","7":"category-internacional","8":"tag-breaking-news","9":"tag-breakingnews","10":"tag-featured-news","11":"tag-featurednews","12":"tag-headlines","13":"tag-internacional","14":"tag-international","15":"tag-international-news","16":"tag-internationalnews","17":"tag-latest-news","18":"tag-latestnews","19":"tag-news","20":"tag-noticias","21":"tag-noticias-destacadas","22":"tag-noticiasdestacadas","23":"tag-titulares","24":"tag-ultimas-noticias","25":"tag-ultimasnoticias","26":"tag-world","27":"tag-world-news","28":"tag-worldnews"},"share_on_mastodon":{"url":"https:\/\/pubeurope.com\/@es\/115633084474455973","error":""},"_links":{"self":[{"href":"https:\/\/www.europesays.com\/es\/wp-json\/wp\/v2\/posts\/262066","targetHints":{"allow":["GET"]}}],"collection":[{"href":"https:\/\/www.europesays.com\/es\/wp-json\/wp\/v2\/posts"}],"about":[{"href":"https:\/\/www.europesays.com\/es\/wp-json\/wp\/v2\/types\/post"}],"author":[{"embeddable":true,"href":"https:\/\/www.europesays.com\/es\/wp-json\/wp\/v2\/users\/2"}],"replies":[{"embeddable":true,"href":"https:\/\/www.europesays.com\/es\/wp-json\/wp\/v2\/comments?post=262066"}],"version-history":[{"count":0,"href":"https:\/\/www.europesays.com\/es\/wp-json\/wp\/v2\/posts\/262066\/revisions"}],"wp:featuredmedia":[{"embeddable":true,"href":"https:\/\/www.europesays.com\/es\/wp-json\/wp\/v2\/media\/248356"}],"wp:attachment":[{"href":"https:\/\/www.europesays.com\/es\/wp-json\/wp\/v2\/media?parent=262066"}],"wp:term":[{"taxonomy":"category","embeddable":true,"href":"https:\/\/www.europesays.com\/es\/wp-json\/wp\/v2\/categories?post=262066"},{"taxonomy":"post_tag","embeddable":true,"href":"https:\/\/www.europesays.com\/es\/wp-json\/wp\/v2\/tags?post=262066"}],"curies":[{"name":"wp","href":"https:\/\/api.w.org\/{rel}","templated":true}]}}