{"id":262067,"date":"2025-11-29T12:53:07","date_gmt":"2025-11-29T12:53:07","guid":{"rendered":"https:\/\/www.europesays.com\/es\/262067\/"},"modified":"2025-11-29T12:53:07","modified_gmt":"2025-11-29T12:53:07","slug":"planas-sobre-la-peste-africana-estamos-intentando-limitar-el-impacto-sobre-el-sector-porcino-espanol-economia","status":"publish","type":"post","link":"https:\/\/www.europesays.com\/es\/262067\/","title":{"rendered":"Planas, sobre la peste africana: \u201cEstamos intentando limitar el impacto sobre el sector porcino espa\u00f1ol\u201d | Econom\u00eda"},"content":{"rendered":"<p class=\"\">Nadie sabe muy bien c\u00f3mo se origin\u00f3 el brote. Si el primer jabal\u00ed se intoxic\u00f3 comiendo de la basura, si alguien les aliment\u00f3 con alg\u00fan producto c\u00e1rnico contaminado, o si tuvieron contacto con alg\u00fan ejemplar que cruz\u00f3 la frontera espa\u00f1ola \u2014m\u00e1s improbable, porque no hay casos detectados en Francia ni Portugal\u2014, pero la Peste Porcina Africana (PPA) se ha convertido en una preocupaci\u00f3n de primer nivel tanto para el Gobierno como para la industria c\u00e1rnica.<\/p>\n<p class=\"\">Tras los seis casos detectados en plena sierra de Collserola (Barcelona) \u2014cuatro de ellos <a href=\"https:\/\/elpais.com\/sociedad\/2025-11-29\/detectados-en-cataluna-cuatro-nuevos-casos-de-peste-porcina-africana-en-el-mismo-radio-de-vigilancia-que-los-dos-primeros.html?outputType=amp\" target=\"_self\" rel=\"nofollow noopener\" title=\"https:\/\/elpais.com\/sociedad\/2025-11-29\/detectados-en-cataluna-cuatro-nuevos-casos-de-peste-porcina-africana-en-el-mismo-radio-de-vigilancia-que-los-dos-primeros.html?outputType=amp\">a\u00fan pendientes de confirmaci\u00f3n<\/a>\u2014, la precauci\u00f3n es m\u00e1xima. Y el Ejecutivo est\u00e1 haciendo equilibrios para combinar la transparencia con la protecci\u00f3n de los intereses comerciales de los productores. En juego, 8.800 millones de euros en exportaciones. \u201cEstamos intentando limitar el impacto sobre el sector porcino espa\u00f1ol\u201d, ha asegurado este s\u00e1bado el ministro de Agricultura, Pesca y Alimentaci\u00f3n, Luis Planas. <\/p>\n<p class=\"\">En su intervenci\u00f3n, convocada de urgencia, Planas ha combinado las buenas y malas noticias. En el lado sanitario, ha insistido en que no hay ning\u00fan peligro para la salud humana, porque la enfermedad no es zoon\u00f3tica, y por tanto no es transmisible de animales a humanos. En el comercial, ha recordado que de todo ese volumen exportador, no hay ninguna restricci\u00f3n en los env\u00edos a la UE, salvo para las 39 granjas situadas en la zona donde se han detectado los casos, donde se ha establecido un per\u00edmetro de 20 kil\u00f3metros que permanece confinado. Eso supone que los 5.100 millones que el sector env\u00eda a los socios europeos, el 58% del total, no se han visto afectados. <\/p>\n<p class=\"\">[Noticia de \u00faltima hora. Habr\u00e1 actualizaci\u00f3n en breve]<\/p>\n","protected":false},"excerpt":{"rendered":"Nadie sabe muy bien c\u00f3mo se origin\u00f3 el brote. Si el primer jabal\u00ed se intoxic\u00f3 comiendo de la&hellip;\n","protected":false},"author":2,"featured_media":262068,"comment_status":"","ping_status":"","sticky":false,"template":"","format":"standard","meta":{"footnotes":""},"categories":[8],"tags":[17,18,21975,1980,31837,95,60149,25,24,5855,65366,13,14,11,2893,19,20,9,10,15,16,65110,23,12,21,22],"class_list":{"0":"post-262067","1":"post","2":"type-post","3":"status-publish","4":"format-standard","5":"has-post-thumbnail","7":"category-espana","8":"tag-breaking-news","9":"tag-breakingnews","10":"tag-carnes","11":"tag-cataluna","12":"tag-cerdo","13":"tag-economia","14":"tag-enfermedades-animales","15":"tag-es","16":"tag-espana","17":"tag-exportaciones","18":"tag-exportaciones-extracomunitarias","19":"tag-featured-news","20":"tag-featurednews","21":"tag-headlines","22":"tag-industria","23":"tag-latest-news","24":"tag-latestnews","25":"tag-news","26":"tag-noticias","27":"tag-noticias-destacadas","28":"tag-noticiasdestacadas","29":"tag-peste-porcina","30":"tag-spain","31":"tag-titulares","32":"tag-ultimas-noticias","33":"tag-ultimasnoticias"},"share_on_mastodon":{"url":"https:\/\/pubeurope.com\/@es\/115633088600081803","error":""},"_links":{"self":[{"href":"https:\/\/www.europesays.com\/es\/wp-json\/wp\/v2\/posts\/262067","targetHints":{"allow":["GET"]}}],"collection":[{"href":"https:\/\/www.europesays.com\/es\/wp-json\/wp\/v2\/posts"}],"about":[{"href":"https:\/\/www.europesays.com\/es\/wp-json\/wp\/v2\/types\/post"}],"author":[{"embeddable":true,"href":"https:\/\/www.europesays.com\/es\/wp-json\/wp\/v2\/users\/2"}],"replies":[{"embeddable":true,"href":"https:\/\/www.europesays.com\/es\/wp-json\/wp\/v2\/comments?post=262067"}],"version-history":[{"count":0,"href":"https:\/\/www.europesays.com\/es\/wp-json\/wp\/v2\/posts\/262067\/revisions"}],"wp:featuredmedia":[{"embeddable":true,"href":"https:\/\/www.europesays.com\/es\/wp-json\/wp\/v2\/media\/262068"}],"wp:attachment":[{"href":"https:\/\/www.europesays.com\/es\/wp-json\/wp\/v2\/media?parent=262067"}],"wp:term":[{"taxonomy":"category","embeddable":true,"href":"https:\/\/www.europesays.com\/es\/wp-json\/wp\/v2\/categories?post=262067"},{"taxonomy":"post_tag","embeddable":true,"href":"https:\/\/www.europesays.com\/es\/wp-json\/wp\/v2\/tags?post=262067"}],"curies":[{"name":"wp","href":"https:\/\/api.w.org\/{rel}","templated":true}]}}