{"id":262069,"date":"2025-11-29T12:54:22","date_gmt":"2025-11-29T12:54:22","guid":{"rendered":"https:\/\/www.europesays.com\/es\/262069\/"},"modified":"2025-11-29T12:54:22","modified_gmt":"2025-11-29T12:54:22","slug":"si-esta-asfixia-sigue-no-habra-marcha-atras-en-el-deterioro","status":"publish","type":"post","link":"https:\/\/www.europesays.com\/es\/262069\/","title":{"rendered":"Si esta asfixia sigue no habr\u00e1 marcha atr\u00e1s en el deterioro"},"content":{"rendered":"<p class=\"article-text\">\n        Desde que Rommy Arce, bibliotecaria de la Facultad de Ciencias de la Informaci\u00f3n de la Universidad Complutense de Madrid (UCM) y miembro de la junta del PTGAS (Personal T\u00e9cnico, de Gesti\u00f3n y de Administraci\u00f3n y Servicios), accedi\u00f3 a su puesto de trabajo hace 17 a\u00f1os \u201csolo ha conocido la crisis\u201d, cuenta. En el \u00faltimo curso, debido <a href=\"https:\/\/www.europapress.es\/madrid\/noticia-complutense-mantendra-2028-recorte-35-gastos-hacer-frente-deuda-20251028170112.html\" target=\"_blank\" data-mrf-recirculation=\"links-noticia\" class=\"link\" rel=\"nofollow noopener\">al recorte del 35%<\/a> en los gastos su universidad, ahogada en un d\u00e9ficit de 140 millones de euros, no han podido renovar adecuadamente el fondo bibliogr\u00e1fico. No se han podido satisfacer las demandas de investigaci\u00f3n, de estudio o de formaci\u00f3n, explica. Y eso es un problema serio, tercia Ana Mart\u00ednez Rus, profesora de Historia Contempor\u00e1nea en el centro.\n    <\/p>\n<p>    <a href=\"https:\/\/www.eldiario.es\/sociedad\/comunidad-madrid-quiere-fijar-ley-no-aportara-70-presupuesto-universidades_1_12163101.html\" data-mrf-recirculation=\"saber-mas\" data-dl-event=\"saber-mas\" rel=\"nofollow noopener\" target=\"_blank\"><\/p>\n<p class=\"know-more__title\">La Comunidad de Madrid quiere fijar por ley que no aportar\u00e1 m\u00e1s del 70% del presupuesto de las universidades<\/p>\n<p>            <img decoding=\"async\" class=\"lazy\" loading=\"lazy\" data-src=\"https:\/\/static.eldiario.es\/clip\/03e5052d-56a5-4099-8003-a99bb8e9b6e3_16-9-aspect-ratio_default_0.jpg\" src=\"data:image\/svg+xml,%3Csvg xmlns=\" http:=\"\" viewbox=\"0 0 880 495\" alt=\"La Comunidad de Madrid quiere fijar por ley que no aportar\u00e1 m\u00e1s del 70% del presupuesto de las universidades\"\/><\/p>\n<p>                        <\/a><\/p>\n<p class=\"article-text\">\n        Arce lleva 17 a\u00f1os en el mismo puesto \u2013con una pausa de cuatro a\u00f1os en 2015 cuando entr\u00f3 como concejal en el Ayuntamiento de Madrid\u2013, pero nunca ha experimentado un aumento de sueldo, pese a que ahora tiene mucha m\u00e1s carga de trabajo, menos prestaciones internas, y enormes dificultades para solicitar licencias, coger vacaciones, o pedir una baja m\u00e9dica. \u201cCada vez somos menos y no hay reposici\u00f3n. Se jubilaron el a\u00f1o pasado tres personas y no hemos visto que llegue personal nuevo. Adem\u00e1s, nuestras retribuciones no han aumentado en paralelo a la inflaci\u00f3n y al coste de la vida\u201d, profundiza.\n    <\/p>\n<p class=\"article-text\">\n        Las universidades p\u00fablicas madrile\u00f1as <a href=\"https:\/\/www.eldiario.es\/sociedad\/diez-datos-situan-madrid-comunidad-peor-trata-universidad-publica_1_12614316.html\" target=\"_blank\" data-mrf-recirculation=\"links-noticia\" class=\"link\" rel=\"nofollow noopener\">se est\u00e1n viniendo abajo desde la crisis de 2008<\/a>, tambi\u00e9n en el sentido literal: \u201cEl a\u00f1o pasado impact\u00f3 un trozo de techo sobre una bancada de trabajo del edificio de Biolog\u00eda y afortunadamente no hab\u00eda nadie, pero podr\u00eda haber ocurrido un accidente. En cuanto a densidad de personas somos como una ciudad. No podemos tener edificios que no sabemos cu\u00e1ndo y d\u00f3nde se van a caer\u201d, cuenta Nagore Garc\u00eda, Profesora Contratada Doctora de la Universidad Aut\u00f3noma de Madrid (UAM).\n    <\/p>\n<p class=\"article-text\">\n        La situaci\u00f3n est\u00e1 tan cronificada que, para los estudiantes de nuevo ingreso, cuenta Rub\u00e9n, alumno de Estudios Hisp\u00e1nicos de la Universidad de Alcal\u00e1 (UAH), la disfuncionalidad de la universidad es algo ya \u201cnormalizado\u201d. Pero es ahora cuando se est\u00e1 produciendo un <a href=\"https:\/\/www.eldiario.es\/madrid\/huelga-universidades-publicas-arrasa-complutense-facultades-completamente-vacias_1_12797431.html\" target=\"_blank\" data-mrf-recirculation=\"links-noticia\" class=\"link\" rel=\"nofollow noopener\">inexorable y decidido punto de inflexi\u00f3n<\/a>, impulsado por la infrafinanciaci\u00f3n estructural de los centros, que amenaza con cronificarse con medidas como que la Comunidad de Madrid pretende fijar por ley su aporte econ\u00f3mico a las universidades p\u00fablicas en un m\u00e1ximo del<a href=\"https:\/\/www.eldiario.es\/sociedad\/comunidad-madrid-quiere-fijar-ley-no-aportara-70-presupuesto-universidades_1_12163101.html\" target=\"_blank\" data-mrf-recirculation=\"links-noticia\" class=\"link\" rel=\"nofollow noopener\"> 70% del presupuesto de los presupuestos<\/a>, un modelo que provocar\u00eda que todas ellas <a href=\"https:\/\/www.eldiario.es\/sociedad\/ley-universitaria-ayuso-provocara-agujero-economico-200-millones-euros-campus-ano_1_12398099.html\" target=\"_blank\" data-mrf-recirculation=\"links-noticia\" class=\"link\" rel=\"nofollow noopener\">entrasen en n\u00fameros rojos<\/a>.\n    <\/p>\n<p>    Material inflamable o estudiantes con abrigos en las aulas<\/p>\n<p class=\"article-text\">\n        <a href=\"https:\/\/www.eldiario.es\/sociedad\/diez-datos-situan-madrid-comunidad-peor-trata-universidad-publica_1_12614316.html\" target=\"_blank\" data-mrf-recirculation=\"links-noticia\" class=\"link\" rel=\"nofollow noopener\">Madrid es la comunidad aut\u00f3noma que peor financia a su universidad p\u00fablica<\/a>, cuesti\u00f3n que se materializa en conversaciones como las que tiene Alfonso Casani, profesor de Ciencia Pol\u00edtica de la UCM, con compa\u00f1eros de la facultad de Ciencias F\u00edsicas: \u201cMe explicaban que el material \u2014inflamable\u2014 que se estaba utilizando en algunas pr\u00e1cticas en los laboratorios no estaba pudiendo ser renovado por la falta de inversi\u00f3n\u201d.\n    <\/p>\n<blockquote class=\"quote\">\n<p class=\"quote-text\">Hay clases enteras de alumnos con abrigos<\/p>\n<p>\n                        Rub\u00e9n<br \/>\n                                        \u2014 Alumno de la UAH\n                      <\/p>\n<\/blockquote>\n<p class=\"article-text\">\n        O en que \u201cuna sala de trabajo en grupo que los estudiantes necesitan para desarrollar sus actividades\u201d ha permanecido cerrada por obras medio a\u00f1o, como detalla Rommy. O en que a Emma, estudiante de Bellas Artes de la UCM, se le craquelan las piezas de barro porque el material lleva a\u00f1os sin cambiarse.\n    <\/p>\n<p class=\"article-text\">\n        \u201cEn los ba\u00f1os de Filosof\u00eda y Letras hay un agujero del techo del que baja agua\u201d, cuenta Rub\u00e9n (UAH). \u201cEn los grados de Ciencias, sobre todo, falta material de laboratorio. Muchas veces tienen que estar compartiendo material hasta el punto de que no pueden trabajar adecuadamente\u201d, prosigue.\n    <\/p>\n<p class=\"article-text\">\n        \u201cEn algunas facultades del Campus Externo no tienen calefacci\u00f3n. Hay clases enteras de alumnos con abrigos\u201d, dice, y no es el \u00fanico que lo afirma. Garc\u00eda (UAM) cuenta que los sistemas de climatizaci\u00f3n se estropean frecuentemente, lo que provoca que haga fr\u00edo en los despachos, que en clase la gente est\u00e9 \u201ccon sus guantecitos\u201d o que en verano, debido al calor, haya quien se llegue a marear mientras presenta su TFG. \u201cNo es una cuesti\u00f3n puntual, sino generalizada\u201d, apunta.\n    <\/p>\n<p>    Contener con el cuerpo un modelo disfuncional<\/p>\n<p class=\"article-text\">\n        Pero lo indecible radica, sobre todo, en el agotamiento de los cuerpos y de las mentes de los docentes y del personal de la universidad, un cansancio que ya no se puede disimular: \u201cHay profesores que est\u00e1n cubriendo asignaturas que no les corresponden. Notamos lo cansados que est\u00e1n todos\u201d, expresa Emma.\n    <\/p>\n<p class=\"article-text\">\n        \u201cTengo varias compa\u00f1eras que tienen una optativa sin profesor, directamente\u201d, cuenta Rub\u00e9n. Esto tampoco es un caso aislado: \u201cLas jubilaciones no se reponen o cuando se reponen se hace con los puestos m\u00e1s precarios, m\u00e1s bajos. Se jubila un catedr\u00e1tico y te dan dos sustitutos que en nada equivalen a ese catedr\u00e1tico que se est\u00e1 perdiendo\u201d, explica Casani (UCM).\n    <\/p>\n<blockquote class=\"quote\">\n<p class=\"quote-text\">Estamos en un l\u00edmite que yo creo que si seguimos profundizando en esta asfixia, no hay marcha atr\u00e1s<\/p>\n<p>\n                        Nagore Garc\u00eda<br \/>\n                                        \u2014 Profesora Contratada Doctora de la UAM\n                      <\/p>\n<\/blockquote>\n<p class=\"article-text\">\n        \u201cSe est\u00e1n haciendo unos sacrificios enormes para que la universidad siga siendo lo que nosotros hemos conocido, pero estamos en un l\u00edmite que yo creo que si seguimos profundizando en esta asfixia, no hay marcha atr\u00e1s. Ahora todav\u00eda podemos recuperarnos. Estamos a tiempo, pero ya estamos al l\u00edmite\u201d, denuncia Garc\u00eda.\n    <\/p>\n<p class=\"article-text\">\n        \u201cCada vez sucede m\u00e1s que tenemos unos horarios extenuantes. Entonces, es que cometemos errores. Al final te pasan cosas como que pones una clase en un horario en el que ya tienen otra clase sin darte cuenta. Hay momentos en los que pasas por los departamentos y hay un clima de tensi\u00f3n, de estr\u00e9s. Cuando alguien se pone de baja o si alguien decide irse nos miramos como diciendo: \u2018Buf, \u00bfY qu\u00e9 hacemos ahora\u2026?\u2019 Y son situaciones que no deber\u00edan darse\u201d, abunda.\n    <\/p>\n<p>    Menos oportunidades para la investigaci\u00f3n y peores pr\u00e1cticas<\/p>\n<p class=\"article-text\">\n        \u201cNosotros no solo somos profesores, sino tambi\u00e9n personal investigador. Pues los grupos de investigaci\u00f3n no han recibido financiaci\u00f3n este a\u00f1o\u201d, se\u00f1ala Casani. \u201cUna universidad deber\u00eda tener recursos suficientes para tener autonom\u00eda para decidir en qu\u00e9 se invierte en cuanto a investigaci\u00f3n. Es el acervo de conocimiento del pa\u00eds\u201d, a\u00f1ade la profesora de la UAM.\n    <\/p>\n<p class=\"article-text\">\n        Hay profesores a los que se les debe dinero de viajes de investigaci\u00f3n: \u201cEn muchos de los casos tenemos que adelantar el dinero de esos viajes y se nos devuelve tarde y mal. Estamos hablando, a veces, de miles de euros, y no es razonable. Parte del profesorado tiene salarios muy bajos, como aquellos que acaban de entrar a la universidad, cuyo sueldo ronda los 1.300 euros durante, a veces, siete a\u00f1os\u201d.\n    <\/p>\n<blockquote class=\"quote\">\n<p class=\"quote-text\">Antes se hac\u00eda una salida al mes en trabajos de campo y ahora se realizan dos al a\u00f1o<\/p>\n<p>\n                        Alfonso Casani<br \/>\n                                        \u2014 Profesor de Ciencia Pol\u00edtica de la UCM\n                      <\/p>\n<\/blockquote>\n<p class=\"article-text\">\n        Otro aspecto llamativo en el que se aprecia la infrafinanciaci\u00f3n es en que \u201chay algunos proveedores que han dejado de proveer a la universidad porque no reciben los pagos en tiempo y forma\u201d, afirma Garc\u00eda.\n    <\/p>\n<p class=\"article-text\">\n        Casani cuenta que la oferta y la calidad de las pr\u00e1cticas que recibe el alumnado tambi\u00e9n se ha resentido enormemente. \u201cAntes se hac\u00eda una salida al mes en trabajos de campo y ahora se realizan dos al a\u00f1o. Hay profesores tratando de financiar con parte de su presupuesto las salidas porque son indispensables para la correcta formaci\u00f3n de los estudiantes\u201d, resume.\n    <\/p>\n<p>    <a href=\"https:\/\/www.eldiario.es\/sociedad\/miles-personas-manifiestan-defensa-universidad-publica-madrilena-hay-plan-destruirla_1_12803628.html\" data-mrf-recirculation=\"saber-mas-abajo\" data-dl-event=\"saber-mas-abajo\" rel=\"nofollow noopener\" target=\"_blank\"><\/p>\n<p class=\"know-more__title\">Miles de personas se manifiestan en defensa de la universidad p\u00fablica madrile\u00f1a: \u201cHay un plan para destruirla\u201d<\/p>\n<p>            <img decoding=\"async\" class=\"lazy\" loading=\"lazy\" data-src=\"https:\/\/static.eldiario.es\/clip\/4f11ca9f-5696-41f6-9148-4940423aa315_16-9-aspect-ratio_default_0.jpg\" src=\"data:image\/svg+xml,%3Csvg xmlns=\" http:=\"\" viewbox=\"0 0 880 495\" alt=\"Miles de personas se manifiestan en defensa de la universidad p\u00fablica madrile\u00f1a: &quot;Hay un plan para destruirla&quot;\"\/><\/p>\n<p>                        <\/a><\/p>\n<p class=\"article-text\">\n        \u201cEs importante entender la incertidumbre que existe en la universidad y el peso que eso supone sobre los trabajadores y en el alumnado. Los procesos de reducci\u00f3n de gastos, de negociaci\u00f3n, la futura ley universitaria (<a href=\"https:\/\/www.eldiario.es\/sociedad\/asfixia-economica-mordaza-multas-ayuso-aprieta-tuercas-universidad-publica_1_12376103.html\" target=\"_blank\" data-mrf-recirculation=\"links-noticia\" class=\"link\" rel=\"nofollow noopener\">LESUC<\/a>), que no ha acabado de publicarse, se est\u00e1n realizando de manera muy poco transparente y <a href=\"https:\/\/www.eldiario.es\/sociedad\/rector-complutense-asegura-trabajadores-nominas-no-corren-peligro_1_12721883.html\" target=\"_blank\" data-mrf-recirculation=\"links-noticia\" class=\"link\" rel=\"nofollow noopener\">esto se traduce en constantes rumores<\/a>. La carga se nota en la vida laboral, pero tambi\u00e9n en nuestra vida personal. Estamos viendo, en definitiva, c\u00f3mo se est\u00e1 cuestionando la propia capacidad de supervivencia de las universidades\u201d, cierra el docente.\n    <\/p>\n","protected":false},"excerpt":{"rendered":"Desde que Rommy Arce, bibliotecaria de la Facultad de Ciencias de la Informaci\u00f3n de la Universidad Complutense de&hellip;\n","protected":false},"author":2,"featured_media":262070,"comment_status":"","ping_status":"","sticky":false,"template":"","format":"standard","meta":{"footnotes":""},"categories":[5],"tags":[65367,17,18,11100,25,24,13,14,3104,11,19,20,36121,3402,9,689,10,15,16,2320,5483,688,1262,23,12,21,22,2845],"class_list":{"0":"post-262069","1":"post","2":"type-post","3":"status-publish","4":"format-standard","5":"has-post-thumbnail","7":"category-titulares","8":"tag-asfixia","9":"tag-breaking-news","10":"tag-breakingnews","11":"tag-deterioro","12":"tag-es","13":"tag-espana","14":"tag-featured-news","15":"tag-featurednews","16":"tag-habra","17":"tag-headlines","18":"tag-latest-news","19":"tag-latestnews","20":"tag-madrilena","21":"tag-marcha","22":"tag-news","23":"tag-no","24":"tag-noticias","25":"tag-noticias-destacadas","26":"tag-noticiasdestacadas","27":"tag-punto","28":"tag-retorno","29":"tag-si","30":"tag-sigue","31":"tag-spain","32":"tag-titulares","33":"tag-ultimas-noticias","34":"tag-ultimasnoticias","35":"tag-universidad"},"share_on_mastodon":{"url":"https:\/\/pubeurope.com\/@es\/115633092239137091","error":""},"_links":{"self":[{"href":"https:\/\/www.europesays.com\/es\/wp-json\/wp\/v2\/posts\/262069","targetHints":{"allow":["GET"]}}],"collection":[{"href":"https:\/\/www.europesays.com\/es\/wp-json\/wp\/v2\/posts"}],"about":[{"href":"https:\/\/www.europesays.com\/es\/wp-json\/wp\/v2\/types\/post"}],"author":[{"embeddable":true,"href":"https:\/\/www.europesays.com\/es\/wp-json\/wp\/v2\/users\/2"}],"replies":[{"embeddable":true,"href":"https:\/\/www.europesays.com\/es\/wp-json\/wp\/v2\/comments?post=262069"}],"version-history":[{"count":0,"href":"https:\/\/www.europesays.com\/es\/wp-json\/wp\/v2\/posts\/262069\/revisions"}],"wp:featuredmedia":[{"embeddable":true,"href":"https:\/\/www.europesays.com\/es\/wp-json\/wp\/v2\/media\/262070"}],"wp:attachment":[{"href":"https:\/\/www.europesays.com\/es\/wp-json\/wp\/v2\/media?parent=262069"}],"wp:term":[{"taxonomy":"category","embeddable":true,"href":"https:\/\/www.europesays.com\/es\/wp-json\/wp\/v2\/categories?post=262069"},{"taxonomy":"post_tag","embeddable":true,"href":"https:\/\/www.europesays.com\/es\/wp-json\/wp\/v2\/tags?post=262069"}],"curies":[{"name":"wp","href":"https:\/\/api.w.org\/{rel}","templated":true}]}}