{"id":262077,"date":"2025-11-29T13:05:10","date_gmt":"2025-11-29T13:05:10","guid":{"rendered":"https:\/\/www.europesays.com\/es\/262077\/"},"modified":"2025-11-29T13:05:10","modified_gmt":"2025-11-29T13:05:10","slug":"la-exposicion-que-muestra-una-reflexion-entre-el-pasado-y-el-presente-del-hospital-de-salamanca","status":"publish","type":"post","link":"https:\/\/www.europesays.com\/es\/262077\/","title":{"rendered":"la exposici\u00f3n que muestra una reflexi\u00f3n entre el pasado y el presente del hospital de Salamanca"},"content":{"rendered":"<p class=\"paragraph-atom &#10;        A-500-300-700-N A-550-300-700-N--md  \">Por el 50\u00ba aniversario del Complejo Asistencial Universitario de Salamanca, el hall del CAUSA acoger\u00e1 hasta el 15 de diciembre una exposici\u00f3n titulada \u201cLa  arquitectura como huella temporal: reflexi\u00f3n pl\u00e1stica sobre el Hospital Universitario  de Salamanca\u201d, donde los alumnos expondr\u00e1n sus obras de la asignatura de Pintura y Escultura.<\/p>\n<p class=\"paragraph-atom &#10;        A-500-300-700-N A-550-300-700-N--md  \">En total se han expuesto 41 cuadros y 12 esculturas que har\u00e1n ver al espectador dos realidades, el edificio antiguo, derruido con el tiempo y en la memoria de los sanitarios, entrelaz\u00e1ndose con la nueva construcci\u00f3n, obra del presente y futuro de la capital del Tormes.<\/p>\n<p class=\"paragraph-atom &#10;        A-500-300-700-N A-550-300-700-N--md  \">De este modo, con esta exposici\u00f3n se busca \u201cuna met\u00e1fora de los ciclos de la memoria, aquello que  desaparece f\u00edsicamente, pero persiste simb\u00f3licamente en el espacio y en la  experiencia colectiva\u201d.<\/p>\n<p class=\"paragraph-atom &#10;        A-500-300-700-N A-550-300-700-N--md  \">Asimismo, destaca el antiguo cl\u00ednico con una representaci\u00f3n del conjunto de relaciones humanas, con sus sonidos y atm\u00f3sferas. El nuevo edificio dar\u00e1 como resultado esa conjunci\u00f3n que hablar\u00e1 por s\u00ed sola para dar la bienvenida al modernismo arquitect\u00f3nico de la ciudad. <\/p>\n","protected":false},"excerpt":{"rendered":"Por el 50\u00ba aniversario del Complejo Asistencial Universitario de Salamanca, el hall del CAUSA acoger\u00e1 hasta el 15&hellip;\n","protected":false},"author":2,"featured_media":262078,"comment_status":"","ping_status":"","sticky":false,"template":"","format":"standard","meta":{"footnotes":""},"categories":[173],"tags":[801,229,233,231,230,232,234,146,147,25,24,2003,2836,1156,23,19255],"class_list":{"0":"post-262077","1":"post","2":"type-post","3":"status-publish","4":"format-standard","5":"has-post-thumbnail","7":"category-arte-y-diseno","8":"tag-arquitectura","9":"tag-arte","10":"tag-arte-y-diseno","11":"tag-arts","12":"tag-arts-and-design","13":"tag-design","14":"tag-diseno","15":"tag-entertainment","16":"tag-entretenimiento","17":"tag-es","18":"tag-espana","19":"tag-exposicion","20":"tag-huella","21":"tag-muestra","22":"tag-spain","23":"tag-temporal"},"share_on_mastodon":{"url":"https:\/\/pubeurope.com\/@es\/115633135496078119","error":""},"_links":{"self":[{"href":"https:\/\/www.europesays.com\/es\/wp-json\/wp\/v2\/posts\/262077","targetHints":{"allow":["GET"]}}],"collection":[{"href":"https:\/\/www.europesays.com\/es\/wp-json\/wp\/v2\/posts"}],"about":[{"href":"https:\/\/www.europesays.com\/es\/wp-json\/wp\/v2\/types\/post"}],"author":[{"embeddable":true,"href":"https:\/\/www.europesays.com\/es\/wp-json\/wp\/v2\/users\/2"}],"replies":[{"embeddable":true,"href":"https:\/\/www.europesays.com\/es\/wp-json\/wp\/v2\/comments?post=262077"}],"version-history":[{"count":0,"href":"https:\/\/www.europesays.com\/es\/wp-json\/wp\/v2\/posts\/262077\/revisions"}],"wp:featuredmedia":[{"embeddable":true,"href":"https:\/\/www.europesays.com\/es\/wp-json\/wp\/v2\/media\/262078"}],"wp:attachment":[{"href":"https:\/\/www.europesays.com\/es\/wp-json\/wp\/v2\/media?parent=262077"}],"wp:term":[{"taxonomy":"category","embeddable":true,"href":"https:\/\/www.europesays.com\/es\/wp-json\/wp\/v2\/categories?post=262077"},{"taxonomy":"post_tag","embeddable":true,"href":"https:\/\/www.europesays.com\/es\/wp-json\/wp\/v2\/tags?post=262077"}],"curies":[{"name":"wp","href":"https:\/\/api.w.org\/{rel}","templated":true}]}}