{"id":262079,"date":"2025-11-29T13:07:16","date_gmt":"2025-11-29T13:07:16","guid":{"rendered":"https:\/\/www.europesays.com\/es\/262079\/"},"modified":"2025-11-29T13:07:16","modified_gmt":"2025-11-29T13:07:16","slug":"tienes-un-rollo-muy-bonito","status":"publish","type":"post","link":"https:\/\/www.europesays.com\/es\/262079\/","title":{"rendered":"Tienes un rollo muy bonito"},"content":{"rendered":"<p>Los fans de los talent shows est\u00e1n de enhorabuena porque desde hace ya unas cuantas semanas ha vuelto a nuestras pantallas uno de los m\u00e1s famosos de la televisi\u00f3n. Hablamos de <a href=\"https:\/\/www.lecturas.com\/television\/hablamos-teyou-sobre-sus-miedos-tras-ser-expulsada-ot-2025-soy-capaz-muchisimo-mas-que-pensaba_184854\" rel=\"nofollow noopener\" target=\"_blank\">\u2018Operaci\u00f3n Triunfo 2025\u2019<\/a>, programa del que han salido cantantes tan famosas como Aitana, Amaia o Lola \u00cdndigo y que ahora tiene entre las paredes de su ic\u00f3nica Academia a nuevos j\u00f3venes con esperanzas, ganas y mucho talento que cada semana se suben al escenario para dar lo mejor de ellos mismos.<\/p>\n<p>Estos luchan por ganarse el favor del jurado y del p\u00fablico, en cuyas manos descansa su futuro dentro de este programa, que podemos ver a trav\u00e9s de Amazon Prime Video. No hace mucho consigui\u00f3 salvarse de la expulsi\u00f3n Cristina, joven sevillana de 18 a\u00f1os que arras\u00f3 con un 84% de los votos tras su interpretaci\u00f3n de la canci\u00f3n &#8216;Gargantas con arena&#8217;, habiendo logrado ahora que <strong>Roc\u00edo Carrasco (48 a\u00f1os) haya querido enviarle un mensaje personal muy emocionante.<\/strong><\/p>\n<p>El mensaje de Roc\u00edo Carrasco para Cristina<\/p>\n<p>Tras la emisi\u00f3n de la gala n\u00famero 10, los siete concursantes que quedan se disputar\u00e1n el pr\u00f3ximo lunes uno de los cuatro puestos para la semifinal del concurso, un paso muy importante para todos ellos. La directora y el subdirector de la Academia, Noem\u00ed Galera y Manu Guix, repartieron los temas que les tocaba interpretar a cada uno hace unos d\u00edas, <strong>cayendo en manos de Cristina una canci\u00f3n de Roc\u00edo Jurado<\/strong>, \u2018Punto de partida\u2019. Se trata de uno de los singles m\u00e1s poderosos y recordados de la fallecida cantante, motivo por el que su hija, Roc\u00edo Carrasco, ha querido enviar un mensaje a la joven concursante a pocas horas de que act\u00fae en directo.<\/p>\n<blockquote class=\"twitter-tweet\" data-media-max-width=\"560\">\n<p dir=\"ltr\" lang=\"es\">\u00bf\u00a1QUEEEEE\u00c9!? Tenemos un mensaje de Roc\u00edo Carrasco para Cristina \ud83d\ude2d\ud83d\udc49\ud83c\udffb <a href=\"https:\/\/t.co\/7yFyaCRBwd\" rel=\"nofollow\">https:\/\/t.co\/7yFyaCRBwd<\/a> \ud83d\udca5 No os perd\u00e1is el <a href=\"https:\/\/twitter.com\/hashtag\/ConexionOT28N?src=hash&amp;ref_src=twsrc%5Etfw\" rel=\"nofollow noopener\" target=\"_blank\">#ConexionOT28N<\/a> en <a href=\"https:\/\/twitter.com\/PrimeVideoES?ref_src=twsrc%5Etfw\" rel=\"nofollow noopener\" target=\"_blank\">@PrimeVideoES<\/a> \ud83d\udc99 <a href=\"https:\/\/t.co\/mkMI5faPVn\" rel=\"nofollow\">pic.twitter.com\/mkMI5faPVn<\/a><\/p>\n<p>\u2014 Operaci\u00f3n Triunfo (@OT_Oficial) <a href=\"https:\/\/twitter.com\/OT_Oficial\/status\/1994492658761572484?ref_src=twsrc%5Etfw\" rel=\"nofollow noopener\" target=\"_blank\">November 28, 2025<\/a><\/p><\/blockquote>\n<p>\u201cHola Cris, soy Roc\u00edo. Me pasaba por aqu\u00ed para <strong>desearte todo el \u00e9xito del mundo<\/strong>\u201d, comenzaba explicando la hija de la ic\u00f3nica artista, siendo algo importante para Cristina. \u201cHe estado mirando los ensayos y me parece que <strong>tienes un rollo muy, muy bonito<\/strong>, as\u00ed que es lo \u00fanico que tienes que hacer en esta canci\u00f3n. Ponle ese rollo tuyo y ver\u00e1s como todo sale a pedir de boca\u201d, continuaba Roc\u00edo en este v\u00eddeo, que se grab\u00f3 desde una preciosa playa, queriendo tener un detalle con la concursante. \u201cTe mando mil besos\u201d, terminaba.<\/p>\n<p><img loading=\"lazy\" decoding=\"async\"   src=\"https:\/\/www.europesays.com\/es\/wp-content\/uploads\/2025\/11\/rocio-carrasco-en-ot_0efa8184_251129123625_1200x677.webp.webp\" alt=\"Roc\u00edo Carrasco en OT\" class=\"lazyload\" width=\"1200\" height=\"677\" data-aspectratio=\"1200\/677\"\/><\/p>\n<p>Roc\u00edo Carrasco ha enviado un mensaje a Cristina, una de las concursantes de &#8216;OT 2025&#8217;: \u00abTienes un rollo muy, muy bonito\u00bb.<\/p>\n<p>&#13;X<\/p>\n<p>Al acabar, le explicaban a Cristina que se trataba de la hija de Roc\u00edo Jurado, algo que ella misma ya conoc\u00eda. \u201cHostia, que fuerte\u201d, exclamaba la joven. \u201cMe muero. Oye, qu\u00e9 ilusi\u00f3n. Hablaba con la Dani que, all\u00e1 d\u00f3nde est\u00e9 Roc\u00edo, ojal\u00e1 le guste esta versi\u00f3n\u201d, comentaba la concursante.<\/p>\n<p><img loading=\"lazy\" decoding=\"async\"   src=\"https:\/\/www.europesays.com\/es\/wp-content\/uploads\/2025\/11\/cristina-de-ot-2025_daae8160_251129123634_1200x627.webp.webp\" alt=\"Cristina, de OT 2025\" class=\"lazyload\" width=\"1200\" height=\"627\" data-aspectratio=\"1200\/627\"\/><\/p>\n<p>La joven cantar\u00e1 esta semana una canci\u00f3n de Roc\u00edo Jurado y ten\u00eda un deseo:\u00a0\u201cOjal\u00e1 le guste esto que he hecho\u00bb.<\/p>\n<p>&#13;X<\/p>\n<p>\u201cElla era s\u00faper adelantada a su \u00e9poca, era hiper mega feminista, hac\u00eda cosas revolucionarias\u201d, explicaba, recordando la gran importancia de Roc\u00edo m\u00e1s all\u00e1 de su talento y su m\u00fasica. \u201c<strong>Ojal\u00e1 le guste esto que he hecho. He intentado traerla a este a\u00f1o y hacerla un poco m\u00e1s moderna<\/strong>, pero siempre desde el respeto y el amor porque es un temazo y lo trato con mucho respecto\u201d, se explicaba.<\/p>\n<p><img decoding=\"async\" src=\"https:\/\/www.europesays.com\/es\/wp-content\/uploads\/2025\/11\/lola-flores-y-antonio-flores_00000000_497da602_251129093442_800x800.webp.webp\" alt=\"lola flores y antonio flores\" class=\"image lazyload\"\/><img loading=\"lazy\" decoding=\"async\" src=\"https:\/\/www.europesays.com\/es\/wp-content\/uploads\/2025\/11\/lola-flores-y-antonio-flores_00000000_497da602_251129093446_1280x720.webp.webp\" alt=\"Sale a la luz el resultado de la autopsia de Antonio Flores: su hija Alba lo cuenta por primera vez\" class=\"image lazyload\" width=\"1280\" height=\"720\" data-aspectratio=\"1280\/720\"\/>El proyecto m\u00e1s atrevido de Roc\u00edo<\/p>\n<p>Este mensaje llega en un momento en el que Roc\u00edo est\u00e1 de actualidad gracias a <strong>su participaci\u00f3n en el programa \u2018Hasta el fin del mundo\u2019<\/strong>, de Televisi\u00f3n Espa\u00f1ola. En este reality recorre diferentes partes del mundo junto a otros rostros conocidos, siendo un programa lleno de aventuras y emociones. Esto es algo que afront\u00f3 con muchas ganas, sobre todo por poder experimentar el anonimato, algo que en Espa\u00f1a le es imposible.<\/p>\n<p><img loading=\"lazy\" decoding=\"async\"   src=\"https:\/\/www.europesays.com\/es\/wp-content\/uploads\/2025\/11\/anabel-duenas-y-rocio-carrasco_2dac65b7_251129125053_1200x719.webp.webp\" alt=\"Anabel Due\u00f1as y Roc\u00edo Carrasco\" class=\"lazyload\" width=\"1200\" height=\"719\" data-aspectratio=\"1200\/719\"\/><\/p>\n<p>Roc\u00edo est\u00e1 de actualidad gracias a su participaci\u00f3n en &#8216;Hasta el fin del mundo&#8217;, programa de TVE.<\/p>\n<p>&#13;La 1<\/p>\n<p>\u201c<strong>Tengo ganas de subirme a un autob\u00fas en el que nadie me conozca<\/strong>, hacer lo que tenga que hacer sin preocuparme de que me vean.\u00a0De cosas cotidianas. A m\u00ed eso me apetece mucho.\u00a0Vais a conocer a una nueva Roc\u00edo\u201d, explicaba. Y esto es algo que ha hecho junto a gente como Anabel Due\u00f1as, su compa\u00f1era de aventuras, y otras parejas entre las que se encuentran su gran amiga Alba Carrillo, Cristina Cifuentes o Yolanda Ramos.<\/p>\n<p><img decoding=\"async\" src=\"https:\/\/www.europesays.com\/es\/wp-content\/uploads\/2025\/11\/rocio-carrasco_21701f22_251126102605_800x800.webp.webp\" alt=\"Roc\u00edo Carrasco\" class=\"image lazyload\"\/><img loading=\"lazy\" decoding=\"async\" src=\"https:\/\/www.europesays.com\/es\/wp-content\/uploads\/2025\/11\/rocio-carrasco_21701f22_251126102616_1280x720.webp.webp\" alt=\"Roc\u00edo Carrasco se sincera sobre el mayor peligro que vivi\u00f3 en \u2018Hasta el fin del mundo\u2019\" class=\"image lazyload\" width=\"1280\" height=\"720\" data-aspectratio=\"1280\/720\"\/><br \/>\n<img loading=\"lazy\" decoding=\"async\"   src=\"https:\/\/www.europesays.com\/es\/wp-content\/uploads\/2025\/11\/hasta-el-fin-del-mundo-rocio-carrasco_3373e8c7_251129125153_1200x666.webp.webp\" alt=\"Hasta el fin del mundo Roc\u00edo Carrasco\" class=\"lazyload\" width=\"1200\" height=\"666\" data-aspectratio=\"1200\/666\"\/><\/p>\n<p>\u201cTengo ganas de subirme a un autob\u00fas en el que nadie me conozca, hacer lo que tenga que hacer sin preocuparme de que me vean\u00bb, explicaba antes de lanzarse a este reto.<\/p>\n<p>&#13;RTVE<\/p>\n<p>Todos han pasado varias semanas recorriendo m\u00e1s de 15.000 kil\u00f3metros y ocho pa\u00edses en unas condiciones nada f\u00e1ciles, constando cada pareja de dos mochilas, un GPS, un mapa y 1.300 euros para toda la experiencia.\u00a0<\/p>\n<p><script async src=\"https:\/\/platform.twitter.com\/widgets.js\" charset=\"utf-8\"><\/script><\/p>\n","protected":false},"excerpt":{"rendered":"Los fans de los talent shows est\u00e1n de enhorabuena porque desde hace ya unas cuantas semanas ha vuelto&hellip;\n","protected":false},"author":2,"featured_media":262080,"comment_status":"","ping_status":"","sticky":false,"template":"","format":"standard","meta":{"footnotes":""},"categories":[171],"tags":[146,147,25,24,23,214],"class_list":{"0":"post-262079","1":"post","2":"type-post","3":"status-publish","4":"format-standard","5":"has-post-thumbnail","7":"category-tv","8":"tag-entertainment","9":"tag-entretenimiento","10":"tag-es","11":"tag-espana","12":"tag-spain","13":"tag-tv"},"share_on_mastodon":{"url":"https:\/\/pubeurope.com\/@es\/115633143841297367","error":""},"_links":{"self":[{"href":"https:\/\/www.europesays.com\/es\/wp-json\/wp\/v2\/posts\/262079","targetHints":{"allow":["GET"]}}],"collection":[{"href":"https:\/\/www.europesays.com\/es\/wp-json\/wp\/v2\/posts"}],"about":[{"href":"https:\/\/www.europesays.com\/es\/wp-json\/wp\/v2\/types\/post"}],"author":[{"embeddable":true,"href":"https:\/\/www.europesays.com\/es\/wp-json\/wp\/v2\/users\/2"}],"replies":[{"embeddable":true,"href":"https:\/\/www.europesays.com\/es\/wp-json\/wp\/v2\/comments?post=262079"}],"version-history":[{"count":0,"href":"https:\/\/www.europesays.com\/es\/wp-json\/wp\/v2\/posts\/262079\/revisions"}],"wp:featuredmedia":[{"embeddable":true,"href":"https:\/\/www.europesays.com\/es\/wp-json\/wp\/v2\/media\/262080"}],"wp:attachment":[{"href":"https:\/\/www.europesays.com\/es\/wp-json\/wp\/v2\/media?parent=262079"}],"wp:term":[{"taxonomy":"category","embeddable":true,"href":"https:\/\/www.europesays.com\/es\/wp-json\/wp\/v2\/categories?post=262079"},{"taxonomy":"post_tag","embeddable":true,"href":"https:\/\/www.europesays.com\/es\/wp-json\/wp\/v2\/tags?post=262079"}],"curies":[{"name":"wp","href":"https:\/\/api.w.org\/{rel}","templated":true}]}}